{"id":271292,"date":"2025-12-04T19:31:17","date_gmt":"2025-12-04T19:31:17","guid":{"rendered":"https:\/\/www.europesays.com\/es\/271292\/"},"modified":"2025-12-04T19:31:17","modified_gmt":"2025-12-04T19:31:17","slug":"asi-es-retrato-alhambra-1925-la-foto-de-spencer-tunick-que-homenajea-a-andalucia-a-traves-de-los-desnudos-de-800-personas","status":"publish","type":"post","link":"https:\/\/www.europesays.com\/es\/271292\/","title":{"rendered":"As\u00ed es &#8216;Retrato Alhambra 1925&#8217;, la foto de Spencer Tunick que homenajea a Andaluc\u00eda a trav\u00e9s de los desnudos de 800 personas"},"content":{"rendered":"<p class=\"c-paragraph\">Cervezas Alhambra ha desvelado junto al artista neoyorquino Spencer Tunick la imagen definitiva de Retrato Alhambra 1925, la instalaci\u00f3n art\u00edstica <b>creada el pasado mes de septiembre en un olivar granadino<\/b> para conmemorar los cien a\u00f1os de la marca cervecera.<\/p>\n<p class=\"c-paragraph\">Procedentes de distintos puntos de Espa\u00f1a y de m\u00e1s de 25 pa\u00edses de Europa y Am\u00e9rica, en la convocatoria participaron <b>m\u00e1s de 800 voluntarios que posaron desnudos y cubiertos con una pintura verde<\/b> especialmente dise\u00f1ada para este proyecto. Siguiendo las instrucciones del artista, se integraron en el entorno natural para formar parte de una imagen de gran carga visual y simb\u00f3lica.<\/p>\n<p class=\"c-paragraph\"><b>Cada uno de ellos ha recibido una pieza \u00fanica en agradecimiento por su participaci\u00f3n en esta obra colectiva<\/b>: una copia impresa edici\u00f3n limitada de Retrato Alhambra 1925. Esta imagen final ha sido seleccionada por el artista y Cervezas Alhambra como la m\u00e1s representativa del esp\u00edritu del proyecto: una fusi\u00f3n po\u00e9tica entre los cuerpos desnudos, la naturaleza, el arte y la identidad andaluza.<\/p>\n<p class=\"c-paragraph\">La obra se desarroll\u00f3 el pasado 20 de septiembre, d\u00eda en el que Spencer Tunick realiz\u00f3, desde primeras horas de la ma\u00f1ana, diversas composiciones y encuadres en varias localizaciones del olivar, explorando las texturas, la luz y el di\u00e1logo entre los cuerpos y el paisaje andaluz.<\/p>\n<p class=\"c-paragraph\"><b>Concebida como homenaje a Andaluc\u00eda<\/b>, Retrato Alhambra 1925 consigue transmitir la profunda conexi\u00f3n entre su gente y el olivar, ese paisaje eterno que define la esencia, la memoria, la belleza y la sabidur\u00eda tranquila del sur.<\/p>\n<p class=\"c-paragraph\">\u00abEsta es la imagen en la que sent\u00ed que la naturaleza y las personas se convirtieron en una sola. El verde nos permiti\u00f3 borrar las fronteras entre el cuerpo humano y el paisaje de olivos, creando un retrato de Andaluc\u00eda que se siente arm\u00f3nico y sereno, pero que al mismo tiempo ensalza el paisaje natural, convirti\u00e9ndolo en una visi\u00f3n de ensue\u00f1o\u00bb, declar\u00f3 Spencer Tunick.<\/p>\n<p class=\"c-paragraph\">Con esta colaboraci\u00f3n, adem\u00e1s, Cervezas Alhambra ha contribuido a cumplir un deseo que, seg\u00fan ha manifestado Spencer Tunick, persegu\u00eda desde hace 15 a\u00f1os: <b>introducir el verde en uno de sus trabajos como s\u00edmbolo de la uni\u00f3n<\/b> entre el cuerpo humano y la naturaleza.<\/p>\n<p class=\"c-paragraph\">Con Retrato Alhambra 1925, Cervezas Alhambra contin\u00faa reafirmando su compromiso con la creaci\u00f3n de autor y con Andaluc\u00eda, apoyando <b>proyectos que invitan a mirar el entorno sin prisa<\/b> desde la sensibilidad y la originalidad.<\/p>\n<p class=\"c-paragraph\">Retrato Alhambra 1925, la primera instalaci\u00f3n art\u00edstica de Spencer Tunick en Andaluc\u00eda, consolida a Granada y a su olivar -indiscutible s\u00edmbolo de identidad cultural andaluza- como escenario de <b>una de las obras m\u00e1s simb\u00f3licas de Tunick<\/b>, el artista neoyorquino que es conocido mundialmente por su capacidad para transformar los paisajes humanos en arte.<\/p>\n","protected":false},"excerpt":{"rendered":"Cervezas Alhambra ha desvelado junto al artista neoyorquino Spencer Tunick la imagen definitiva de Retrato Alhambra 1925, la&hellip;\n","protected":false},"author":2,"featured_media":271293,"comment_status":"","ping_status":"","sticky":false,"template":"","format":"standard","meta":{"footnotes":""},"categories":[173],"tags":[66596,35378,229,233,231,230,8722,232,234,146,147,25,24,14017,23],"class_list":{"0":"post-271292","1":"post","2":"type-post","3":"status-publish","4":"format-standard","5":"has-post-thumbnail","7":"category-arte-y-diseno","8":"tag-66596","9":"tag-alhambra","10":"tag-arte","11":"tag-arte-y-diseno","12":"tag-arts","13":"tag-arts-and-design","14":"tag-asi","15":"tag-design","16":"tag-diseno","17":"tag-entertainment","18":"tag-entretenimiento","19":"tag-es","20":"tag-espana","21":"tag-retrato","22":"tag-spain"},"share_on_mastodon":{"url":"https:\/\/pubeurope.com\/@es\/115662964890520889","error":""},"_links":{"self":[{"href":"https:\/\/www.europesays.com\/es\/wp-json\/wp\/v2\/posts\/271292","targetHints":{"allow":["GET"]}}],"collection":[{"href":"https:\/\/www.europesays.com\/es\/wp-json\/wp\/v2\/posts"}],"about":[{"href":"https:\/\/www.europesays.com\/es\/wp-json\/wp\/v2\/types\/post"}],"author":[{"embeddable":true,"href":"https:\/\/www.europesays.com\/es\/wp-json\/wp\/v2\/users\/2"}],"replies":[{"embeddable":true,"href":"https:\/\/www.europesays.com\/es\/wp-json\/wp\/v2\/comments?post=271292"}],"version-history":[{"count":0,"href":"https:\/\/www.europesays.com\/es\/wp-json\/wp\/v2\/posts\/271292\/revisions"}],"wp:featuredmedia":[{"embeddable":true,"href":"https:\/\/www.europesays.com\/es\/wp-json\/wp\/v2\/media\/271293"}],"wp:attachment":[{"href":"https:\/\/www.europesays.com\/es\/wp-json\/wp\/v2\/media?parent=271292"}],"wp:term":[{"taxonomy":"category","embeddable":true,"href":"https:\/\/www.europesays.com\/es\/wp-json\/wp\/v2\/categories?post=271292"},{"taxonomy":"post_tag","embeddable":true,"href":"https:\/\/www.europesays.com\/es\/wp-json\/wp\/v2\/tags?post=271292"}],"curies":[{"name":"wp","href":"https:\/\/api.w.org\/{rel}","templated":true}]}}