{"id":271294,"date":"2025-12-04T19:33:10","date_gmt":"2025-12-04T19:33:10","guid":{"rendered":"https:\/\/www.europesays.com\/es\/271294\/"},"modified":"2025-12-04T19:33:10","modified_gmt":"2025-12-04T19:33:10","slug":"ficha-a-juanra-bonet-para-presentar-alla-tu-que-pierde-a-jesus-vazquez","status":"publish","type":"post","link":"https:\/\/www.europesays.com\/es\/271294\/","title":{"rendered":"ficha a Juanra Bonet para presentar &#8216;All\u00e1 t\u00fa&#8217;, que pierde a Jes\u00fas V\u00e1zquez"},"content":{"rendered":"<p class=\"article-text\">\n        <strong>Juanra Bonet<\/strong> deja <strong>Atresmedia <\/strong>y vuelve a <strong>Mediaset<\/strong> para presentar la nueva etapa del concurso de Telecinco <strong>\u00a1All\u00e1 t\u00fa!<\/strong>, tal y como ha anunciado este jueves el grupo de Fuencarral.\n    <\/p>\n<p>    <a href=\"https:\/\/www.eldiario.es\/vertele\/noticias\/first-dates-cita-tensa-discusion-solteros-cortais-bofetada-limpia_1_12820670.html\" data-mrf-recirculation=\"saber-mas\" data-dl-event=\"saber-mas\" rel=\"nofollow noopener\" target=\"_blank\"><\/p>\n<p class=\"know-more__title\">&#8216;First Dates&#8217; vive su cita m\u00e1s tensa con la discusi\u00f3n de dos solteros: \u00abSi no cort\u00e1is esto acabaremos a bofetada limpia\u00bb<\/p>\n<p>            <img decoding=\"async\" class=\"lazy\" loading=\"lazy\" data-src=\"https:\/\/static.eldiario.es\/clip\/239929af-6657-4aeb-9b71-3bacbf777e5c_16-9-aspect-ratio_default_0.jpg\" src=\"data:image\/svg+xml,%3Csvg xmlns=\" http:=\"\" viewbox=\"0 0 880 495\" alt=\"'First Dates' vive su cita m\u00e1s tensa con la discusi\u00f3n de dos solteros: &quot;Si no cort\u00e1is esto acabaremos a bofetada limpia&quot;\"\/><\/p>\n<p>                        <\/a><\/p>\n<p class=\"article-text\">\n        La llegada de Bonet al programa de &#8216;las cajas&#8217; supone la salida de <strong>Jes\u00fas V\u00e1zquez<\/strong>, quien fuera su presentador hasta hace solo unos meses.\n    <\/p>\n<p class=\"article-text\">\n        Se desconoce si V\u00e1zquez seguir\u00e1 ligado a Mediaset o, por el contrario, pondr\u00e1 rumbo a alguna otra empresa. El pasado mes de septiembre sugiri\u00f3 que <a href=\"https:\/\/www.eldiario.es\/vertele\/noticias\/jesus-vazquez-insinua-marchara-mediaset-cuando-acabe-bailando-con-las-estrellas-voy-ser-libre_1_12600600.html\" target=\"_blank\" data-mrf-recirculation=\"links-noticia\" class=\"link\" rel=\"nofollow noopener\">buscar\u00eda nuevas ofertas laborales<\/a> cuando terminase la \u00faltima edici\u00f3n de <strong>Bailando con las estrellas<\/strong>. \u201cEstoy en un momento profesional en el que quiero ser due\u00f1o de mi tiempo y ser libre. Entonces, seguramente, despu\u00e9s de este programa tomar\u00e9 ese camino\u201d, explic\u00f3 en una entrevista con <a href=\"https:\/\/eltelevisero.huffingtonpost.es\/2025\/09\/exclusiva-jesus-vazquez-desliza-su-adios-a-telecinco-en-enero-soy-libre-y-empezare-a-pensar-lo-que-quiero\/\" target=\"_blank\" data-mrf-recirculation=\"links-noticia\" class=\"link\" rel=\"nofollow noopener\">El Televisero<\/a>. El talent de baile finaliz\u00f3 el 29 de noviembre.\n    <\/p>\n<p class=\"article-text\">\n        <strong>Telecinco <\/strong>y <strong>Gestmusic <\/strong>ya han iniciado la producci\u00f3n de las nuevas entregas del formato, que regresar\u00e1 pr\u00f3ximamente a la cadena.\n    <\/p>\n<p>    <a href=\"https:\/\/www.eldiario.es\/vertele\/noticias\/espana-retira-eurovision-rtve-anuncia-abandona-festival-confirmarse-participacion-israel_1_12820481.html\" data-mrf-recirculation=\"saber-mas-abajo\" data-dl-event=\"saber-mas-abajo\" rel=\"nofollow noopener\" target=\"_blank\"><\/p>\n<p class=\"know-more__title\">Espa\u00f1a se retira de Eurovisi\u00f3n: RTVE anuncia que abandona el festival tras confirmarse la participaci\u00f3n de Israel<\/p>\n<p>            <img decoding=\"async\" class=\"lazy\" loading=\"lazy\" data-src=\"https:\/\/static.eldiario.es\/clip\/bd68b5bf-5b78-484b-a037-79e1d06c5d0d_16-9-aspect-ratio_default_0.jpg\" src=\"data:image\/svg+xml,%3Csvg xmlns=\" http:=\"\" viewbox=\"0 0 880 495\" alt=\"Espa\u00f1a se retira de Eurovisi\u00f3n: RTVE anuncia que abandona el festival tras confirmarse la participaci\u00f3n de Israel\"\/><\/p>\n<p>                        <\/a><\/p>\n<p class=\"article-text\">\n        (*) Noticia en elaboraci\u00f3n\n    <\/p>\n","protected":false},"excerpt":{"rendered":"Juanra Bonet deja Atresmedia y vuelve a Mediaset para presentar la nueva etapa del concurso de Telecinco \u00a1All\u00e1&hellip;\n","protected":false},"author":2,"featured_media":271295,"comment_status":"","ping_status":"","sticky":false,"template":"","format":"standard","meta":{"footnotes":""},"categories":[171],"tags":[15059,21544,146,147,25,24,1750,38778,21543,5785,23,692,214],"class_list":{"0":"post-271294","1":"post","2":"type-post","3":"status-publish","4":"format-standard","5":"has-post-thumbnail","7":"category-tv","8":"tag-alla-tu","9":"tag-bonet","10":"tag-entertainment","11":"tag-entretenimiento","12":"tag-es","13":"tag-espana","14":"tag-ficha","15":"tag-jesus-vazquez","16":"tag-juanra","17":"tag-sorpresa","18":"tag-spain","19":"tag-telecinco","20":"tag-tv"},"share_on_mastodon":{"url":"https:\/\/pubeurope.com\/@es\/115662973225894228","error":""},"_links":{"self":[{"href":"https:\/\/www.europesays.com\/es\/wp-json\/wp\/v2\/posts\/271294","targetHints":{"allow":["GET"]}}],"collection":[{"href":"https:\/\/www.europesays.com\/es\/wp-json\/wp\/v2\/posts"}],"about":[{"href":"https:\/\/www.europesays.com\/es\/wp-json\/wp\/v2\/types\/post"}],"author":[{"embeddable":true,"href":"https:\/\/www.europesays.com\/es\/wp-json\/wp\/v2\/users\/2"}],"replies":[{"embeddable":true,"href":"https:\/\/www.europesays.com\/es\/wp-json\/wp\/v2\/comments?post=271294"}],"version-history":[{"count":0,"href":"https:\/\/www.europesays.com\/es\/wp-json\/wp\/v2\/posts\/271294\/revisions"}],"wp:featuredmedia":[{"embeddable":true,"href":"https:\/\/www.europesays.com\/es\/wp-json\/wp\/v2\/media\/271295"}],"wp:attachment":[{"href":"https:\/\/www.europesays.com\/es\/wp-json\/wp\/v2\/media?parent=271294"}],"wp:term":[{"taxonomy":"category","embeddable":true,"href":"https:\/\/www.europesays.com\/es\/wp-json\/wp\/v2\/categories?post=271294"},{"taxonomy":"post_tag","embeddable":true,"href":"https:\/\/www.europesays.com\/es\/wp-json\/wp\/v2\/tags?post=271294"}],"curies":[{"name":"wp","href":"https:\/\/api.w.org\/{rel}","templated":true}]}}