{"id":271296,"date":"2025-12-04T19:34:12","date_gmt":"2025-12-04T19:34:12","guid":{"rendered":"https:\/\/www.europesays.com\/es\/271296\/"},"modified":"2025-12-04T19:34:12","modified_gmt":"2025-12-04T19:34:12","slug":"steve-harris-no-piensa-en-retirarse-obituary-en-iberoamerica-escucha-el-disco-de-enthroned","status":"publish","type":"post","link":"https:\/\/www.europesays.com\/es\/271296\/","title":{"rendered":"Steve Harris no piensa en retirarse. OBITUARY en Iberoam\u00e9rica. Escucha el disco de ENTHRONED."},"content":{"rendered":"<p>\u00a0<\/p>\n<p style=\"text-align: center;\"><strong><a href=\"#Harris\">IRON MAIDEN: Steve Harris no piensa en retirarse<\/a>. <a href=\"#OBITUARY\">OBITUARY en Iberoam\u00e9rica<\/a>. <a href=\"#ENTHRONED2\">Escucha el disco de ENTHRONED<\/a>.<\/strong><\/p>\n<p>El bajista de <a href=\"https:\/\/www.ironmaiden.com\/run-for-your-lives-north-america\/\" target=\"_blank\" rel=\"noopener nofollow\"><strong>IRON MAIDEN<\/strong><\/a> <strong>Steve Harris<\/strong> ha hablado del retiro en una entrevista con Kerrang!.<\/p>\n<p>En plena gira con <strong>BRITISH LION<\/strong> comenta sobre <a href=\"https:\/\/www.ironmaiden.com\/run-for-your-lives-north-america\/\" target=\"_blank\" rel=\"noopener nofollow\"><strong>IRON MAIDEN<\/strong><\/a>:<\/p>\n<p>\u00abNo estoy pensando en retirarme, aunque todos sabemos que llegar\u00e1 alg\u00fan momento en el que te ver\u00e1s obligado a ello por una cosa u otra. Sigo manteni\u00e9ndome en forma, juego al f\u00fatbol y al tenis, pero nunca sabes que te espera a la vuelta de la esquina. Por eso tienes que aprovechar al m\u00e1ximo mientras puedas, salir y disfrutar cada concierto solo por hacerlo. Llevo diciendo eso 10 a\u00f1os, pero ahora es m\u00e1s cierto que nunca. En cierto sentido me asusta un poco pisar el freno, y hacer conciertos como los de BRITISH LION me vuelven a hacer sentir como antes. Son muy similares en muchos aspectos. Es ese sentimiento de salir a luchar por la banda, intentando congregar la mayor cantidad de gente posible y probarte cada para intentar estar donde quieres estar.\u201d<\/p>\n<p>\u00abCon <a href=\"https:\/\/www.ironmaiden.com\/run-for-your-lives-north-america\/\" target=\"_blank\" rel=\"noopener nofollow\"><strong>IRON MAIDEN<\/strong><\/a> , intentamos que un gran recinto parezca un club. Pero cuanto m\u00e1s grande se hace la banda, m\u00e1s dif\u00edcil se vuelve. Rod Smallwood, m\u00e1nager, nos dice que tenemos que hacer un concierto de precalentamiento y resulta que el \u2018precalentamiento\u2019 es frente a 20.000 personas. Ponemos pasarelas y cosas as\u00ed, pero luego simplemente empujan la barrera del p\u00fablico cada vez m\u00e1s lejos\u00bb.<\/p>\n<p>\u00abA eso es justo a lo que <a href=\"https:\/\/www.ironmaiden.com\/run-for-your-lives-north-america\/\" target=\"_blank\" rel=\"noopener nofollow\"><strong>IRON MAIDEN<\/strong><\/a> ha llegado, y no lo critico en absoluto. Pero tengo suerte porque todav\u00eda puedo hacer ambas cosas. Puedo tocar una noche para [quiz\u00e1s 100.000] y luego otra para 400 o 500 personas. Todos venimos de donde venimos. Al final, se trata de volver a la base y tratar con gente real. Realmente no tengo que hablar mucho con los promotores. Nuestro m\u00e1nager de gira se encarga de eso. \u00a1La mayor\u00eda de las veces termino hablando con el personal del bar o con quien est\u00e9 cerca!!<\/p>\n<p>Ten\u00e9is la charla completa en este <a href=\"https:\/\/www.kerrang.com\/steve-harris-people-think-im-crazy-but-i-just-love-to-play-especially-in-these-small-venues-british-lion-grassroots-venues\" target=\"_blank\" rel=\"noopener nofollow\">enlace<\/a>.<\/p>\n<p><img fetchpriority=\"high\" decoding=\"async\" src=\"https:\/\/www.europesays.com\/es\/wp-content\/uploads\/2025\/12\/british_lion_barna2025_1_500x267.jpg\" alt=\"B LION\" width=\"500\" height=\"267\"\/><\/p>\n<p><a href=\"https:\/\/www.ironmaiden.com\/run-for-your-lives-north-america\/\" target=\"_blank\" rel=\"noopener nofollow\"><strong>IRON MAIDEN<\/strong><\/a> han anunciado recientemente una nueva <a href=\"https:\/\/www.rafabasa.com\/2025\/10\/23\/iron-maiden-anuncian-la-gira-norteamericana-run-for-your-lives-con-megadeth-y-anthrax-de-teloneros\/\" rel=\"nofollow noopener\" target=\"_blank\">gira norteamericana<\/a>.<\/p>\n<p>El cl\u00e1sico directo de <a href=\"https:\/\/www.ironmaiden.com\/\" target=\"_blank\" rel=\"noopener nofollow\"><strong>IRON MAIDEN<\/strong><\/a> \u201cLive After Death\u201d ser\u00e1 reeditado el 28 de noviembre en Europa y el 12 de diciembre en EE UU por Parlophone Records en doble vinilo de color.<\/p>\n<p>Todos los detalles en esta <a href=\"https:\/\/www.rafabasa.com\/2025\/10\/14\/iron-maiden-heavy-pettin-drums-of-war-fest\/#IRON_MAIDEN\" rel=\"nofollow noopener\" target=\"_blank\">noticia<\/a>.<\/p>\n<p>En Espa\u00f1a tocar\u00e1n en ROCK IMPERIUM y RESURRECTION FEST<\/p>\n<p>Nuestra cr\u00f3nica de sus conciertos en <a href=\"https:\/\/www.rafabasa.com\/2025\/07\/06\/cronica-y-fotos-de-iron-maiden-avatar-en-madrid\/\" target=\"_blank\" rel=\"noopener nofollow\">Madrid<\/a> y <a href=\"https:\/\/www.rafabasa.com\/2025\/07\/10\/cronica-y-fotos-de-iron-maiden-avatar-en-lisboa\/\" target=\"_blank\" rel=\"noopener nofollow\">Lisboa<\/a> en sus respectivos enlaces.<\/p>\n<p>Se est\u00e1 preparando un <a href=\"https:\/\/www.rafabasa.com\/2025\/03\/14\/iron-maiden-cancer-soul-sign\/#IRON_MAIDEN\" target=\"_blank\" rel=\"noopener nofollow\">documental oficial<\/a> sobre la banda con Universal Pictures y saldr\u00e1 a primeros de 2026.<\/p>\n<p>\u00a0<\/p>\n<p>\u00a0<\/p>\n<p><strong>OBITUARY<\/strong> han anunciado las siguientes fechas en Iberoam\u00e9rica:<\/p>\n<p>Febrero<\/p>\n<ul>\n<li>5 Circo Volador, Ciudad de M\u00e9xico, M\u00e9xico<\/li>\n<li>7 Pepper\u2019s, San Jos\u00e9, Costa Rica<\/li>\n<li>8 Ace of Spades, Bogot\u00e1, Colombia<\/li>\n<li>10 Teatro Kantaro, Lima, Per\u00fa<\/li>\n<li>13 Club Segundo Piso, Valpara\u00edso, Chile<\/li>\n<li>14 Teatro Cariola, Santiago, Chile<\/li>\n<li>15 La Bodeguita De Nicanor, Concepci\u00f3n, Chile<\/li>\n<li>17 Live Era, Montevideo, Uruguay<\/li>\n<li>18 El Teatrito, Buenos Aires, Argentina<\/li>\n<li>20 Mister Rock, Belo Horizonte, Brasil<\/li>\n<li>21 Carioca Club, Sao Paulo, Brasil<\/li>\n<li>22 Tork N Roll, Curitiba, Brasil<\/li>\n<li>24 Agyto, Rio De Janeiro, Brasil<\/li>\n<li>25 Toinha, Brasilia, Brasil<\/li>\n<\/ul>\n<p>La banda no tiene claro cuando grabar\u00e1 su <a href=\"https:\/\/www.rafabasa.com\/2025\/09\/04\/primal-fear-obituary-autograph\/#OBITUARY\" rel=\"nofollow noopener\" target=\"_blank\">pr\u00f3ximo disco<\/a>.<\/p>\n<p>En este\u00a0<a href=\"https:\/\/www.rafabasa.com\/2023\/01\/15\/obituary-mystic-circle-abstrakt-algebra\/#OBITUARY\" target=\"_blank\" rel=\"noopener nofollow\">bloque<\/a>\u00a0pod\u00e9is escuchar \u00edntegro su \u00faltimo disco \u201cDying Of Everything\u201d, aparecido el 13 de enero de 2023 a trav\u00e9s de Relapse Records.<\/p>\n<p>Todos los detalles en esta\u00a0<a href=\"https:\/\/www.rafabasa.com\/2022\/11\/10\/metallica-obituary-lee-aaron\/#OBITUARY\" target=\"_blank\" rel=\"noopener nofollow\">noticia<\/a>\u00a0y los v\u00eddeos aparecidos en\u00a0<a href=\"https:\/\/www.rafabasa.com\/2023\/01\/05\/accept-obituary-steevie-jaimz\/#OBITUARY\" target=\"_blank\" rel=\"noopener nofollow\">esta<\/a>.<\/p>\n<p>\u00a0<\/p>\n<p>A continuaci\u00f3n pod\u00e9is escuchar \u00edntegro el nuevo disco de <a href=\"https:\/\/www.facebook.com\/Frater.Silurian\" target=\"_blank\" rel=\"noopener nofollow\"><strong>ENTHRONED<\/strong><\/a> \u201cAshspawn\u201d, dispuesto para el 5 de diciembre a trav\u00e9s de Season Of Mist.<\/p>\n<p>M\u00e1s detalles en esta <a href=\"https:\/\/www.rafabasa.com\/2025\/09\/23\/korn-enthroned-wytch-hazel\/#ENTHRONED\" rel=\"nofollow noopener\" target=\"_blank\">noticia<\/a> y su \u00faltimo v\u00eddeo en <a href=\"https:\/\/www.rafabasa.com\/2025\/10\/16\/steve-vai-enthroned-electric-boys\/#ENTHRONED\" rel=\"nofollow noopener\" target=\"_blank\">esta<\/a>.<\/p>\n<p>\u00a0<\/p>\n<p align=\"center\"><strong>Sigue el\u00a0<a href=\"https:\/\/whatsapp.com\/channel\/0029VaCprxVBA1f555USvT2O\" target=\"_blank\" rel=\"nofollow noopener\">Canal de RAFABASA.COM en WhatsApp<\/a>, donde encontrar\u00e1s todas nuestras novedades al instante<\/strong><\/p>\n<p>\u00a0<\/p>\n<p>\u00a0<\/p>\n<p>\u00a0<\/p>\n<p>\u00a0<\/p>\n<p>\u00a0<\/p>\n","protected":false},"excerpt":{"rendered":"\u00a0 IRON MAIDEN: Steve Harris no piensa en retirarse. OBITUARY en Iberoam\u00e9rica. Escucha el disco de ENTHRONED. El&hellip;\n","protected":false},"author":2,"featured_media":271297,"comment_status":"","ping_status":"","sticky":false,"template":"","format":"standard","meta":{"footnotes":""},"categories":[170],"tags":[146,42850,147,25,24,477,184,185,33770,23],"class_list":{"0":"post-271296","1":"post","2":"type-post","3":"status-publish","4":"format-standard","5":"has-post-thumbnail","7":"category-musica","8":"tag-entertainment","9":"tag-enthroned","10":"tag-entretenimiento","11":"tag-es","12":"tag-espana","13":"tag-iron-maiden","14":"tag-music","15":"tag-musica","16":"tag-obituary","17":"tag-spain"},"share_on_mastodon":{"url":"https:\/\/pubeurope.com\/@es\/115662977662881592","error":""},"_links":{"self":[{"href":"https:\/\/www.europesays.com\/es\/wp-json\/wp\/v2\/posts\/271296","targetHints":{"allow":["GET"]}}],"collection":[{"href":"https:\/\/www.europesays.com\/es\/wp-json\/wp\/v2\/posts"}],"about":[{"href":"https:\/\/www.europesays.com\/es\/wp-json\/wp\/v2\/types\/post"}],"author":[{"embeddable":true,"href":"https:\/\/www.europesays.com\/es\/wp-json\/wp\/v2\/users\/2"}],"replies":[{"embeddable":true,"href":"https:\/\/www.europesays.com\/es\/wp-json\/wp\/v2\/comments?post=271296"}],"version-history":[{"count":0,"href":"https:\/\/www.europesays.com\/es\/wp-json\/wp\/v2\/posts\/271296\/revisions"}],"wp:featuredmedia":[{"embeddable":true,"href":"https:\/\/www.europesays.com\/es\/wp-json\/wp\/v2\/media\/271297"}],"wp:attachment":[{"href":"https:\/\/www.europesays.com\/es\/wp-json\/wp\/v2\/media?parent=271296"}],"wp:term":[{"taxonomy":"category","embeddable":true,"href":"https:\/\/www.europesays.com\/es\/wp-json\/wp\/v2\/categories?post=271296"},{"taxonomy":"post_tag","embeddable":true,"href":"https:\/\/www.europesays.com\/es\/wp-json\/wp\/v2\/tags?post=271296"}],"curies":[{"name":"wp","href":"https:\/\/api.w.org\/{rel}","templated":true}]}}