{"id":271299,"date":"2025-12-04T19:36:14","date_gmt":"2025-12-04T19:36:14","guid":{"rendered":"https:\/\/www.europesays.com\/es\/271299\/"},"modified":"2025-12-04T19:36:14","modified_gmt":"2025-12-04T19:36:14","slug":"osasuna-y-siroko-lanzan-una-coleccion-de-ciclismo","status":"publish","type":"post","link":"https:\/\/www.europesays.com\/es\/271299\/","title":{"rendered":"Osasuna y Siroko lanzan una colecci\u00f3n de ciclismo"},"content":{"rendered":"<p style=\"text-align: left;\">El Club Atl\u00e9tico Osasuna y Siroko han alcanzado un acuerdo de colaboraci\u00f3n para lanzar una l\u00ednea de ropa de ciclismo. Con el soporte de esta firma especializada, la entidad ha querido ofrecer un producto a sus aficionados amantes del ciclismo, un deporte con un gran n\u00famero de adeptos en Navarra. La l\u00ednea de ciclismo rojilla ya est\u00e1 disponible en la <a href=\"https:\/\/www.siroko.com\/es\/c\/coleccion-ciclismo-club-atletico-osasuna-hombre\" target=\"_blank\" rel=\"nofollow noopener\">tienda online de Siroko<\/a>, donde puede consultarse la colecci\u00f3n y adquirir productos.<\/p>\n<p style=\"text-align: left;\">La colecci\u00f3n que Siroko ha dise\u00f1ado para Osasuna en exclusiva tiene como productos centrales dos maillots con el escudo del club en el pecho. El primero de ellos combina los tradicionales rojo y azul de la entidad a trav\u00e9s de surcos y degradados; mientras que el otro es m\u00e1s sobrio, en negro y gris, ideado para practicar ciclismo de monta\u00f1a a trav\u00e9s de agua y barro. Asimismo, la colecci\u00f3n consta de dos cortavientos a juego con ambos maillots, una base layer (camiseta interior) blanca ligera y transpirable, un culote negro con tirantes, dos modelos de calcetines, un bid\u00f3n, una braga para el cuello y una gorra.<\/p>\n","protected":false},"excerpt":{"rendered":"El Club Atl\u00e9tico Osasuna y Siroko han alcanzado un acuerdo de colaboraci\u00f3n para lanzar una l\u00ednea de ropa&hellip;\n","protected":false},"author":2,"featured_media":271300,"comment_status":"","ping_status":"","sticky":false,"template":"","format":"standard","meta":{"footnotes":""},"categories":[93],"tags":[168,25,24,23,167],"class_list":{"0":"post-271299","1":"post","2":"type-post","3":"status-publish","4":"format-standard","5":"has-post-thumbnail","7":"category-deportes","8":"tag-deportes","9":"tag-es","10":"tag-espana","11":"tag-spain","12":"tag-sports"},"share_on_mastodon":{"url":"https:\/\/pubeurope.com\/@es\/115662984883026765","error":""},"_links":{"self":[{"href":"https:\/\/www.europesays.com\/es\/wp-json\/wp\/v2\/posts\/271299","targetHints":{"allow":["GET"]}}],"collection":[{"href":"https:\/\/www.europesays.com\/es\/wp-json\/wp\/v2\/posts"}],"about":[{"href":"https:\/\/www.europesays.com\/es\/wp-json\/wp\/v2\/types\/post"}],"author":[{"embeddable":true,"href":"https:\/\/www.europesays.com\/es\/wp-json\/wp\/v2\/users\/2"}],"replies":[{"embeddable":true,"href":"https:\/\/www.europesays.com\/es\/wp-json\/wp\/v2\/comments?post=271299"}],"version-history":[{"count":0,"href":"https:\/\/www.europesays.com\/es\/wp-json\/wp\/v2\/posts\/271299\/revisions"}],"wp:featuredmedia":[{"embeddable":true,"href":"https:\/\/www.europesays.com\/es\/wp-json\/wp\/v2\/media\/271300"}],"wp:attachment":[{"href":"https:\/\/www.europesays.com\/es\/wp-json\/wp\/v2\/media?parent=271299"}],"wp:term":[{"taxonomy":"category","embeddable":true,"href":"https:\/\/www.europesays.com\/es\/wp-json\/wp\/v2\/categories?post=271299"},{"taxonomy":"post_tag","embeddable":true,"href":"https:\/\/www.europesays.com\/es\/wp-json\/wp\/v2\/tags?post=271299"}],"curies":[{"name":"wp","href":"https:\/\/api.w.org\/{rel}","templated":true}]}}