{"id":271301,"date":"2025-12-04T19:37:17","date_gmt":"2025-12-04T19:37:17","guid":{"rendered":"https:\/\/www.europesays.com\/es\/271301\/"},"modified":"2025-12-04T19:37:17","modified_gmt":"2025-12-04T19:37:17","slug":"como-la-vacuna-contra-el-herpes-zoster-podria-prevenir-y-ralentizar-la-demencia-en-personas-60","status":"publish","type":"post","link":"https:\/\/www.europesays.com\/es\/271301\/","title":{"rendered":"C\u00f3mo la vacuna contra el herpes z\u00f3ster podr\u00eda prevenir y ralentizar la demencia en personas +60"},"content":{"rendered":"<p><img alt=\"La vacuna contra el herpes\" class=\"global-image\" decoding=\"async\" fetchpriority=\"high\" height=\"816\" loading=\"eager\" src=\"https:\/\/www.europesays.com\/es\/wp-content\/uploads\/2025\/12\/H6MOWUU45ZEYVIHWMGMND45A54.jpg\" width=\"1456\"\/>La vacuna contra el herpes z\u00f3ster se asocia con un veinte por ciento menos de riesgo de desarrollar demencia en adultos mayores (Imagen Ilustrativa Infobae)<\/p>\n<p class=\"paragraph\">Un an\u00e1lisis de los <b>registros m\u00e9dicos de adultos mayores en Gales<\/b> ha revelado que la <b>vacuna contra el herpes z\u00f3ster<\/b> podr\u00eda prevenir y ralentizar la<a href=\"https:\/\/www.infobae.com\/tag\/demencia\/\" target=\"_blank\" rel=\"noreferrer nofollow noopener\" title=\"https:\/\/www.infobae.com\/tag\/demencia\/\"> <b>demencia.<\/b><\/a> Esta investigaci\u00f3n, liderada por el <b>Centro M\u00e9dico de la Universidad de Stanford<\/b>, se apoya en una pol\u00edtica de vacunaci\u00f3n inusual implementada en Gales, que permiti\u00f3 a los cient\u00edficos aislar el efecto de la vacuna de otros factores de salud y estilo de vida.<\/p>\n<p class=\"paragraph\">El estudio, <a href=\"https:\/\/www.nature.com\/articles\/s41586-025-08800-x\" target=\"_blank\" rel=\"noreferrer nofollow noopener\" title=\"https:\/\/www.nature.com\/articles\/s41586-025-08800-x\">publicado<\/a> inicialmente en Nature, examin\u00f3 los historiales de m\u00e1s de <b>280 mil personas de entre 71 y 88 a\u00f1os<\/b> que no presentaban demencia al inicio del programa de vacunaci\u00f3n. Ahora, se <a href=\"https:\/\/www.cell.com\/cell\/fulltext\/S0092-8674(25)01256-5?_returnURL=https%3A%2F%2Flinkinghub.elsevier.com%2Fretrieve%2Fpii%2FS0092867425012565%3Fshowall%3Dtrue\" target=\"_blank\" rel=\"noreferrer nofollow noopener\" title=\"https:\/\/www.cell.com\/cell\/fulltext\/S0092-8674(25)01256-5?_returnURL=https%3A%2F%2Flinkinghub.elsevier.com%2Fretrieve%2Fpii%2FS0092867425012565%3Fshowall%3Dtrue\">divulg\u00f3<\/a> un seguimiento del trabajo en la revista Cell.<\/p>\n<p class=\"paragraph\">Los investigadores centraron su an\u00e1lisis en quienes se encontraban justo en el umbral de elegibilidad: aquellos que cumplieron <b>80 a\u00f1os <\/b>la semana anterior al 1 de septiembre de 2013, fecha de inicio del programa, y quienes los cumplieron la semana posterior. Esta diferencia m\u00ednima de edad determin\u00f3 el acceso a la vacuna, ya que solo quienes ten\u00edan 79 a\u00f1os en esa fecha <b>pod\u00edan recibirla durante un a\u00f1o<\/b>, mientras que quienes ya hab\u00edan cumplido 80 quedaban excluidos de forma permanente.<\/p>\n<p><img alt=\"Cient\u00edficos de Stanford analizaron datos\" class=\"global-image\" decoding=\"async\" fetchpriority=\"low\" height=\"816\" loading=\"lazy\" src=\"https:\/\/www.europesays.com\/es\/wp-content\/uploads\/2025\/12\/DRD26IRSZJBXDNBSMUBCAGN3ME.jpg\" width=\"1456\"\/>Cient\u00edficos de Stanford analizaron datos de m\u00e1s de 280.000 adultos mayores en Gales y observaron efectos protectores &#8211; (Imagen Ilustrativa Infobae)<\/p>\n<p class=\"paragraph\">Seg\u00fan explic\u00f3 el <b>doctor Pascal Geldsetzer<\/b> a Stanford Medicine, esta circunstancia permiti\u00f3 crear un \u201cgrupo de control\u201d y un \u201cgrupo de intervenci\u00f3n\u201d pr\u00e1cticamente id\u00e9nticos en todas sus caracter\u00edsticas, salvo por la elegibilidad para la vacuna. \u201cSabemos que si se toma al azar a mil personas nacidas en una semana y a mil personas nacidas al azar una semana despu\u00e9s, no deber\u00eda haber ninguna diferencia en promedio entre ellas\u201d, afirm\u00f3 Geldsetzer. \u201cSon similares entre s\u00ed, salvo por esta peque\u00f1a diferencia de edad\u201d.<\/p>\n<p class=\"paragraph\">Durante los siete a\u00f1os posteriores, los resultados mostraron que <b>quienes recibieron la vacuna contra el herpes z\u00f3ster presentaron un 20% menos de probabilidades de desarrollar demencia<\/b> en comparaci\u00f3n con quienes no la recibieron. Este efecto se mantuvo constante incluso tras analizar los datos desde diferentes \u00e1ngulos, como el rango de edad o las causas de muerte atribuidas a la demencia. Geldsetzer subray\u00f3 a Stanford Medicine: \u201cLa se\u00f1al en nuestros datos era tan fuerte, tan clara y tan persistente\u201d.<\/p>\n<p class=\"paragraph\">El an\u00e1lisis tambi\u00e9n confirm\u00f3 que la \u00fanica diferencia significativa entre los grupos fue la reducci\u00f3n en los diagn\u00f3sticos de demencia. No se observaron variaciones en el nivel educativo, la recepci\u00f3n de otras vacunas o tratamientos preventivos, ni en la incidencia de enfermedades comunes como diabetes, enfermedades card\u00edacas o c\u00e1ncer. \u201cDebido a la forma \u00fanica en que se implement\u00f3 la vacuna, el sesgo en el an\u00e1lisis es mucho menos probable de lo que ser\u00eda habitual\u201d, se\u00f1al\u00f3 Geldsetzer.<\/p>\n<p><img alt=\"El herpes z\u00f3ster afecta hasta\" class=\"global-image\" decoding=\"async\" fetchpriority=\"low\" height=\"4024\" loading=\"lazy\" src=\"https:\/\/www.europesays.com\/es\/wp-content\/uploads\/2025\/12\/GA6W5URH3JFAXMHGHC72QQKYLE.jpg\" width=\"6048\"\/>El herpes z\u00f3ster afecta hasta a un tercio de los adultos y su frecuencia aumenta a partir de los cincuenta a\u00f1os<br \/>\nCr\u00e9ditos: Freepik<\/p>\n<p class=\"paragraph\">La investigaci\u00f3n fue m\u00e1s all\u00e1 de la prevenci\u00f3n. Un estudio de seguimiento, publicado el 2 de diciembre en Cell, demostr\u00f3 que la vacuna tambi\u00e9n podr\u00eda beneficiar a quienes ya han sido diagnosticados con demencia, al ralentizar el avance de la enfermedad. Los datos indicaron que las personas vacunadas tras recibir un diagn\u00f3stico de demencia ten\u00edan <b>significativamente menos probabilidades de morir por esta causa<\/b> en los nueve a\u00f1os siguientes. De los 7.049 adultos mayores galeses con demencia al inicio del programa, casi la mitad falleci\u00f3 por demencia durante el seguimiento, pero solo alrededor del <b>30% de quienes recibieron la vacuna murieron por esta causa<\/b>.<\/p>\n<p class=\"paragraph\">El estudio publicado en Cell recoge: <b>\u201cLa vacunaci\u00f3n contra el herpes z\u00f3ster parece actuar a lo largo de todo el curso cl\u00ednico de la demencia\u201d<\/b>. Adem\u00e1s, los autores se\u00f1alan: <b>\u201cObservamos que la vacunaci\u00f3n contra el HZ tambi\u00e9n reduce el diagn\u00f3stico de deterioro cognitivo leve y, entre los pacientes con demencia, las muertes por demencia\u201d<\/b>.<\/p>\n<p class=\"paragraph\">Otro hallazgo relevante fue la diferencia de respuesta entre sexos. La protecci\u00f3n frente a la demencia result\u00f3 ser <b>m\u00e1s pronunciada en mujeres<\/b> que en hombres, lo que podr\u00eda estar relacionado con diferencias inmunol\u00f3gicas o en la evoluci\u00f3n de la enfermedad. Geldsetzer explic\u00f3 a Stanford Medicine que las mujeres suelen mostrar una mayor respuesta de anticuerpos a la vacunaci\u00f3n y que el herpes z\u00f3ster es m\u00e1s frecuente en mujeres.<\/p>\n<p><img alt=\"La vacuna mostr\u00f3 beneficios tanto\" class=\"global-image\" decoding=\"async\" fetchpriority=\"low\" height=\"816\" loading=\"lazy\" src=\"https:\/\/www.europesays.com\/es\/wp-content\/uploads\/2025\/12\/FWE7H2LXQZCAJND5JMY47EXYLU.jpg\" width=\"1456\"\/>La vacuna mostr\u00f3 beneficios tanto en la prevenci\u00f3n como en el retraso del avance de la demencia ya diagnosticada (Imagen Ilustrativa Infobae)<\/p>\n<p class=\"paragraph\">A pesar de estos resultados, a\u00fan no se ha determinado si la protecci\u00f3n se debe a una estimulaci\u00f3n general del sistema inmunol\u00f3gico, a la reducci\u00f3n de las reactivaciones del virus o a otros mecanismos. Tampoco se sabe si la versi\u00f3n m\u00e1s reciente de la vacuna, basada en prote\u00ednas virales y m\u00e1s eficaz para prevenir el herpes z\u00f3ster, podr\u00eda tener un impacto igual o superior sobre la demencia.<\/p>\n<p class=\"paragraph\">El equipo de Geldsetzer replic\u00f3 estos hallazgos en otros pa\u00edses como <b>Inglaterra, Australia, Nueva Zelanda y Canad\u00e1<\/b>, donde la vacuna se implement\u00f3 de manera similar. \u201cSeguimos observando esta fuerte se\u00f1al de protecci\u00f3n contra la demencia en un conjunto de datos tras otro\u201d, afirm\u00f3 Geldsetzer a Stanford Medicine.<\/p>\n<p class=\"paragraph\">El investigador considera que estos resultados justifican la realizaci\u00f3n de un <b>ensayo controlado aleatorizado a gran escala<\/b>, que permita establecer con mayor certeza la relaci\u00f3n causal entre la vacunaci\u00f3n y la reducci\u00f3n del riesgo de demencia. Geldsetzer busca financiaci\u00f3n filantr\u00f3pica para este proyecto, ya que la vacuna viva atenuada utilizada en el estudio ha perdido la patente, pero es la que ha mostrado evidencia convincente en los experimentos naturales. Seg\u00fan sus observaciones, los efectos protectores de la vacuna comienzan a manifestarse aproximadamente un a\u00f1o y medio despu\u00e9s de la inmunizaci\u00f3n.<\/p>\n<p><img alt=\"Los resultados sugieren que las\" class=\"global-image\" decoding=\"async\" fetchpriority=\"low\" height=\"768\" loading=\"lazy\" src=\"https:\/\/www.europesays.com\/es\/wp-content\/uploads\/2025\/12\/PALLVRXDH5CEBNP5HTJY7MDJ6M.png\" width=\"1408\"\/>Los resultados sugieren que las mujeres vacunadas presentan una mayor reducci\u00f3n del riesgo de demencia (Imagen Ilustrativa Infobae)<\/p>\n<p class=\"paragraph\">El estudio en Cell concluye: <b>\u201cNuestros hallazgos sugieren que la vacunaci\u00f3n contra el HZ con virus vivos atenuados previene o retrasa el deterioro cognitivo leve y la demencia, y ralentiza la evoluci\u00f3n de la enfermedad en quienes ya viven con demencia\u201d<\/b>.<\/p>\n<p class=\"paragraph\">La <a rel=\"noopener noreferrer nofollow\" href=\"https:\/\/www.infobae.com\/tag\/demencia\/\" target=\"_blank\" title=\"https:\/\/www.infobae.com\/tag\/demencia\/\"><b>demencia <\/b><\/a>es una de las principales causas de discapacidad y dependencia en adultos mayores, seg\u00fan la Organizaci\u00f3n Mundial de la Salud. En 2021, m\u00e1s de 57 millones de personas viv\u00edan con demencia en todo el mundo, y se proyecta que esa cifra llegar\u00e1 a <b>139 millones para 2050.<\/b><\/p>\n<p class=\"paragraph\"><b>Por otra parte, el <\/b><a rel=\"noopener noreferrer nofollow\" href=\"https:\/\/www.infobae.com\/tag\/herpes-zoster\/\" target=\"_blank\" title=\"https:\/\/www.infobae.com\/tag\/herpes-zoster\/\"><b>herpes z\u00f3ster<\/b><\/a>, conocido popularmente como <b>culebrilla<\/b>, es una <b>infecci\u00f3n viral <\/b>provocada por el <b>virus varicela-z\u00f3ster<\/b>, el mismo que provoca la varicela. <b>Afecta hasta a un tercio de los adultos a lo largo de sus vidas <\/b>y su frecuencia aumenta con la edad, especialmente despu\u00e9s de los 50 a\u00f1os.<\/p>\n<p class=\"paragraph\">En tanto, <a href=\"https:\/\/www.infobae.com\/salud\/ciencia\/2025\/11\/15\/la-vacuna-contra-el-herpes-zoster-puede-ser-una-aliada-en-la-prevencion-de-la-demencia-segun-un-nuevo-estudio\/\" target=\"_blank\" rel=\"noreferrer nofollow noopener\" title=\"https:\/\/www.infobae.com\/salud\/ciencia\/2025\/11\/15\/la-vacuna-contra-el-herpes-zoster-puede-ser-una-aliada-en-la-prevencion-de-la-demencia-segun-un-nuevo-estudio\/\">anteriormente<\/a>, un estudio de gran escala publicado en <a href=\"https:\/\/www.nature.com\/articles\/s41591-025-03972-5\" target=\"_blank\" rel=\"noreferrer nofollow noopener\" title=\"https:\/\/www.nature.com\/articles\/s41591-025-03972-5\">Nature<\/a> Medicine y difundido por The Washington Post indic\u00f3 que disminuir la incidencia de brotes del virus mediante la vacunaci\u00f3n puede relacionarse con una menor frecuencia de deterioro cognitivo en la vejez, sobre todo en mujeres y adultos mayores.<\/p>\n<p class=\"paragraph\">El virus varicela-z\u00f3ster, tras causar varicela en la ni\u00f1ez, permanece inactivo en el sistema nervioso por a\u00f1os. Con el paso del tiempo, debido al envejecimiento o a la inmunosupresi\u00f3n, puede activarse nuevamente bajo la forma de herpes z\u00f3ster. Esta infecci\u00f3n, conocida principalmente por el dolor y las erupciones en la piel, se asocia de manera creciente con da\u00f1os neurol\u00f3gicos.<\/p>\n<p><img alt=\"Entre quienes recibieron la vacuna\" class=\"global-image\" decoding=\"async\" fetchpriority=\"low\" height=\"768\" loading=\"lazy\" src=\"https:\/\/www.europesays.com\/es\/wp-content\/uploads\/2025\/12\/2YKGY7UCOFARDBNGTYBS47A2IY.png\" width=\"1408\"\/>Entre quienes recibieron la vacuna solamente un treinta por ciento falleci\u00f3 por demencia durante el estudio (Imagen Ilustrativa Infobae)<\/p>\n<p class=\"paragraph\">Anupam Jena, internista en el Hospital General de Massachusetts, expres\u00f3 al The Washington Post que la cuesti\u00f3n central era determinar si la reactivaci\u00f3n del virus solo genera problemas f\u00edsicos o si tambi\u00e9n deja una marca duradera en el cerebro.<\/p>\n<p class=\"paragraph\">La investigaci\u00f3n de Nature Medicine analiz\u00f3 los registros m\u00e9dicos de m\u00e1s de 100 millones de personas en Estados Unidos y detect\u00f3 que quienes experimentaron dos o m\u00e1s episodios de herpes z\u00f3ster tuvieron entre un 7% y un 9% m\u00e1s riesgo de desarrollar demencia en los a\u00f1os posteriores, en comparaci\u00f3n con aquellos que solo sufrieron un brote.<\/p>\n<p class=\"paragraph\">La hip\u00f3tesis de los expertos sostiene que cada reactivaci\u00f3n desencadena una respuesta inflamatoria fuerte, capaz de ocasionar da\u00f1os sutiles pero sostenidos en \u00e1reas cerebrales responsables de la memoria, la atenci\u00f3n y la funci\u00f3n cognitiva.<\/p>\n<p class=\"paragraph\">Patrick Schwab, director senior de inteligencia artificial en GSK y coautor del trabajo, afirm\u00f3 que si bien la demencia tiene determinantes gen\u00e9ticos, metab\u00f3licos y ambientales, el hallazgo sugiere que reducir la recurrencia viral en la vida adulta \u2014y evitar m\u00faltiples reactivaciones\u2014 puede convertirse en una estrategia concreta para bajar el riesgo.<\/p>\n<p><img alt=\"Al menos tres estudios cient\u00edficos\" class=\"global-image\" decoding=\"async\" fetchpriority=\"low\" height=\"576\" loading=\"lazy\" src=\"https:\/\/www.europesays.com\/es\/wp-content\/uploads\/2025\/12\/XCDUYWSKJJABTIVOOITHRTLTEI.png\" width=\"1024\"\/>Al menos tres estudios cient\u00edficos en el \u00faltimo tiempo analizaron el v\u00ednculo entre vacunaci\u00f3n contra el herpes z\u00f3ster y la ralentizaci\u00f3n del deterioro cognitivo (Imagen Ilustrativa Infobae)<\/p>\n<p class=\"paragraph\">Otras investigaciones complementarias, como el Baltimore Longitudinal Study of Aging publicadas en la revista Neurology, confirmaron que las infecciones herp\u00e9ticas sintom\u00e1ticas se correlacionan con una reducci\u00f3n acelerada del volumen de sustancia blanca en el cerebro \u2014sobre todo en el l\u00f3bulo temporal\u2014 y con disminuci\u00f3n gradual de la capacidad de atenci\u00f3n.<\/p>\n<p class=\"paragraph\">Aunque no todos los estudios coinciden en el impacto exacto, la evidencia apunta en una direcci\u00f3n com\u00fan: un mayor n\u00famero de episodios de herpes z\u00f3ster implica un riesgo m\u00e1s alto de deterioro cognitivo en la siguiente d\u00e9cada.<\/p>\n<p class=\"paragraph\">En los a\u00f1os recientes, la principal novedad es que la vacunaci\u00f3n contra el herpes z\u00f3ster no solo reduce la aparici\u00f3n de brotes, sino que tambi\u00e9n produce una disminuci\u00f3n importante en el riesgo de demencia. Seg\u00fan el an\u00e1lisis realizado en Nature Medicine, las personas que recibieron la vacuna experimentaron entre un 27% y un 33% menos riesgo de demencia en los tres a\u00f1os posteriores a la aplicaci\u00f3n. La magnitud de este efecto depende del tipo de vacuna utilizada y del n\u00famero de dosis administradas.<\/p>\n","protected":false},"excerpt":{"rendered":"La vacuna contra el herpes z\u00f3ster se asocia con un veinte por ciento menos de riesgo de desarrollar&hellip;\n","protected":false},"author":2,"featured_media":271302,"comment_status":"","ping_status":"","sticky":false,"template":"","format":"standard","meta":{"footnotes":""},"categories":[92],"tags":[66597,66598,8537,18987,66599,18662,6282,66600,6286,30345,66601,8543,66602,25,24,165,6298,66603,66604,22984,8551,66605,6301,66606,56758,56759,66607,8555,6302,66608,66609,66610,19597,905,166,31548,66611,8568,8569,66612,56767,23000,66613,23,8573,40028,6315,66614,66615,4619,2275,4215,6320,8178],"class_list":{"0":"post-271301","1":"post","2":"type-post","3":"status-publish","4":"format-standard","5":"has-post-thumbnail","7":"category-salud","8":"tag-acne","9":"tag-allergic","10":"tag-allergy","11":"tag-back","12":"tag-blisters","13":"tag-body","14":"tag-care","15":"tag-chickenpox","16":"tag-closeup","17":"tag-contact","18":"tag-dermatology","19":"tag-disease","20":"tag-epidermis","21":"tag-es","22":"tag-espana","23":"tag-health","24":"tag-herpes","25":"tag-histamine","26":"tag-hives","27":"tag-human","28":"tag-illness","29":"tag-infected","30":"tag-infection","31":"tag-irritated","32":"tag-itch","33":"tag-itchy","34":"tag-lesions","35":"tag-medical","36":"tag-medicine","37":"tag-plague","38":"tag-raised","39":"tag-rash","40":"tag-reaction","41":"tag-red","42":"tag-salud","43":"tag-scratch","44":"tag-shingles","45":"tag-sick","46":"tag-sickness","47":"tag-simplex","48":"tag-skin","49":"tag-sore","50":"tag-sores","51":"tag-spain","52":"tag-symptoms","53":"tag-treat","54":"tag-treatment","55":"tag-urticaria","56":"tag-varicella","57":"tag-viral","58":"tag-virus","59":"tag-west","60":"tag-woman","61":"tag-zoster"},"share_on_mastodon":{"url":"","error":"Validation failed: Text character limit of 500 exceeded"},"_links":{"self":[{"href":"https:\/\/www.europesays.com\/es\/wp-json\/wp\/v2\/posts\/271301","targetHints":{"allow":["GET"]}}],"collection":[{"href":"https:\/\/www.europesays.com\/es\/wp-json\/wp\/v2\/posts"}],"about":[{"href":"https:\/\/www.europesays.com\/es\/wp-json\/wp\/v2\/types\/post"}],"author":[{"embeddable":true,"href":"https:\/\/www.europesays.com\/es\/wp-json\/wp\/v2\/users\/2"}],"replies":[{"embeddable":true,"href":"https:\/\/www.europesays.com\/es\/wp-json\/wp\/v2\/comments?post=271301"}],"version-history":[{"count":0,"href":"https:\/\/www.europesays.com\/es\/wp-json\/wp\/v2\/posts\/271301\/revisions"}],"wp:featuredmedia":[{"embeddable":true,"href":"https:\/\/www.europesays.com\/es\/wp-json\/wp\/v2\/media\/271302"}],"wp:attachment":[{"href":"https:\/\/www.europesays.com\/es\/wp-json\/wp\/v2\/media?parent=271301"}],"wp:term":[{"taxonomy":"category","embeddable":true,"href":"https:\/\/www.europesays.com\/es\/wp-json\/wp\/v2\/categories?post=271301"},{"taxonomy":"post_tag","embeddable":true,"href":"https:\/\/www.europesays.com\/es\/wp-json\/wp\/v2\/tags?post=271301"}],"curies":[{"name":"wp","href":"https:\/\/api.w.org\/{rel}","templated":true}]}}