{"id":271303,"date":"2025-12-04T19:38:10","date_gmt":"2025-12-04T19:38:10","guid":{"rendered":"https:\/\/www.europesays.com\/es\/271303\/"},"modified":"2025-12-04T19:38:10","modified_gmt":"2025-12-04T19:38:10","slug":"participacion-de-tecnicos-de-cultura-de-la-provincia-en-la-muestra-profesional-de-artes-escenicas-impulsada-por-adea-diputacion-de-sevilla","status":"publish","type":"post","link":"https:\/\/www.europesays.com\/es\/271303\/","title":{"rendered":"Participaci\u00f3n de t\u00e9cnicos de Cultura de la provincia en la Muestra Profesional de Artes Esc\u00e9nicas impulsada por ADEA &#8211; Diputaci\u00f3n de Sevilla"},"content":{"rendered":"<ol>\n<li><a href=\"https:\/\/news.google.com\/rss\/articles\/CBMi-gFBVV95cUxNbUVFWXVpeGJtYnJTVldvQ0xNaGlmcWFVYWlXc3ZHcnMzdWhpOHp2NDFDbElXZDlQQWxOZTlLM3NLWmIySkFUY1poMzBBNTQzVlJHSVFfc3htWTBQU3VUOGxZcmUwc24wUWlCMVlBVVliREhLQVNnV2JBVEMtS3hzNVBLcHh1ZFAwM0tueHAtdzdDNVk0TUxFTUE1NFN0dTVfNW1XZi1JRHVnWUhaSnVhS3phOFY0ZDZSU3ZnN1JldHdsVnB6aVUwQXo5U1FWMlQzWUNWY2JVQ3NKTkwzLTlCOTBCdWc1YlFpcXlJRlJtX3JkVTQyS3ZLNUZR?oc=5\" target=\"_blank\" rel=\"nofollow noopener\">Participaci\u00f3n de t\u00e9cnicos de Cultura de la provincia en la Muestra Profesional de Artes Esc\u00e9nicas impulsada por ADEA<\/a>&nbsp;&nbsp;Diputaci\u00f3n de Sevilla<\/li>\n<li><a href=\"https:\/\/news.google.com\/rss\/articles\/CBMiwAFBVV95cUxPc0NPTWJXUnF2QWxYQ0MzU3NqMEhNSHZna3IwQnZrYVp6cDd3ZUpxbVowaEFzYWczODB6NGFESHo2aGR5Z0FCdWxqRm92ckVIb3pvREFxR3FvakluMC1sdlBQRzRIamljd05kUU1sYXp4d1BvbU9DcVBvbExqb2QwNnpmUklLMHpyblYxV3JSeWlaQjQwdmJNYzFFWWtQRGREdjhtM0w2emFpQ0hDYVZpN3NyOWhBSmlFcHFRR3RZelQ?oc=5\" target=\"_blank\" rel=\"nofollow noopener\">Los core\u00f3grafos Eva Escudier y Fernando Hurtado inauguran el ciclo &#8216;Mirador escena&#8217;<\/a>&nbsp;&nbsp;abc.es<\/li>\n<li><a href=\"https:\/\/news.google.com\/rss\/articles\/CBMi9AFBVV95cUxOUUFuWDRCX0VDb3BDaFdDV2pBa2ZkbnlGY1lyMGtmdk42U1V2c3BpYkRIYXBSX0lEVW5SMkJSUkRoTGxXR0haZEtfc1RYbW9POWVWbjBac1J6Y1Vtd3VFTm5aNU10OW8wZzdTOFhSWDJ1VVRVcDVQTFA0cDdQMFVua3F2OFVRM3luR3JlbXJDYU5xeHFLYXZxRTUzTEJnY1RBeU9CbTExN2o0UW4ybFUwUE9SMlZWbEdXM0JBcVAzXzVtM0RYZkx0WFBlRTNlUHZvanhhSHgweVlIWXBJclNFYUlmM0FLbThteDd4UHJPUWtYdVJo?oc=5\" target=\"_blank\" rel=\"nofollow noopener\">La Rinconada (Sevilla) se convierte en el \u00abepicentro de la creaci\u00f3n esc\u00e9nica andaluza\u00bb con Mirador Sur a Escena<\/a>&nbsp;&nbsp;Europa Press<\/li>\n<li><a href=\"https:\/\/news.google.com\/rss\/articles\/CBMinwJBVV95cUxPNmZxOHN5YWllUDM1THN0UFUySkdXSlhjcXpNQkdVYWJUNUpmTWFCdDRzR19NX0ZpdEF4bWlEelM0YWZwWkhPSGdiTEZoODVFN1ZxU1A0UHR0YmhTVXNSVW4zSlVSb3hoUHB1VDRlWXY2X0xnOGplZzNmSlI2T2NpRGlCM3c0VzlseHBNVjBaRG1rRzhrZXVPcWtmVEZhS0JJMHdrYWhKMmZOeUFqNVBFaU5UenFxc21zQnNvcXpQeFRyVm9JY21PaTBIMEN5VFh3dmRGTUxTNFlOSUd2bWR5OC04Zl9ybzhUVEp2OU1CMU1GQzFoWDZFQnN1TS10a2U5c1doRk1ud1NiQlhZVW0tSTNUN3M1MGRCZHZNLVB0bw?oc=5\" target=\"_blank\" rel=\"nofollow noopener\">La sala &#8211; Oscar Wilde y Elio Antonio de Nebrija, con Denis Rafter y Javier de Prado; y distribuidoras andaluzas en torno a ADEA y Mirador Sur a Escena en La Rinconada &#8211; 29\/11\/25<\/a>&nbsp;&nbsp;RTVE.es<\/li>\n<li><a href=\"https:\/\/news.google.com\/rss\/articles\/CBMi7AFBVV95cUxNNnBCY25yYjhpeG44UG94ZWM1WjAxc2VrT1NsSzQxUEVSS0pzU29SU2ZsVC00eEpiRktOTUw3TDQ5U1A5ZXFEN0hLckh2ekxETTdQYl9KaUZTb0NzZVg0NWZmTXJTR1dVWUdpbm5vMllIT2hJWjVBRWpGb29iVDZnTVdyNnRySTlhSUxwd05wZ1Zwd183MkVSeE04TVByUmdCTERZZHlQTnJSZ1NaZzVmQmthZmxHTjdvYlRHb3hwdXJxYnB6R2kyYXJfS3c4eDZ2TEZibkpURC01c0RxZDJiTVpIWWVndlVTR3gySg?oc=5\" target=\"_blank\" rel=\"nofollow noopener\">Mirador Sur a Escena pone el foco en la creaci\u00f3n contempor\u00e1nea andaluza para generar di\u00e1logo, innovaci\u00f3n y redes<\/a>&nbsp;&nbsp;Ayuntamiento de La Rinconada<\/li>\n<\/ol>\n","protected":false},"excerpt":{"rendered":"Participaci\u00f3n de t\u00e9cnicos de Cultura de la provincia en la Muestra Profesional de Artes Esc\u00e9nicas impulsada por ADEA&nbsp;&nbsp;Diputaci\u00f3n&hellip;\n","protected":false},"author":2,"featured_media":248356,"comment_status":"","ping_status":"","sticky":false,"template":"","format":"standard","meta":{"footnotes":""},"categories":[91],"tags":[146,147,25,24,23],"class_list":{"0":"post-271303","1":"post","2":"type-post","3":"status-publish","4":"format-standard","5":"has-post-thumbnail","7":"category-entretenimiento","8":"tag-entertainment","9":"tag-entretenimiento","10":"tag-es","11":"tag-espana","12":"tag-spain"},"share_on_mastodon":{"url":"https:\/\/pubeurope.com\/@es\/115662993000355542","error":""},"_links":{"self":[{"href":"https:\/\/www.europesays.com\/es\/wp-json\/wp\/v2\/posts\/271303","targetHints":{"allow":["GET"]}}],"collection":[{"href":"https:\/\/www.europesays.com\/es\/wp-json\/wp\/v2\/posts"}],"about":[{"href":"https:\/\/www.europesays.com\/es\/wp-json\/wp\/v2\/types\/post"}],"author":[{"embeddable":true,"href":"https:\/\/www.europesays.com\/es\/wp-json\/wp\/v2\/users\/2"}],"replies":[{"embeddable":true,"href":"https:\/\/www.europesays.com\/es\/wp-json\/wp\/v2\/comments?post=271303"}],"version-history":[{"count":0,"href":"https:\/\/www.europesays.com\/es\/wp-json\/wp\/v2\/posts\/271303\/revisions"}],"wp:featuredmedia":[{"embeddable":true,"href":"https:\/\/www.europesays.com\/es\/wp-json\/wp\/v2\/media\/248356"}],"wp:attachment":[{"href":"https:\/\/www.europesays.com\/es\/wp-json\/wp\/v2\/media?parent=271303"}],"wp:term":[{"taxonomy":"category","embeddable":true,"href":"https:\/\/www.europesays.com\/es\/wp-json\/wp\/v2\/categories?post=271303"},{"taxonomy":"post_tag","embeddable":true,"href":"https:\/\/www.europesays.com\/es\/wp-json\/wp\/v2\/tags?post=271303"}],"curies":[{"name":"wp","href":"https:\/\/api.w.org\/{rel}","templated":true}]}}