{"id":271312,"date":"2025-12-04T19:43:12","date_gmt":"2025-12-04T19:43:12","guid":{"rendered":"https:\/\/www.europesays.com\/es\/271312\/"},"modified":"2025-12-04T19:43:12","modified_gmt":"2025-12-04T19:43:12","slug":"el-pp-facilita-la-tramitacion-parlamentaria-de-la-ley-de-multirreincidencia-que-junts-exige-al-psoe-politica","status":"publish","type":"post","link":"https:\/\/www.europesays.com\/es\/271312\/","title":{"rendered":"El PP facilita la tramitaci\u00f3n parlamentaria de la ley de multirreincidencia que Junts exige al PSOE | Pol\u00edtica"},"content":{"rendered":"<p class=\"loc\">Madrid<\/p>\n<p>Los populares presentan varias enmiendas transaccionales que cuentan con apoyo de PSOE y Junts para tener un texto listo que ser\u00e1 votado, y previsiblemente aprobado, a principios de febrero.<\/p>\n<p>De esta forma, PSOE, Junts y PP encarrilan una ley, apoyada tambi\u00e9n por VOX y PNV, que endurecer\u00e1 el C\u00f3digo Penal y que permitir\u00e1 que quien sea reincidente en el robo de dispositivos m\u00f3viles pueda ir a prisi\u00f3n entre uno y tres a\u00f1os.<\/p>\n<p>Toda la izquierda, excepto ERC, que se ha reservado el sentido de su voto, rechaza esta ley de multirreincidencia. <\/p>\n","protected":false},"excerpt":{"rendered":"Madrid Los populares presentan varias enmiendas transaccionales que cuentan con apoyo de PSOE y Junts para tener un&hellip;\n","protected":false},"author":2,"featured_media":271313,"comment_status":"","ping_status":"","sticky":false,"template":"","format":"standard","meta":{"footnotes":""},"categories":[5],"tags":[6069,17,18,18680,25,24,13,14,11,19,20,9,10,15,16,66616,956,6222,23,12,21,22],"class_list":{"0":"post-271312","1":"post","2":"type-post","3":"status-publish","4":"format-standard","5":"has-post-thumbnail","7":"category-titulares","8":"tag-alberto-nunez-feijoo","9":"tag-breaking-news","10":"tag-breakingnews","11":"tag-demonstration","12":"tag-es","13":"tag-espana","14":"tag-featured-news","15":"tag-featurednews","16":"tag-headlines","17":"tag-latest-news","18":"tag-latestnews","19":"tag-news","20":"tag-noticias","21":"tag-noticias-destacadas","22":"tag-noticiasdestacadas","23":"tag-peoples-party","24":"tag-pp","25":"tag-rally","26":"tag-spain","27":"tag-titulares","28":"tag-ultimas-noticias","29":"tag-ultimasnoticias"},"share_on_mastodon":{"url":"https:\/\/pubeurope.com\/@es\/115663012039617442","error":""},"_links":{"self":[{"href":"https:\/\/www.europesays.com\/es\/wp-json\/wp\/v2\/posts\/271312","targetHints":{"allow":["GET"]}}],"collection":[{"href":"https:\/\/www.europesays.com\/es\/wp-json\/wp\/v2\/posts"}],"about":[{"href":"https:\/\/www.europesays.com\/es\/wp-json\/wp\/v2\/types\/post"}],"author":[{"embeddable":true,"href":"https:\/\/www.europesays.com\/es\/wp-json\/wp\/v2\/users\/2"}],"replies":[{"embeddable":true,"href":"https:\/\/www.europesays.com\/es\/wp-json\/wp\/v2\/comments?post=271312"}],"version-history":[{"count":0,"href":"https:\/\/www.europesays.com\/es\/wp-json\/wp\/v2\/posts\/271312\/revisions"}],"wp:featuredmedia":[{"embeddable":true,"href":"https:\/\/www.europesays.com\/es\/wp-json\/wp\/v2\/media\/271313"}],"wp:attachment":[{"href":"https:\/\/www.europesays.com\/es\/wp-json\/wp\/v2\/media?parent=271312"}],"wp:term":[{"taxonomy":"category","embeddable":true,"href":"https:\/\/www.europesays.com\/es\/wp-json\/wp\/v2\/categories?post=271312"},{"taxonomy":"post_tag","embeddable":true,"href":"https:\/\/www.europesays.com\/es\/wp-json\/wp\/v2\/tags?post=271312"}],"curies":[{"name":"wp","href":"https:\/\/api.w.org\/{rel}","templated":true}]}}