{"id":271318,"date":"2025-12-04T19:51:12","date_gmt":"2025-12-04T19:51:12","guid":{"rendered":"https:\/\/www.europesays.com\/es\/271318\/"},"modified":"2025-12-04T19:51:12","modified_gmt":"2025-12-04T19:51:12","slug":"ibiza-vuelve-a-dar-la-bienvenida-a-los-talentos-femeninos","status":"publish","type":"post","link":"https:\/\/www.europesays.com\/es\/271318\/","title":{"rendered":"Ibiza vuelve a dar la bienvenida a los talentos femeninos"},"content":{"rendered":"<p>Espa\u00f1a, Alemania y Finlandia conforman el cartel del Torneo de Ibiza, que se jugar\u00e1 de viernes a domingo en el Polideportivo de Es Viver de Ibiza. Un torneo de baloncesto de formaci\u00f3n del m\u00e1s alto nivel internacional.<\/p>\n<p>\u00c1REA DE COMUNICACI\u00d3N FEB<\/p>\n<p>La generaci\u00f3n del 2010 tendr\u00e1 su debut internacional este verano con el Europeo U16, por lo que la concentraci\u00f3n de diciembre adquiere especial importancia. En esta ocasi\u00f3n tendr\u00e1n como rivales a dos potencias europeas como Alemania y Finlandia.<\/p>\n<p>El torneo estar\u00e1 integrada en una serie de actividades entre las que se encuentra una mesa redonda con la participaci\u00f3n de Jos\u00e9 Ignacio Hern\u00e1ndez, director deportivo de la FEB; Ana Junyer, coordinadora de formaci\u00f3n y Javi Torralba, seleccionador U16 Femenino.<\/p>\n<p>El t\u00e9cnico catal\u00e1n vuelve a la U16 despu\u00e9s de los \u00e9xitos en U17 y U18, con Ana Su\u00e1rez como ayudante. La lista de convocadas est\u00e1 formada por Sof\u00eda Pinillos (Movistar Estudiantes), Julia Niebla (Torrelodones AD), Mariona Bota (B. Girona), Olivia Monsalve (Joventut), Luna Segovia (Movistar Estudiantes), Paula Reynal (Valencia Basket), Sara Fern\u00e1ndez de Cuevas (Siglo XXI), Martina Termens (Siglo XXI), Aisha Mbengue (SPAR Gran Canaria), Amelia Alonso (Valencia Basket), Gelsy Valdivieso (CB Sa Bodega), Marie Cristine Ndiaye (CB Terralf\u00e0s), Alicia Iwinosa Emusi (Distrito Ol\u00edmpico), Anastasia Lishchuk (Valencia Basket) y Berta Grabalosa (B. Girona)<\/p>\n<p>VIERNES 5<br \/>&#13;<br \/>\nESPA\u00d1A-ALEMANIA (17:00 H)<\/p>\n<p>S\u00c1BADO 6<br \/>&#13;<br \/>\nALEMANIA-FINLANDIA (12:00 H)<\/p>\n<p>DOMINGO 7<br \/>&#13;<br \/>\nESPA\u00d1A &#8211; FINLANDIA (11:00 H)<\/p>\n","protected":false},"excerpt":{"rendered":"Espa\u00f1a, Alemania y Finlandia conforman el cartel del Torneo de Ibiza, que se jugar\u00e1 de viernes a domingo&hellip;\n","protected":false},"author":2,"featured_media":271319,"comment_status":"","ping_status":"","sticky":false,"template":"","format":"standard","meta":{"footnotes":""},"categories":[269],"tags":[4605,299,1918,298,4597,4613,4616,4609,4608,4610,168,4603,4606,25,24,4120,4598,4614,2713,4601,830,4599,4600,4602,4615,4617,4607,4604,23,167,4611,4612],"class_list":{"0":"post-271318","1":"post","2":"type-post","3":"status-publish","4":"format-standard","5":"has-post-thumbnail","7":"category-baloncesto","8":"tag-arbitros-baloncesto","9":"tag-baloncesto","10":"tag-basket","11":"tag-basketball","12":"tag-basquet","13":"tag-canalfeb","14":"tag-clasificacion","15":"tag-copa-princesa","16":"tag-copa-principe","17":"tag-copa-reina","18":"tag-deportes","19":"tag-eba","20":"tag-entrenadores-baloncesto","21":"tag-es","22":"tag-espana","23":"tag-estadisticas","24":"tag-federacion-baloncesto","25":"tag-jornada-virtual","26":"tag-jugadores","27":"tag-laeb-plata","28":"tag-leb-oro","29":"tag-liga-espana","30":"tag-liga-espanola-baloncesto","31":"tag-liga-femenina","32":"tag-marcadores-baloncesto","33":"tag-rankings","34":"tag-reglas-baloncesto","35":"tag-seleccion-baloncesto","36":"tag-spain","37":"tag-sports","38":"tag-supercopa","39":"tag-television-baloncesto"},"share_on_mastodon":{"url":"","error":"Validation failed: Text character limit of 500 exceeded"},"_links":{"self":[{"href":"https:\/\/www.europesays.com\/es\/wp-json\/wp\/v2\/posts\/271318","targetHints":{"allow":["GET"]}}],"collection":[{"href":"https:\/\/www.europesays.com\/es\/wp-json\/wp\/v2\/posts"}],"about":[{"href":"https:\/\/www.europesays.com\/es\/wp-json\/wp\/v2\/types\/post"}],"author":[{"embeddable":true,"href":"https:\/\/www.europesays.com\/es\/wp-json\/wp\/v2\/users\/2"}],"replies":[{"embeddable":true,"href":"https:\/\/www.europesays.com\/es\/wp-json\/wp\/v2\/comments?post=271318"}],"version-history":[{"count":0,"href":"https:\/\/www.europesays.com\/es\/wp-json\/wp\/v2\/posts\/271318\/revisions"}],"wp:featuredmedia":[{"embeddable":true,"href":"https:\/\/www.europesays.com\/es\/wp-json\/wp\/v2\/media\/271319"}],"wp:attachment":[{"href":"https:\/\/www.europesays.com\/es\/wp-json\/wp\/v2\/media?parent=271318"}],"wp:term":[{"taxonomy":"category","embeddable":true,"href":"https:\/\/www.europesays.com\/es\/wp-json\/wp\/v2\/categories?post=271318"},{"taxonomy":"post_tag","embeddable":true,"href":"https:\/\/www.europesays.com\/es\/wp-json\/wp\/v2\/tags?post=271318"}],"curies":[{"name":"wp","href":"https:\/\/api.w.org\/{rel}","templated":true}]}}