{"id":271320,"date":"2025-12-04T19:52:09","date_gmt":"2025-12-04T19:52:09","guid":{"rendered":"https:\/\/www.europesays.com\/es\/271320\/"},"modified":"2025-12-04T19:52:09","modified_gmt":"2025-12-04T19:52:09","slug":"la-satisfaccion-de-pellegrini-con-el-reto-que-le-propuso-a-la-plantilla-del-betis","status":"publish","type":"post","link":"https:\/\/www.europesays.com\/es\/271320\/","title":{"rendered":"La satisfacci\u00f3n de Pellegrini con el reto que le propuso a la plantilla del Betis"},"content":{"rendered":"<p class=\"voc-p\" style=\"\">Manuel <strong>Pellegrini<\/strong> abandera la ambici\u00f3n en el d\u00eda a d\u00eda deportivo del <strong>Betis<\/strong>, en la l\u00ednea de lo que proyectan sus dirigentes, y as\u00ed se lo transmite a su plantilla en todo momento. Siempre quiere m\u00e1s el t\u00e9cnico chileno, como reconocen sus jugadores,  &#8230; y por ello le plantea desaf\u00edos a corto o medio plazo al grupo para que se motiven y vean posibles los triunfos que tienen que completar para alcanzar estas alturas. Lo hizo recientemente proponi\u00e9ndole al equipo que ganaran ocho partidos de forma consecutiva. No lo han logrado pero se han quedado cerca. Seis triunfos y dos empates en esta secuencia. Un balance que s\u00ed ha dejado satisfecho al preparador b\u00e9tico ante de medirse al <strong>Barcelona<\/strong>, l\u00edder de la categor\u00eda.<\/p>\n<p class=\"voc-p\" style=\"\">En sus charlas en esas fechas, Pellegrini insisti\u00f3 mucho en un objetivo: <a href=\"https:\/\/www.abc.es\/deportes\/alfinaldelapalmera\/noticias-betis\/reto-ambicioso-pellegrini-propuso-plantilla-betis-20251111161104-nts.html\" target=\"_self\" data-voc-vtm-id=\"in-text-traffic\" title=\"ganar los ocho partidos\" data-mrf-link=\"www.abc.es\" rel=\"nofollow noopener\">ganar los ocho partidos<\/a> que iban desde el duelo copero ante el Palma del R\u00edo y el que estaba por conocerse ante el Torrent. La meta era mantenerse bien situado en las tres competiciones y llegar al duelo con el Barcelona sin tensiones, sino con la posibilidad de liberar la calidad que re\u00fane este plantel. Venci\u00f3 el Betis en la localidad cordobesa (1-7) y alcanz\u00f3 la siguiente ronda copera, bati\u00f3 al Mallorca en LaLiga (3-0) y al<strong> Olympique Lyonnais<\/strong> tambi\u00e9n en casa (3-0). Ah\u00ed insisti\u00f3 Pellegrini sobremanera en este discurso cada ma\u00f1ana en la ciudad deportiva y antes y despu\u00e9s de los partidos. Viaj\u00f3 el equipo a Valencia con esa idea pero no pudo sostener el 0-1 en el tramo final y acab\u00f3 empatando. A pesar de todo ello quiso Pellegrini insistir en esta idea y durante el par\u00f3n lo record\u00f3. El retorno de la pausa internacional lleg\u00f3 con otro empate (1-1), ante el Girona, y despu\u00e9s del mismo el Betis ha sabido imponerse al Utrecht (2-1), Sevilla (0-2) y Torrent (1-4).<\/p>\n<p class=\"voc-p\" style=\"\">\u00abEl duelo ante el Barcelona nos llega en un buen momento. Hab\u00edamos hablado con los jugadores que ven\u00eda una racha de ocho partidos que necesit\u00e1bamos ganar. Lamentablemente empatamos dos pero el equipo est\u00e1 rindiendo en las tres competiciones. Sin lugar a dudas han sido buenos meses de buenos resultados y funcionamiento\u00bb, reconoc\u00eda <strong>Pellegrini<\/strong> al t\u00e9rmino del duelo ante el Torrent y mirando ya al choque con el Barcelona.<\/p>\n<p class=\"voc-p\" style=\"\">Ser\u00e1 ahora cuando el t\u00e9cnico pueda plantear otro compromiso a su grupo para que mire adelante no s\u00f3lo al l\u00edder sino a los choques que faltan hasta el final de 2025, con rivales como <strong>D\u00ednamo de Zagreb, Rayo y Getafe<\/strong>, adem\u00e1s del que est\u00e1 por conocerse en los dieciseisavos de final de la Copa del Rey. Otra secuencia que puede transportar al Betis mucho m\u00e1s cerca del Villarreal y el Atl\u00e9tico, dado que su objetivo esta temporada es la menos pelear el cuarto puesto que da acceso a la Liga de Campeones.<\/p>\n<p><img loading=\"lazy\" decoding=\"async\" width=\"530\" height=\"64\" class=\"logo-premium\" src=\"data:image\/gif;base64,R0lGODlhAQABAAAAACH5BAEKAAEALAAAAAABAAEAAAICTAEAOw==\" alt=\"ABC Premium\"\/><br \/>\nL\u00edmite de sesiones alcanzadas<\/p>\n<ul class=\"listado\">\n<li>El acceso al contenido Premium est\u00e1 abierto por cortes\u00eda del establecimiento donde te encuentras, pero ahora mismo hay demasiados usuarios conectados a la vez. Por favor, int\u00e9ntalo pasados unos minutos.<\/li>\n<\/ul>\n<p>Volver a intentar<\/p>\n<p><img loading=\"lazy\" decoding=\"async\" width=\"530\" height=\"64\" class=\"logo-premium\" src=\"data:image\/gif;base64,R0lGODlhAQABAAAAACH5BAEKAAEALAAAAAABAAEAAAICTAEAOw==\" alt=\"ABC Premium\"\/><br \/>\nHas superado el l\u00edmite de sesiones<\/p>\n<ul class=\"listado\">\n<li>S\u00f3lo puedes tener tres sesiones iniciadas a la vez. Hemos cerrado la sesi\u00f3n m\u00e1s antigua para que sigas navegando sin l\u00edmites en el resto.<\/li>\n<\/ul>\n<p>Sigue navegando<\/p>\n<p>\nArt\u00edculo solo para suscriptores\n<\/p>\n<p>Reportar un error<\/p>\n","protected":false},"excerpt":{"rendered":"Manuel Pellegrini abandera la ambici\u00f3n en el d\u00eda a d\u00eda deportivo del Betis, en la l\u00ednea de lo&hellip;\n","protected":false},"author":2,"featured_media":271321,"comment_status":"","ping_status":"","sticky":false,"template":"","format":"standard","meta":{"footnotes":""},"categories":[268],"tags":[291,168,25,24,280,282,22479,1429,3573,5575,24297,281,23,167],"class_list":{"0":"post-271320","1":"post","2":"type-post","3":"status-publish","4":"format-standard","5":"has-post-thumbnail","7":"category-futbol","8":"tag-betis","9":"tag-deportes","10":"tag-es","11":"tag-espana","12":"tag-football","13":"tag-futbol","14":"tag-pellegrini","15":"tag-plantilla","16":"tag-propuso","17":"tag-reto","18":"tag-satisfaccion","19":"tag-soccer","20":"tag-spain","21":"tag-sports"},"share_on_mastodon":{"url":"https:\/\/pubeurope.com\/@es\/115663047726512778","error":""},"_links":{"self":[{"href":"https:\/\/www.europesays.com\/es\/wp-json\/wp\/v2\/posts\/271320","targetHints":{"allow":["GET"]}}],"collection":[{"href":"https:\/\/www.europesays.com\/es\/wp-json\/wp\/v2\/posts"}],"about":[{"href":"https:\/\/www.europesays.com\/es\/wp-json\/wp\/v2\/types\/post"}],"author":[{"embeddable":true,"href":"https:\/\/www.europesays.com\/es\/wp-json\/wp\/v2\/users\/2"}],"replies":[{"embeddable":true,"href":"https:\/\/www.europesays.com\/es\/wp-json\/wp\/v2\/comments?post=271320"}],"version-history":[{"count":0,"href":"https:\/\/www.europesays.com\/es\/wp-json\/wp\/v2\/posts\/271320\/revisions"}],"wp:featuredmedia":[{"embeddable":true,"href":"https:\/\/www.europesays.com\/es\/wp-json\/wp\/v2\/media\/271321"}],"wp:attachment":[{"href":"https:\/\/www.europesays.com\/es\/wp-json\/wp\/v2\/media?parent=271320"}],"wp:term":[{"taxonomy":"category","embeddable":true,"href":"https:\/\/www.europesays.com\/es\/wp-json\/wp\/v2\/categories?post=271320"},{"taxonomy":"post_tag","embeddable":true,"href":"https:\/\/www.europesays.com\/es\/wp-json\/wp\/v2\/tags?post=271320"}],"curies":[{"name":"wp","href":"https:\/\/api.w.org\/{rel}","templated":true}]}}