{"id":271322,"date":"2025-12-04T19:53:12","date_gmt":"2025-12-04T19:53:12","guid":{"rendered":"https:\/\/www.europesays.com\/es\/271322\/"},"modified":"2025-12-04T19:53:12","modified_gmt":"2025-12-04T19:53:12","slug":"muere-miquel-murga-mitico-del-un-dos-tres","status":"publish","type":"post","link":"https:\/\/www.europesays.com\/es\/271322\/","title":{"rendered":"Muere Miquel Murga, m\u00edtico del \u2018Un, dos, tres\u2019"},"content":{"rendered":"<p class=\"\"><b>El \u00e1mbito televisivo, radiof\u00f3nico y cinematogr\u00e1fico se vuelve a te\u00f1ir de luto tras conocerse el triste deceso de Miquel Murga a los 65 a\u00f1os<\/b>. La noticia ha sido confirmada por el entorno cercano del catal\u00e1n, nacido en el municipio barcelon\u00e9s de Sant Boi de Llobregat.<\/p>\n<p class=\"\">El humorista pas\u00f3 la mayor parte de su vida ligado tanto al mundillo de la peque\u00f1a pantalla como el radiof\u00f3nico. Se hizo popular por su participaci\u00f3n, como <b>c\u00f3mico y guionista<\/b>, en el m\u00edtico concurso <b>\u2018Un, dos, tres\u2026 responda otra vez\u2019<\/b>, emitido en Televisi\u00f3n Espa\u00f1ola, con Jordi Estadella a los mandos, y que le permiti\u00f3 a Miquel <b>saltar a la fama y hacerse un nombre en la industria<\/b>.<\/p>\n<p class=\"\">Unido a ello, cabe destacar que, m\u00e1s all\u00e1 de sus apariciones en las cadenas generalistas, Miquel Murga fue toda una <b>figura en Catalu\u00f1a<\/b>, tierra de la que procede. Apareci\u00f3 en programas del calibre de <b>\u2018Tres pics i repic\u00f3\u2019, \u2018Surti com surti\u2019<\/b>, as\u00ed como en espacios radiof\u00f3nicos de <b>Catalu\u00f1a R\u00e0dio, COM R\u00e0dio o R\u00e0dio 4<\/b>, entre otras.<\/p>\n<p class=\"\">Por \u00faltimo, Miquel Murga tambi\u00e9n se dej\u00f3 ver, aunque en menor medida, en el \u00e1mbito cinematogr\u00e1fico. Particip\u00f3 en pel\u00edculas como <b>\u2018Vivancos 3\u2019 o \u2018El complot de los anillos\u2019<\/b>, y en series del renombre de <b>\u2018Vintage\u2019 y \u2018Vida perfecta\u2019<\/b>.<\/p>\n<p>\u201cUn creador incansable\u201d<\/p>\n<p class=\"\">El deceso de Miquel Murga ha pillado por sorpresa a todo el mundo, incluidos los que una vez fueran sus compa\u00f1eros en R\u00e0dio 4, quienes no han perdido la oportunidad de <b>despedirse del que fuera su compa\u00f1ero con un emotivo mensaje<\/b>.<\/p>\n<p>Noticias relacionadas<a href=\"https:\/\/as.com\/tikitakas\/famosos\/muere-el-influencer-prince-patel-f202512-n\/\" class=\"s_m_w\" title=\"El creador de contenido, conocido como PKR Blogger, ha muerto a los 18 a\u00f1os despu\u00e9s de sufrir un aparatoso accidente de moto.\" data-tb-link=\"\" rel=\"nofollow noopener\" target=\"_blank\"><img decoding=\"async\" src=\"https:\/\/www.europesays.com\/es\/wp-content\/uploads\/2025\/12\/ZWDES2MPO5BCBDY4ZWVP4GNRNY.png\" alt=\"Muere el influencer Prince Patel \" class=\"\" height=\"9\" width=\"16\"   loading=\"lazy\" data-tb-thumbnail=\"\"\/><\/a><a href=\"https:\/\/as.com\/tikitakas\/famosos\/muere-la-influencer-karen-sofia-quiroz-a-los-25-anos-f202512-n\/\" class=\"s_m_w\" title=\"La joven creadora de contenido sufri\u00f3 un accidente de tr\u00e1fico mientras intentaba adelantar a dos veh\u00edculos.\" data-tb-link=\"\" rel=\"nofollow noopener\" target=\"_blank\"><img decoding=\"async\" src=\"https:\/\/www.europesays.com\/es\/wp-content\/uploads\/2025\/12\/PBG4JDFDAFHPBAEZS5OHNZ4OF4.png\" alt=\"Muere la influencer Karen Sof\u00eda Quiroz a los 25 a\u00f1os\" class=\"\" height=\"9\" width=\"16\"   loading=\"lazy\" data-tb-thumbnail=\"\"\/><\/a><\/p>\n<p class=\"\"><b>\u201cLamentamos profundamente la muerte de nuestro excompa\u00f1ero, colaborador y amigo Miquel Murga, un creador incansable en el mundo del teatro, la radio y la televisi\u00f3n\u201d<\/b>, han sido sus palabras.<\/p>\n<p class=\"\"><b>\u00a1Tus opiniones importan!<\/b> Comenta en los art\u00edculos y suscr\u00edbete gratis a nuestra <a href=\"https:\/\/asfan.as.com\/newsletters\/\" target=\"_blank\" rel=\"nofollow noopener\" title=\"https:\/\/asfan.as.com\/newsletters\/\">newsletter<\/a> y a las alertas informativas en la <a href=\"https:\/\/as.com\/aplicacion-de-as-n\/\" target=\"_blank\" rel=\"nofollow noopener\" title=\"https:\/\/as.com\/aplicacion-de-as-n\/\">App<\/a> o el canal de <a href=\"https:\/\/www.whatsapp.com\/channel\/0029VaAasdA7j6g745nz9M10\" target=\"_blank\" rel=\"nofollow noopener\" title=\"https:\/\/www.whatsapp.com\/channel\/0029VaAasdA7j6g745nz9M10\">WhatsApp<\/a>. \u00bfBuscas licenciar contenido? Haz clic <a href=\"https:\/\/profesional.elpais.com\/soluciones-sindicacion?utm_medium=interno&amp;utm_source=crosslinking&amp;utm_campaign=sindicacion_as_pie_articulos\" target=\"_blank\" rel=\"nofollow noopener\" title=\"https:\/\/profesional.elpais.com\/soluciones-sindicacion?utm_medium=interno&amp;utm_source=crosslinking&amp;utm_campaign=sindicacion_as_pie_articulos\">aqu\u00ed<\/a><\/p>\n","protected":false},"excerpt":{"rendered":"El \u00e1mbito televisivo, radiof\u00f3nico y cinematogr\u00e1fico se vuelve a te\u00f1ir de luto tras conocerse el triste deceso de&hellip;\n","protected":false},"author":2,"featured_media":271323,"comment_status":"","ping_status":"","sticky":false,"template":"","format":"standard","meta":{"footnotes":""},"categories":[174],"tags":[255,146,147,25,24,256,23],"class_list":{"0":"post-271322","1":"post","2":"type-post","3":"status-publish","4":"format-standard","5":"has-post-thumbnail","7":"category-famosos","8":"tag-celebrities","9":"tag-entertainment","10":"tag-entretenimiento","11":"tag-es","12":"tag-espana","13":"tag-famosos","14":"tag-spain"},"share_on_mastodon":{"url":"https:\/\/pubeurope.com\/@es\/115663052006698884","error":""},"_links":{"self":[{"href":"https:\/\/www.europesays.com\/es\/wp-json\/wp\/v2\/posts\/271322","targetHints":{"allow":["GET"]}}],"collection":[{"href":"https:\/\/www.europesays.com\/es\/wp-json\/wp\/v2\/posts"}],"about":[{"href":"https:\/\/www.europesays.com\/es\/wp-json\/wp\/v2\/types\/post"}],"author":[{"embeddable":true,"href":"https:\/\/www.europesays.com\/es\/wp-json\/wp\/v2\/users\/2"}],"replies":[{"embeddable":true,"href":"https:\/\/www.europesays.com\/es\/wp-json\/wp\/v2\/comments?post=271322"}],"version-history":[{"count":0,"href":"https:\/\/www.europesays.com\/es\/wp-json\/wp\/v2\/posts\/271322\/revisions"}],"wp:featuredmedia":[{"embeddable":true,"href":"https:\/\/www.europesays.com\/es\/wp-json\/wp\/v2\/media\/271323"}],"wp:attachment":[{"href":"https:\/\/www.europesays.com\/es\/wp-json\/wp\/v2\/media?parent=271322"}],"wp:term":[{"taxonomy":"category","embeddable":true,"href":"https:\/\/www.europesays.com\/es\/wp-json\/wp\/v2\/categories?post=271322"},{"taxonomy":"post_tag","embeddable":true,"href":"https:\/\/www.europesays.com\/es\/wp-json\/wp\/v2\/tags?post=271322"}],"curies":[{"name":"wp","href":"https:\/\/api.w.org\/{rel}","templated":true}]}}