{"id":271324,"date":"2025-12-04T19:54:11","date_gmt":"2025-12-04T19:54:11","guid":{"rendered":"https:\/\/www.europesays.com\/es\/271324\/"},"modified":"2025-12-04T19:54:11","modified_gmt":"2025-12-04T19:54:11","slug":"obra-nicanor-pinole-los-albaceas-de-la-obra-del-pintor-gijones-nicanor-pinole-se-abren-ahora-a-que-los-cuadros-vayan-temporalmente-al-revillagigedo","status":"publish","type":"post","link":"https:\/\/www.europesays.com\/es\/271324\/","title":{"rendered":"OBRA NICANOR PI\u00d1OLE | Los albaceas de la obra del pintor gijon\u00e9s Nicanor Pi\u00f1ole se abren ahora a que los cuadros vayan temporalmente al Revillagigedo"},"content":{"rendered":"<p class=\"ft-text ft-helper-closenews ft-helper-align-justify\"><a class=\"ft-link ft-link--decoration\" href=\"https:\/\/www.lne.es\/gijon\/2025\/12\/04\/revillagigedo-acogera-obra-pinole-albaceas-124426246.html\" target=\"_blank\" rel=\"nofollow noopener\">Nuevo giro con la obra de Nicanor Pi\u00f1ole. <\/a>Los albaceas de la colecci\u00f3n del pintor gijon\u00e9s han comunicado esta ma\u00f1ana que no se oponen al traslado de los cuadros al Palacio de Revillagigedo mientras dure<a class=\"ft-link ft-link--decoration\" href=\"https:\/\/www.lne.es\/gijon\/2025\/11\/02\/nuevo-pinole-seis-salas-abiertas-123269903.html\" target=\"_blank\" rel=\"nofollow noopener\"> la necesaria reforma del antiguo Asilo Pola<\/a>. <strong>\u201cPor supuesto, no nos oponemos a que durante esos meses se exponga la obra de Pi\u00f1ole en el palacio de Revillagigedo y que retorne al edificio de la plaza de Europa cuando las obras de reforma finalicen, estamos de acuerdo en apoyar cualquier iniciativa que contribuya al conocimiento y a la difusi\u00f3n de la obra del artista\u201d<\/strong>, se\u00f1alan.<\/p>\n<p class=\"ft-text ft-helper-align-justify\">La comisi\u00f3n del Museo Nicanor Pi\u00f1ole recuerda que su \u201c\u00fanica misi\u00f3n\u201d es la de <strong>\u201cvelar por el cumplimiento de las condiciones impuestas al Ayuntamiento en la escritura de donaci\u00f3n por Enriqueta Ce\u00f1al Costales, viuda de Pi\u00f1ole\u201d.<\/strong> <strong>\u201cEste es el motivo por el que se ha opuesto a que el museo fuese cerrado y quedase sin edificio durante un tiempo indefinido\u201d, se\u00f1alan. A juicio del colectivo, \u201cel dilema no reside en elegir entre una exposici\u00f3n en el palacio de Revillagigedo o que las obras del pintor permanezcan en un almac\u00e9n\u201d.<\/strong> \u201cLa propuesta, todav\u00eda por perfilar en sus detalles, que pareci\u00f3 lograr cierto consenso en la reuni\u00f3n mantenida con representantes del ayuntamiento el 30 de octubre consist\u00eda en que el Museo Pi\u00f1ole permanecer\u00eda en su actual edificio hasta que estuviese disponible el nuevo que se construir\u00e1 en Cimadevilla, aunque deber\u00eda cerrar unos meses, un m\u00e1ximo de diez, para acometer obras de instalaci\u00f3n de aire acondicionado y un ascensor\u201d, exponen.<\/p>\n<p class=\"ft-text ft-helper-align-justify\">A la espera de una nueva reuni\u00f3n con representantes municipales, prevista para este jueves, se\u00f1alan desde la comisi\u00f3n, que \u201clo que debe quedar claro es que, si finalmente hay acuerdo sobre la propuesta esbozada en octubre,<strong> el museo Pi\u00f1ole estar\u00eda cerrado un m\u00e1ximo de diez meses por reforma,<\/strong> probablemente Al ayuntamiento pueda lograr que las empresas encargadas acorten el plazo, mientras que la construcci\u00f3n del complejo de la antigua f\u00e1brica de tabacos se espera que pueda comenzar \u2018en la primavera de 2026\u2019, seg\u00fan indica la alcaldesa, ni siquiera eso es preciso, con un plazo de 40 meses (tres a\u00f1os y medio), que nadie puede asegurar que se cumpla\u00bb.<\/p>\n<p class=\"ft-text\">Desde el Ayuntamiento, por su parte, <strong>se\u00f1alaron ayer que ante este conflicto \u00abhay dos hechos indiscutibles\u00bb, siendo el primero \u00abque el actual museo tiene unas carencias enormes desde hace a\u00f1os que obligan a hacer una reforma importante\u00bb<\/strong>. \u00abHablamos de un edificio que ahora mismo no es accesible y tiene problemas de climatizaci\u00f3n\u00bb, a\u00f1aden estas fuentes. Como ya public\u00f3 en su d\u00eda este peri\u00f3dico, la reforma para solventar el problema de climatizaci\u00f3n e instalar un ascensor durar\u00e1 entre diez y doce meses.\u00a0<strong>Desde el gobierno municipal se\u00f1alan que la segunda certeza es que \u00abGij\u00f3n tiene adjudicada una obra por 21 millones de euros para crear un trasatl\u00e1ntico cultural como Tabacalera en el que 6 millones se van a dedicar al nuevo Museo Pi\u00f1ole\u00bb<\/strong>.\u00a0<\/p>\n<p data-close=\"closedContent\" class=\"subscribeHideForDisplay\">Suscr\u00edbete para seguir leyendo<\/p>\n","protected":false},"excerpt":{"rendered":"Nuevo giro con la obra de Nicanor Pi\u00f1ole. Los albaceas de la colecci\u00f3n del pintor gijon\u00e9s han comunicado&hellip;\n","protected":false},"author":2,"featured_media":271325,"comment_status":"","ping_status":"","sticky":false,"template":"","format":"standard","meta":{"footnotes":""},"categories":[173],"tags":[66617,229,233,231,230,38355,1250,7553,232,234,146,147,25,24,42258,66618,4125,474,475,23],"class_list":{"0":"post-271324","1":"post","2":"type-post","3":"status-publish","4":"format-standard","5":"has-post-thumbnail","7":"category-arte-y-diseno","8":"tag-albaceas","9":"tag-arte","10":"tag-arte-y-diseno","11":"tag-arts","12":"tag-arts-and-design","13":"tag-ascensor","14":"tag-ayuntamiento","15":"tag-comision","16":"tag-design","17":"tag-diseno","18":"tag-entertainment","19":"tag-entretenimiento","20":"tag-es","21":"tag-espana","22":"tag-gijones","23":"tag-nicanor","24":"tag-obra","25":"tag-obras","26":"tag-pintor","27":"tag-spain"},"share_on_mastodon":{"url":"https:\/\/pubeurope.com\/@es\/115663055283250114","error":""},"_links":{"self":[{"href":"https:\/\/www.europesays.com\/es\/wp-json\/wp\/v2\/posts\/271324","targetHints":{"allow":["GET"]}}],"collection":[{"href":"https:\/\/www.europesays.com\/es\/wp-json\/wp\/v2\/posts"}],"about":[{"href":"https:\/\/www.europesays.com\/es\/wp-json\/wp\/v2\/types\/post"}],"author":[{"embeddable":true,"href":"https:\/\/www.europesays.com\/es\/wp-json\/wp\/v2\/users\/2"}],"replies":[{"embeddable":true,"href":"https:\/\/www.europesays.com\/es\/wp-json\/wp\/v2\/comments?post=271324"}],"version-history":[{"count":0,"href":"https:\/\/www.europesays.com\/es\/wp-json\/wp\/v2\/posts\/271324\/revisions"}],"wp:featuredmedia":[{"embeddable":true,"href":"https:\/\/www.europesays.com\/es\/wp-json\/wp\/v2\/media\/271325"}],"wp:attachment":[{"href":"https:\/\/www.europesays.com\/es\/wp-json\/wp\/v2\/media?parent=271324"}],"wp:term":[{"taxonomy":"category","embeddable":true,"href":"https:\/\/www.europesays.com\/es\/wp-json\/wp\/v2\/categories?post=271324"},{"taxonomy":"post_tag","embeddable":true,"href":"https:\/\/www.europesays.com\/es\/wp-json\/wp\/v2\/tags?post=271324"}],"curies":[{"name":"wp","href":"https:\/\/api.w.org\/{rel}","templated":true}]}}