{"id":271326,"date":"2025-12-04T19:56:13","date_gmt":"2025-12-04T19:56:13","guid":{"rendered":"https:\/\/www.europesays.com\/es\/271326\/"},"modified":"2025-12-04T19:56:13","modified_gmt":"2025-12-04T19:56:13","slug":"netflix-acaba-de-estrenar-la-sucesora-de-yellowstone-un-western-de-7-episodios-con-un-duo-protagonista-de-lujo","status":"publish","type":"post","link":"https:\/\/www.europesays.com\/es\/271326\/","title":{"rendered":"Netflix acaba de estrenar la sucesora de &#8216;Yellowstone&#8217;. Un western de 7 episodios con un d\u00fao protagonista de lujo"},"content":{"rendered":"<p>La reciente llegada de <a class=\"text-outboundlink\" href=\"https:\/\/www.espinof.com\/criticas\/creo-que-temporada-5-stranger-things-decepcion-me-encanta-serie-me-he-sentido-enganado-4-episodios-que-solo-cogen-fuerza-al-final\" data-vars-post-title=\"Creo que la temporada 5 de &#039;Stranger Things&#039; es una decepci\u00f3n. Me encanta la serie, pero me he sentido enga\u00f1ado con 4 episodios que s\u00f3lo cogen fuerza al final \" data-vars-post-url=\"https:\/\/www.espinof.com\/criticas\/creo-que-temporada-5-stranger-things-decepcion-me-encanta-serie-me-he-sentido-enganado-4-episodios-que-solo-cogen-fuerza-al-final\" rel=\"nofollow noopener\" target=\"_blank\">la temporada 5 de &#8216;Stranger Things&#8217;<\/a> est\u00e1 eclipsando por completo al resto de estrenos de Netflix, pero la plataforma estrena hoy una serie sobre la que merece la pena llamar vuestra atenci\u00f3n. Promete ser la sucesora de <a class=\"text-outboundlink\" href=\"https:\/\/www.espinof.com\/criticas\/final-yellowstone-ha-sido-pequena-decepcion-western-cierra-puerta-a-temporada-6-potenciando-solamente-caras-serie\" data-vars-post-title=\"El final de &#039;Yellowstone&#039; ha sido una peque\u00f1a decepci\u00f3n. El western cierra la puerta a una temporada 6 potenciando solamente una de las caras de la serie \" data-vars-post-url=\"https:\/\/www.espinof.com\/criticas\/final-yellowstone-ha-sido-pequena-decepcion-western-cierra-puerta-a-temporada-6-potenciando-solamente-caras-serie\" rel=\"nofollow noopener\" target=\"_blank\">&#8216;Yellowstone&#8217;<\/a>, su primera temporada tiene 7 episodios y cuenta con un d\u00fao protagonista de lujo: <strong>&#8216;Los abandonados&#8217;<\/strong>.<\/p>\n<p>Creada por <strong>Kurt Sutter<\/strong> (<a class=\"text-outboundlink\" href=\"https:\/\/www.espinof.com\/series-de-ficcion\/sons-of-anarchy-termina-agonizando\" data-vars-post-title=\"&#039;Sons of Anarchy&#039; termina agonizando\" data-vars-post-url=\"https:\/\/www.espinof.com\/series-de-ficcion\/sons-of-anarchy-termina-agonizando\" rel=\"nofollow noopener\" target=\"_blank\">&#8216;Hijos de la anarqu\u00eda&#8217;<\/a>), &#8216;Los abandonados&#8217; se sit\u00faa a mediados del siglo XIX y cuenta la historia de una mujer incapaz de tener hijos y que ha adoptado a cuatro hu\u00e9rfanos. Sin embargo, su modo de vida se ve amenaza por una arist\u00f3crata de la zona que quiere hacerse con sus tierras, ya sea por las buenas o por las malas.<\/p>\n<p>Dudas<\/p>\n<p>Uno de los grandes atractivos de la serie es que enfrenta a <strong>Lena Headey<\/strong>, la inolvidable <strong>Cersei Lannister<\/strong> de <a class=\"text-outboundlink\" href=\"https:\/\/www.espinof.com\/criticas\/juego-tronos-8x06-estupendo-final-que-serie-merecia\" data-vars-post-title=\"&#039;Juego de Tronos&#039; 8x06: el estupendo final que la serie merec\u00eda\" data-vars-post-url=\"https:\/\/www.espinof.com\/criticas\/juego-tronos-8x06-estupendo-final-que-serie-merecia\" rel=\"nofollow noopener\" target=\"_blank\">&#8216;Juego de Tronos&#8217;<\/a>, con Gillian Anderson, la m\u00edtica Dana Scully de <a class=\"text-outboundlink\" href=\"https:\/\/www.espinof.com\/listas\/expediente-x-episodio-terrorifico-para-cada-11-temporadas-mitica-serie\" data-vars-post-title=\"&#039;Expediente X&#039;: el episodio m\u00e1s terror\u00edfico para cada una de las 11 temporadas de la m\u00edtica serie\" data-vars-post-url=\"https:\/\/www.espinof.com\/listas\/expediente-x-episodio-terrorifico-para-cada-11-temporadas-mitica-serie\" rel=\"nofollow noopener\" target=\"_blank\">&#8216;Expediente X&#8217;<\/a>. Eso s\u00ed, en roles opuestos a lo que uno esperar\u00eda, pues Headey da vida a la sufrida hero\u00edna, mientras que Anderson se mete en la piel de la gran villana de la funci\u00f3n.<\/p>\n<p><strong>Sobre el papel, &#8216;Los abandonados&#8217; lo tiene todo para ser uno de los grandes estrenos de Netflix de este 2025<\/strong>, pero hay un par de temas que invitan a tener ciertas dudas. Por ejemplo, Sutter <a class=\"text-outboundlink\" href=\"https:\/\/www.espinof.com\/netflix\/crisis-netflix-creador-hijos-anarquia-abandona-serie-epica-oeste-que-habia-hecho-para-plataforma-dias-antes-que-acabe-su-rodaje\" data-vars-post-title=\"Crisis en Netflix. El creador de &#039;Hijos de la Anarqu\u00eda&#039; abandona la serie \u00e9pica del oeste que hab\u00eda hecho para la plataforma d\u00edas antes de que acabe su rodaje \" data-vars-post-url=\"https:\/\/www.espinof.com\/netflix\/crisis-netflix-creador-hijos-anarquia-abandona-serie-epica-oeste-que-habia-hecho-para-plataforma-dias-antes-que-acabe-su-rodaje\" rel=\"nofollow noopener\" target=\"_blank\">abandon\u00f3 la serie<\/a> en octubre de 2024, pocos d\u00edas antes de que acabase el rodaje. Luego ni \u00e9l ni desde la plataforma han querido pronunciarse sobre lo que ha sucedido.<\/p>\n<p>    <a href=\"https:\/\/www.espinof.com\/listas\/mejores-westerns-netflix-estas-peliculas-series-oeste-imprescindibles-plataforma\" class=\"pivot-outboundlink\" data-vars-post-title=\"Los mejores westerns de Netflix. 5 pel\u00edculas y series del oeste imprescindibles para ver en la plataforma\" rel=\"nofollow noopener\" target=\"_blank\"><br \/>\n     <img loading=\"lazy\" decoding=\"async\" alt=\"Los mejores westerns de Netflix. 5 pel\u00edculas y series del oeste imprescindibles para ver en la plataforma\" width=\"375\" height=\"142\" src=\"https:\/\/www.europesays.com\/es\/wp-content\/uploads\/2025\/11\/1764341292_14_375_142.jpeg\"\/><br \/>\n    <\/a><\/p>\n<p>Todo eso llev\u00f3 a una importante reconversi\u00f3n de la misma, ya que <strong>inicialmente se encargaron 10 episodios y la cosa se qued\u00f3 en 7<\/strong> solamente porque hubo que dividir el piloto en dos por su abultada duraci\u00f3n. Huele a introducci\u00f3n inmensa y que luego se lo quitan de encima todo bastante r\u00e1pido, porque adem\u00e1s cuatro de los cinco siguientes episodios son sensiblemente m\u00e1s cortos.<\/p>\n<p>Eso nos deja en una situaci\u00f3n curiosa, pues &#8216;Los abandonados&#8217; parece un t\u00edtulo prometedor, pero tambi\u00e9n uno en el que esos problemas seguro que se dejan notar de alguna forma. Por lo pronto, la prensa especializada no ha quedado demasiado impresionada con el resultado final, pues apenas tiene un 50% de cr\u00edticas positivas <a rel=\"noopener, noreferrer nofollow\" href=\"https:\/\/www.rottentomatoes.com\/tv\/the_abandons\" target=\"_blank\">en Rotten Tomatoes<\/a>.<\/p>\n<p>En Espinof | <a class=\"text-outboundlink\" href=\"https:\/\/www.espinof.com\/listas\/mejores-peliculas-netflix-2025\" data-vars-post-title=\"Las 11 mejores pel\u00edculas de Netflix en 2025 (por ahora)\" data-vars-post-url=\"https:\/\/www.espinof.com\/listas\/mejores-peliculas-netflix-2025\" rel=\"nofollow noopener\" target=\"_blank\">Las mejores pel\u00edculas de Netflix en 2025<\/a><\/p>\n<p>En Espinof | <a class=\"text-outboundlink\" href=\"https:\/\/www.espinof.com\/listas\/mejores-series-netflix-2025\" data-vars-post-title=\"Las 18 mejores series de Netflix en 2025 (por ahora)\" data-vars-post-url=\"https:\/\/www.espinof.com\/listas\/mejores-series-netflix-2025\" rel=\"nofollow noopener\" target=\"_blank\">Las mejores series de Netflix en 2025<\/a><\/p>\n","protected":false},"excerpt":{"rendered":"La reciente llegada de la temporada 5 de &#8216;Stranger Things&#8217; est\u00e1 eclipsando por completo al resto de estrenos&hellip;\n","protected":false},"author":2,"featured_media":271327,"comment_status":"","ping_status":"","sticky":false,"template":"","format":"standard","meta":{"footnotes":""},"categories":[171],"tags":[146,147,25,24,23,214],"class_list":{"0":"post-271326","1":"post","2":"type-post","3":"status-publish","4":"format-standard","5":"has-post-thumbnail","7":"category-tv","8":"tag-entertainment","9":"tag-entretenimiento","10":"tag-es","11":"tag-espana","12":"tag-spain","13":"tag-tv"},"share_on_mastodon":{"url":"https:\/\/pubeurope.com\/@es\/115663063759708092","error":""},"_links":{"self":[{"href":"https:\/\/www.europesays.com\/es\/wp-json\/wp\/v2\/posts\/271326","targetHints":{"allow":["GET"]}}],"collection":[{"href":"https:\/\/www.europesays.com\/es\/wp-json\/wp\/v2\/posts"}],"about":[{"href":"https:\/\/www.europesays.com\/es\/wp-json\/wp\/v2\/types\/post"}],"author":[{"embeddable":true,"href":"https:\/\/www.europesays.com\/es\/wp-json\/wp\/v2\/users\/2"}],"replies":[{"embeddable":true,"href":"https:\/\/www.europesays.com\/es\/wp-json\/wp\/v2\/comments?post=271326"}],"version-history":[{"count":0,"href":"https:\/\/www.europesays.com\/es\/wp-json\/wp\/v2\/posts\/271326\/revisions"}],"wp:featuredmedia":[{"embeddable":true,"href":"https:\/\/www.europesays.com\/es\/wp-json\/wp\/v2\/media\/271327"}],"wp:attachment":[{"href":"https:\/\/www.europesays.com\/es\/wp-json\/wp\/v2\/media?parent=271326"}],"wp:term":[{"taxonomy":"category","embeddable":true,"href":"https:\/\/www.europesays.com\/es\/wp-json\/wp\/v2\/categories?post=271326"},{"taxonomy":"post_tag","embeddable":true,"href":"https:\/\/www.europesays.com\/es\/wp-json\/wp\/v2\/tags?post=271326"}],"curies":[{"name":"wp","href":"https:\/\/api.w.org\/{rel}","templated":true}]}}