{"id":271336,"date":"2025-12-04T20:02:20","date_gmt":"2025-12-04T20:02:20","guid":{"rendered":"https:\/\/www.europesays.com\/es\/271336\/"},"modified":"2025-12-04T20:02:20","modified_gmt":"2025-12-04T20:02:20","slug":"la-cuenta-regresiva-para-ios-26-2-cuando-llegara-la-actualizacion-para-los-iphone","status":"publish","type":"post","link":"https:\/\/www.europesays.com\/es\/271336\/","title":{"rendered":"La cuenta regresiva para iOS 26.2: cu\u00e1ndo llegar\u00e1 la actualizaci\u00f3n para los iPhone"},"content":{"rendered":"<p><img alt=\"iOS 26.2 promete una serie\" class=\"global-image\" decoding=\"async\" fetchpriority=\"high\" height=\"1080\" loading=\"eager\" src=\"https:\/\/www.europesays.com\/es\/wp-content\/uploads\/2025\/12\/HM7FMFQ2SZBPBNFEVHAHRLYGDU.png\" width=\"1920\"\/>iOS 26.2 promete una serie de novedades importantes.<br \/>\n(Composici\u00f3n Infobae: Apple \/ REUTERS\/Evgenia Novozhenina)<\/p>\n<p class=\"paragraph\"><a href=\"https:\/\/www.infobae.com\/tecno\/2025\/12\/02\/apple-reemplaza-a-su-jefe-de-ia-por-un-ejecutivo-de-microsoft\/\" target=\"_blank\" rel=\"noreferrer nofollow noopener\" title=\"https:\/\/www.infobae.com\/tecno\/2025\/12\/02\/apple-reemplaza-a-su-jefe-de-ia-por-un-ejecutivo-de-microsoft\/\">Apple <\/a>est\u00e1 pr\u00f3xima a lanzar la tan esperada actualizaci\u00f3n <a href=\"https:\/\/www.infobae.com\/tecno\/2025\/12\/02\/ios-262-las-12-nuevas-funciones-que-apple-activara-en-el-iphone-este-diciembre-de-2025\/\" target=\"_blank\" rel=\"noreferrer nofollow noopener\" title=\"https:\/\/www.infobae.com\/tecno\/2025\/12\/02\/ios-262-las-12-nuevas-funciones-que-apple-activara-en-el-iphone-este-diciembre-de-2025\/\">iOS 26.2<\/a> para los <b>iPhone <\/b>compatibles. Fiel a sus ciclos de lanzamiento, la compa\u00f1\u00eda del logo de la manzana sigue patrones regulares con cada nueva versi\u00f3n de su sistema operativo m\u00f3vil, lo que permite prever con bastante certeza en qu\u00e9 periodo estar\u00e1 disponible la actualizaci\u00f3n. <\/p>\n<p class=\"paragraph\">Adem\u00e1s de su numeraci\u00f3n, <b>iOS 26.2<\/b> promete una serie de novedades importantes que afectan tanto a la personalizaci\u00f3n visual como a la experiencia multimedia y de productividad. <\/p>\n<p class=\"paragraph\">El historial de versiones anteriores como iOS 18.2, iOS 17.2 y iOS 16.2 permite anticipar la hoja de ruta de <b>Apple <\/b>para la salida oficial de iOS 26.2. Habitualmente, la versi\u00f3n Release Candidate (RC) se publica a principios de diciembre, seguida unos d\u00edas despu\u00e9s del lanzamiento general. <\/p>\n<p><img alt=\"Apple est\u00e1 pr\u00f3xima a lanzar\" class=\"global-image\" decoding=\"async\" fetchpriority=\"low\" height=\"2001\" loading=\"lazy\" src=\"https:\/\/www.europesays.com\/es\/wp-content\/uploads\/2025\/12\/VYGLZBABLRE6HNMVRXR57LQCFE.JPG\" width=\"3000\"\/>Apple est\u00e1 pr\u00f3xima a lanzar la tan esperada actualizaci\u00f3n iOS 26.2 para los iPhone compatibles. <\/p>\n<p> REUTERS\/Dado Ruvic\/lustraci\u00f3n<\/p>\n<p class=\"paragraph\">En los \u00faltimos ciclos, la versi\u00f3n definitiva lleg\u00f3 entre la segunda y tercera semana de diciembre, tras un proceso de cuatro betas. Por tanto, es razonable esperar que iOS 26.2 est\u00e9 disponible en ese mismo lapso, antes de que Apple se enfoque en el desarrollo de iOS 26.3 y, posteriormente, en las<b> futuras novedades de Siri, que se anticipan para el primer mes del pr\u00f3ximo a\u00f1o<\/b>.<b> <\/b><\/p>\n<p class=\"paragraph\">En a\u00f1os recientes, por ejemplo, Apple ha seguido un calendario bastante regular con sus actualizaciones de iOS. Por ejemplo, tanto iOS 18.2 como iOS 17.2 presentaron su versi\u00f3n candidata el 5 de diciembre y la actualizaci\u00f3n oficial lleg\u00f3 unos d\u00edas despu\u00e9s, el 11 de diciembre, tras un ciclo de cuatro versiones beta. <\/p>\n<p class=\"paragraph\">Un caso similar ocurri\u00f3 con iOS 16.2, donde la RC se lanz\u00f3 el 7 de diciembre y la versi\u00f3n definitiva estuvo disponible el 13, nuevamente despu\u00e9s de cuatro betas.<\/p>\n<p><img alt=\"Tanto iOS 18.2 como iOS\" class=\"global-image\" decoding=\"async\" fetchpriority=\"low\" height=\"3829\" loading=\"lazy\" src=\"https:\/\/www.europesays.com\/es\/wp-content\/uploads\/2025\/12\/574OKC7BTJAFJPEUUQJXZK7KCU.JPG\" width=\"5500\"\/>Tanto iOS 18.2 como iOS 17.2 presentaron su versi\u00f3n candidata el 5 de diciembre.  <\/p>\n<p>REUTERS\/Francis Mascarenhas  <\/p>\n<p class=\"paragraph\">Ahora bien, siguiendo este patr\u00f3n, es probable que <b>la actualizaci\u00f3n final de iOS 26.2 se publique entre la segunda y la tercera semana de diciembre de 2025<\/b>. <\/p>\n<p class=\"paragraph\">El nuevo iOS 26.2 introduce innovaciones clave en la pantalla de bloqueo, permitiendo ajustar la intensidad del efecto <b>Liquid Glass<\/b> en el reloj para una mayor personalizaci\u00f3n. Una de las funciones m\u00e1s esperadas es la traducci\u00f3n en tiempo real en los AirPods, caracter\u00edstica que Apple ya ha detallado y que estar\u00e1 disponible pr\u00f3ximamente. <\/p>\n<p class=\"paragraph\">Apple Music tambi\u00e9n recibe actualizaciones atractivas: ahora los usuarios pueden compartir estados a trav\u00e9s de WhatsApp y consultar letras de canciones aunque est\u00e9n sin conexi\u00f3n, siempre que las pistas est\u00e9n descargadas en el dispositivo. <\/p>\n<p><img alt=\"Regulador de intensidad de Liquid\" class=\"global-image\" decoding=\"async\" fetchpriority=\"low\" height=\"545\" loading=\"lazy\" src=\"https:\/\/www.europesays.com\/es\/wp-content\/uploads\/2025\/12\/6K4PW7E4GJCH7DZHGSSBZNCSVY.png\" width=\"826\"\/>Regulador de intensidad de Liquid Glass. (Apple) <\/p>\n<p class=\"paragraph\">Por su parte, la app Recordatorios suma la posibilidad de transformar tareas en alarmas reales, lo que ayuda a recordar eventos importantes sin depender \u00fanicamente de las notificaciones convencionales. <\/p>\n<p class=\"paragraph\">La aplicaci\u00f3n Podcasts integra mejoras notables, a\u00f1adiendo cap\u00edtulos generados autom\u00e1ticamente, menciones a otros p\u00f3dcast visibles directamente en la transcripci\u00f3n o el reproductor, y accesos a los enlaces mencionados en cada episodio. <\/p>\n<p class=\"paragraph\">Adem\u00e1s, aparecen referencias a <b>Apple Creator<\/b> <b>Studio<\/b>, que podr\u00eda convertirse en una plataforma potente y profesional dirigida a los creadores de contenido desde el iPad. <\/p>\n<p><img alt=\"Apple permitir\u00e1 elegir entre un\" class=\"global-image\" decoding=\"async\" fetchpriority=\"low\" height=\"1169\" loading=\"lazy\" src=\"https:\/\/www.europesays.com\/es\/wp-content\/uploads\/2025\/12\/L3XHAQZCIZHMHMIVW3DOOVOO4U.jpg\" width=\"1920\"\/>Apple permitir\u00e1 elegir entre un dise\u00f1o Liquid Glass m\u00e1s opaco o m\u00e1s transparente.<br \/>\nAPPLE<\/p>\n<p class=\"paragraph\">Para quienes consideran que el dise\u00f1o Liquid Glass resulta visualmente agotador, existe una alternativa de accesibilidad que ayuda a incrementar el contraste y la facilidad de lectura en el <b>iPhone<\/b>. Esta funci\u00f3n no elimina por completo el efecto transl\u00facido de Liquid Glass, pero s\u00ed aten\u00faa su presencia, haciendo que elementos como el Dock y el Centro de Control sean m\u00e1s opacos y que el texto se perciba con mayor claridad.<\/p>\n<p class=\"paragraph\">Esta configuraci\u00f3n ofrece un equilibrio, permitiendo a los usuarios seguir disfrutando de las ventajas del sistema sin renunciar totalmente a su apariencia original.<\/p>\n<p class=\"paragraph\">La activaci\u00f3n es muy f\u00e1cil:<\/p>\n<ul data-icon=\"\u2b24\" class=\"list\">\n<li data-icon=\"\u2b24\">Abre la app de Ajustes del iPhone.<\/li>\n<li data-icon=\"\u2b24\">Ve al apartado Accesibilidad.<\/li>\n<li data-icon=\"\u2b24\">Selecciona Pantalla y tama\u00f1o del texto.<\/li>\n<li data-icon=\"\u2b24\">Habilita la opci\u00f3n \u201cReducir transparencia\u201d.<\/li>\n<\/ul>\n<p class=\"paragraph\">El cambio se efect\u00faa al instante, haciendo que iconos y textos destaquen mejor sobre el fondo. Esta opci\u00f3n resulta especialmente \u00fatil para quienes presentan dificultades visuales o prefieren una presentaci\u00f3n gr\u00e1fica menos transl\u00facida y m\u00e1s definida. <\/p>\n","protected":false},"excerpt":{"rendered":"iOS 26.2 promete una serie de novedades importantes. (Composici\u00f3n Infobae: Apple \/ REUTERS\/Evgenia Novozhenina) Apple est\u00e1 pr\u00f3xima a&hellip;\n","protected":false},"author":2,"featured_media":271337,"comment_status":"","ping_status":"","sticky":false,"template":"","format":"standard","meta":{"footnotes":""},"categories":[81],"tags":[119,123,124,25,24,406,117,121,122,23,118,120],"class_list":{"0":"post-271336","1":"post","2":"type-post","3":"status-publish","4":"format-standard","5":"has-post-thumbnail","7":"category-ciencia-y-tecnologia","8":"tag-ciencia","9":"tag-ciencia-y-tecnologia","10":"tag-cienciaytecnologia","11":"tag-es","12":"tag-espana","13":"tag-europe","14":"tag-science","15":"tag-science-and-technology","16":"tag-scienceandtechnology","17":"tag-spain","18":"tag-technology","19":"tag-tecnologia"},"share_on_mastodon":{"url":"","error":""},"_links":{"self":[{"href":"https:\/\/www.europesays.com\/es\/wp-json\/wp\/v2\/posts\/271336","targetHints":{"allow":["GET"]}}],"collection":[{"href":"https:\/\/www.europesays.com\/es\/wp-json\/wp\/v2\/posts"}],"about":[{"href":"https:\/\/www.europesays.com\/es\/wp-json\/wp\/v2\/types\/post"}],"author":[{"embeddable":true,"href":"https:\/\/www.europesays.com\/es\/wp-json\/wp\/v2\/users\/2"}],"replies":[{"embeddable":true,"href":"https:\/\/www.europesays.com\/es\/wp-json\/wp\/v2\/comments?post=271336"}],"version-history":[{"count":0,"href":"https:\/\/www.europesays.com\/es\/wp-json\/wp\/v2\/posts\/271336\/revisions"}],"wp:featuredmedia":[{"embeddable":true,"href":"https:\/\/www.europesays.com\/es\/wp-json\/wp\/v2\/media\/271337"}],"wp:attachment":[{"href":"https:\/\/www.europesays.com\/es\/wp-json\/wp\/v2\/media?parent=271336"}],"wp:term":[{"taxonomy":"category","embeddable":true,"href":"https:\/\/www.europesays.com\/es\/wp-json\/wp\/v2\/categories?post=271336"},{"taxonomy":"post_tag","embeddable":true,"href":"https:\/\/www.europesays.com\/es\/wp-json\/wp\/v2\/tags?post=271336"}],"curies":[{"name":"wp","href":"https:\/\/api.w.org\/{rel}","templated":true}]}}