{"id":271343,"date":"2025-12-04T20:06:10","date_gmt":"2025-12-04T20:06:10","guid":{"rendered":"https:\/\/www.europesays.com\/es\/271343\/"},"modified":"2025-12-04T20:06:10","modified_gmt":"2025-12-04T20:06:10","slug":"la-alhambra-se-suma-a-la-ruta-de-boabdil-que-unira-mas-de-una-treintena-de-municipios-de-granada-y-almeria-noticias","status":"publish","type":"post","link":"https:\/\/www.europesays.com\/es\/271343\/","title":{"rendered":"La Alhambra se suma a la Ruta de Boabdil que unir\u00e1 m\u00e1s de una treintena de municipios de Granada y Almer\u00eda &#8211; Noticias"},"content":{"rendered":"<p class=\"Standard\"><a name=\"_Hlk215560988\">El sal\u00f3n de actos del Palacio de Carlos V <\/a>ha acogido hoy la celebraci\u00f3n de la jornada de presentaci\u00f3n del plan director de la Ruta de Boabdil, un itinerario natural, patrimonial y cultural que aspira a unir m\u00e1s de una treintena municipios de las provincias de Granada y Almer\u00eda, rememorando el camino que condujo al exilio a Boabdil, \u00faltimo sult\u00e1n de Granada.<\/p>\n<p class=\"Standard\">En el transcurso de la jornada se han presentado los objetivos, ejes estrat\u00e9gicos y acciones recogidas por este plan director, en un acto que ha contacto con las intervenciones de Macarena O`Neill, viceconsejera de Cultura y Deporte de la Junta de Andaluc\u00eda; Antonio D\u00edaz S\u00e1nchez, diputado de Fondos Europeos, Desarrollo, Industria y Empleo de la Diputaci\u00f3n de Granada; el director general del Patronato de la Alhambra y el Generalife, Rodrigo Ruiz-Jim\u00e9nez Carrera, y la profesora titular de Estudios \u00c1rabes e Isl\u00e1micos de la Universidad de Granada, B\u00e1rbara Boloix Gallardo. <\/p>\n<p class=\"Standard\">Durante su intervenci\u00f3n Macarena O`Neill ha recordado que el recorrido que llev\u00f3 a Boabdil y a su mujer Morayma a abandonar la Alhambra tras la toma de la ciudad de Granada por los Reyes Cat\u00f3licos \u201cfue uno de los viajes m\u00e1s significativos de nuestro pasado, ya que, de alg\u00fan modo, supuso el cierre, el punto final, de uno de los m\u00e1s brillantes cap\u00edtulos de nuestra historia: el protagonizado por el emirato nazar\u00ed de Granada durante casi dos siglos y medio. Un emirato que alumbr\u00f3 esta Alhambra, Patrimonio de la Humanidad y emblema de la belleza de la arquitectura y el arte de todos los tiempos\u201d. <\/p>\n<p class=\"Standard\">En este sentido, la viceconsejera ha apuntado que la ruta tendr\u00e1 su punto de partida en la Alhambra. \u201cSe trata de una ruta que enlaza la Alhambra de Granada con la costa de Adra, donde finalmente Boabdil y parte de su corte embarcaron rumbo a Melilla y despu\u00e9s a Fez\u201d. Un itinerario que va \u201ca conectar cultural y econ\u00f3micamente a m\u00e1s de una veintena de municipios y, sobre todo, a enlazar el pasado con el presente, para forjar un futuro mejor para todos los actores implicados\u201d. Una propuesta que, en palabras de Macarena O\u2019Neill, \u201cpermite \u2018trasladar\u2019 la Alhambra por toda la provincia llegando a nuevos p\u00fablicos desde una perspectiva contempor\u00e1nea, sostenible y sostenida en el tiempo\u201d. <\/p>\n<p class=\"Standard\">Por su parte, Antonio D\u00edaz ha destacado que \u00ablo que estamos presentando no es solo un proyecto de infraestructuras, es una hoja de ruta integral para materializar un producto tur\u00edstico-cultural que estamos seguros que va a ser una referencia imprescindible en la marca que ya tiene Granada. Queremos posicionar la Ruta de Boabdil como un destino ineludible para todos los visitantes que vengan a nuestra provincia\u00bb.<\/p>\n<p class=\"Standard\">Adem\u00e1s, el diputado ha a\u00f1adido que \u00abesta iniciativa representa una oportunidad hist\u00f3rica para cohesionar el territorio, impulsar el desarrollo econ\u00f3mico local y ofrecer a nuestros pueblos una herramienta real de crecimiento\u201d.<\/p>\n<p class=\"Standard\">\u00a0\u00a0\u00a0\u00a0\u00a0\u00a0\u00a0\u00a0\u00a0\u00a0\u00a0\u00a0\u00a0\u00a0\u00a0\u00a0\u00a0\u00a0\u00a0\u00a0\u00a0\u00a0\u00a0\u00a0\u00a0\u00a0\u00a0 <\/p>\n<p class=\"Standard\">El plan director de la Ruta Boabdil, recientemente finalizado, estructura y articula los principales objetivos, ejes de actuaci\u00f3n y propuestas de desarrollo socioecon\u00f3mico de este itinerario, que recorre 32 municipios -27 de la provincia de Granada y cinco de Almer\u00eda- partiendo desde la Alhambra. Constituye un nuevo producto tur\u00edstico tiene como finalidad potenciar el valor hist\u00f3rico-cultural y medioambiental de la Ruta, promover el turismo sostenible y contribuir al desarrollo socioecon\u00f3mico de los territorios participantes. El plan alcanza una envergadura econ\u00f3mica de m\u00e1s de diecis\u00e9is millones de euros y cuenta con el apoyo de fondos FEDER y la cofinanciaci\u00f3n de la Diputaci\u00f3n de Granada.<\/p>\n<p class=\"Standard\">La ruta pretende potenciar la conexi\u00f3n entre las dos provincias, unidas por un mismo legado hist\u00f3rico y cultural. Asimismo, aspira a tender un puente entre la monumentalidad universal de la Alhambra y los paisajes m\u00e1s \u00edntimos y naturales de la Alpujarra y la Almer\u00eda interior, hasta desembocar en el Mediterr\u00e1neo en Adra, donde Boabdil embarc\u00f3 hacia su exilio. Esa transici\u00f3n desde la fortaleza palaciega hasta el mar encierra una profunda carga simb\u00f3lica: el paso de un mundo a otro, de la opulencia del reino granadino a la nostalgia del destierro, pero tambi\u00e9n la continuidad de una cultura que dejo su huella en cada pueblo, monumento y camino.<\/p>\n<p class=\"Standard\">El trazado principal parte de Granada, recorre municipios del \u00e1rea metropolitana y del Valle de Lecr\u00edn -Og\u00edjares, C\u00e1jar, La Zubia, Alhend\u00edn, Villa de Otura, D\u00edlar, Padul, Cozv\u00edjar, D\u00farcal y Nig\u00fcelas- y se adentra posteriormente en la Alpujarra a trav\u00e9s de enclaves como Pinos del Valle, Albu\u00f1uelas, Rest\u00e1bal, C\u00e1\u00f1ar, Carataunas, Lanjar\u00f3n y \u00d3rgiva.<\/p>\n<p class=\"Standard\">El tramo final contin\u00faa por la Alpujarra Alta, pasando por Almeg\u00edjar, Torvizc\u00f3n, C\u00e1staras, Lobras, C\u00e1diar, Mecina Bombar\u00f3n, V\u00e1lor y Ug\u00edjar, hasta llegar a Laroles y enlazar con la Alpujarra de Almer\u00eda, donde la ruta conecta con Alcolea, Fond\u00f3n, Laujar de Andarax, Berja y Adra, punto final del recorrido.<\/p>\n","protected":false},"excerpt":{"rendered":"El sal\u00f3n de actos del Palacio de Carlos V ha acogido hoy la celebraci\u00f3n de la jornada de&hellip;\n","protected":false},"author":2,"featured_media":271344,"comment_status":"","ping_status":"","sticky":false,"template":"","format":"standard","meta":{"footnotes":""},"categories":[5],"tags":[19920,17,18,25,24,13,14,11,19,20,9,10,15,16,23,12,21,22],"class_list":{"0":"post-271343","1":"post","2":"type-post","3":"status-publish","4":"format-standard","5":"has-post-thumbnail","7":"category-titulares","8":"tag-bienes-culturales","9":"tag-breaking-news","10":"tag-breakingnews","11":"tag-es","12":"tag-espana","13":"tag-featured-news","14":"tag-featurednews","15":"tag-headlines","16":"tag-latest-news","17":"tag-latestnews","18":"tag-news","19":"tag-noticias","20":"tag-noticias-destacadas","21":"tag-noticiasdestacadas","22":"tag-spain","23":"tag-titulares","24":"tag-ultimas-noticias","25":"tag-ultimasnoticias"},"share_on_mastodon":{"url":"https:\/\/pubeurope.com\/@es\/115663102484066210","error":""},"_links":{"self":[{"href":"https:\/\/www.europesays.com\/es\/wp-json\/wp\/v2\/posts\/271343","targetHints":{"allow":["GET"]}}],"collection":[{"href":"https:\/\/www.europesays.com\/es\/wp-json\/wp\/v2\/posts"}],"about":[{"href":"https:\/\/www.europesays.com\/es\/wp-json\/wp\/v2\/types\/post"}],"author":[{"embeddable":true,"href":"https:\/\/www.europesays.com\/es\/wp-json\/wp\/v2\/users\/2"}],"replies":[{"embeddable":true,"href":"https:\/\/www.europesays.com\/es\/wp-json\/wp\/v2\/comments?post=271343"}],"version-history":[{"count":0,"href":"https:\/\/www.europesays.com\/es\/wp-json\/wp\/v2\/posts\/271343\/revisions"}],"wp:featuredmedia":[{"embeddable":true,"href":"https:\/\/www.europesays.com\/es\/wp-json\/wp\/v2\/media\/271344"}],"wp:attachment":[{"href":"https:\/\/www.europesays.com\/es\/wp-json\/wp\/v2\/media?parent=271343"}],"wp:term":[{"taxonomy":"category","embeddable":true,"href":"https:\/\/www.europesays.com\/es\/wp-json\/wp\/v2\/categories?post=271343"},{"taxonomy":"post_tag","embeddable":true,"href":"https:\/\/www.europesays.com\/es\/wp-json\/wp\/v2\/tags?post=271343"}],"curies":[{"name":"wp","href":"https:\/\/api.w.org\/{rel}","templated":true}]}}