{"id":271347,"date":"2025-12-04T20:14:13","date_gmt":"2025-12-04T20:14:13","guid":{"rendered":"https:\/\/www.europesays.com\/es\/271347\/"},"modified":"2025-12-04T20:14:13","modified_gmt":"2025-12-04T20:14:13","slug":"koumadje-no-estaba-en-el-radar-pero-pensamos-que-podria-ser-un-buen-refuerzo","status":"publish","type":"post","link":"https:\/\/www.europesays.com\/es\/271347\/","title":{"rendered":"Koumadje no estaba en el radar, pero pensamos que podr\u00eda ser un buen refuerzo"},"content":{"rendered":"<p class=\"paragraph\">Tras el par\u00f3n por las ventanas FIBA, la Liga Endesa vuelve ponerse en marcha el fin de semana y lo hace con <b>un partido trascendental para el Casademont: el que disputar\u00e1 el s\u00e1bado a las 20.00 en Granada.<\/b> El entrenador rojillo, <a href=\"https:\/\/www.heraldo.es\/tags\/personas\/jesus-ramirez.html\" title=\"Jes\u00fas Ram\u00edrez\" rel=\"nofollow noopener\" target=\"_blank\">Jes\u00fas Ram\u00edrez<\/a>, ha explicado este jueves que <a href=\"https:\/\/www.heraldo.es\/noticias\/deportes\/2025\/11\/23\/casademont-zaragoza-la-laguna-tenerife-en-directo-1872649.html\" title=\"El Casademont pierde contra Tenerife (76-84) y sigue complic\u00e1ndose la vida\" rel=\"nofollow noopener\" target=\"_blank\">el equipo ha de aprender la lecci\u00f3n tras la derrota contra Tenerife<\/a>, un partido en el que \u00abhicimos cosas ofensivas de mucho nivel\u00bb, pero en el falt\u00f3 \u00abdisciplina t\u00e1ctica\u00bb y, tambi\u00e9n, consistencia: \u00abEstamos trabajando precisamente en eso, en lo que vimos en Tenerife, para que no vuelva a pasar\u00bb, ha afirmado.<\/p>\n<p class=\"paragraph\">Ram\u00edrez ha analizado c\u00f3mo se encuentran los jugadores tras la cita internacional y esperar\u00e1 hasta ma\u00f1ana para dar una convocatoria porque, por ejemplo, <b>Trae Bell-Haynes y Joel Soriano no ha podido entrenar a\u00fan y Marco Spissu se llev\u00f3 un golpe<\/b>, que parece no tener demasiadas consecuencias.<\/p>\n<p class=\"paragraph\">S\u00ed es m\u00e1s que probable que debute\u00a0<a href=\"https:\/\/www.heraldo.es\/noticias\/deportes\/2025\/12\/03\/khalifa-koumadje-mi-principal-aportacion-para-el-casademont-sera-la-solidez-defensiva-1875631.html\" title=\"Khalifa Koumadje: &quot;Mi principal aportaci\u00f3n para el Casademont ser\u00e1 la solidez defensiva&quot;\" rel=\"nofollow noopener\" target=\"_blank\">Koumadje -al que en el equipo llaman Christ-, que lleva ya dos entrenamientos y puede aportar \u00abcosas diferentes\u00bb al equipo. <\/a>\u00ab<b>Es un jugador especial, diferente, que nos aporta una herramienta distinta<\/b>. No est\u00e1 en ritmo de 5&#215;5, como es normal, pero s\u00ed est\u00e1 en buena forma gracias al trabajo individual. Ahora tenemos que intentar meterlo en din\u00e1mica porque el peque\u00f1o impacto que ha tenido en los entrenamientos ha sido positivo\u00bb, ha dicho Ram\u00edrez. El entrenador admite que la intenci\u00f3n con este fichaje es tener <b>\u00abm\u00e1s presencia defensiva\u00bb y \u00abm\u00e1s finalizaci\u00f3n dentro de la pintura\u00bb.<\/b> \u00abSigo confiando en los jugadores que tenemos, pero ahora tenemos m\u00e1s herramientas\u00bb.<\/p>\n<p class=\"paragraph\">Sobre c\u00f3mo se fragu\u00f3 el fichaje del gigante (2,24 de altura), Ram\u00edrez ha reconocido que \u00abno estaba en el radar\u00bb, pero \u00absiempre\u00a0estamos abiertos y mirando el mercado. Pensamos que pod\u00eda ser un buen refuerzo\u00bb. \u00ab<b>A Christ le he pedido presencia, liderazgo, rebote y contundencia<\/b> en las finalizaciones en la pintura. Con ese impacto, el equipo dar\u00e1 un paso adelante\u00bb.\u00a0<\/p>\n<p class=\"paragraph\">Aunque a\u00fan estamos apenas en diciembre, el equipo se juega mucho en el Palacio de los Deportes de Granada: por un lado, la credibilidad del propio entrenador Jes\u00fas Ram\u00edrez, y por otro, el poder escalar en la tabla clasificatoria y alejar los fantasmas del descenso. <a href=\"https:\/\/www.heraldo.es\/noticias\/deportes\/2025\/12\/04\/el-coviran-granada-pierde-a-dos-importantes-jugadores-antes-del-duelo-contra-el-casademont-1875955.html\" title=\"El Covir\u00e1n Granada pierde a dos importantes jugadores para el duelo contra el Casademont Zaragoza\" rel=\"nofollow noopener\" target=\"_blank\">No es precisamente Granada un rival c\u00f3modo para el Casademont, dado que en los seis \u00faltimos enfrentamientos los aragoneses han ca\u00eddo en cinco ocasiones.\u00a0<\/a><\/p>\n<p class=\"paragraph\">\u00abPara m\u00ed es muy importante que el partido de Tenerife nos sirvi\u00f3 para ver muchas cosas. Tenemos que aplicar lo aprendido: mejorar lo que hicimos mal y mantener lo que hicimos bien\u00bb, ha insistido Ram\u00edrez, al tiempo que ha explicado que con los jugadores que han permanecido estos d\u00edas en Zaragoza se ha hecho <b>\u00abun buen trabajo para mantener el tono f\u00edsico\u00bb.<\/b><\/p>\n<p>La confianza de Yusta<\/p>\n<p class=\"paragraph\">Por su parte, el capit\u00e1n <b>Santi Yusta ha valorado positivamente su participaci\u00f3n en la selecci\u00f3n nacional espa\u00f1ola de Chus Mateo<\/b> y ha deseado tener continuidad con la Familia. Sobre el momento del Casademont, ha opinado que el equipo est\u00e1 bien pero \u00abfaltan peque\u00f1os detalles en los \u00faltimos minutos para llevarnos la victoria\u00bb. \u00abEn Granada se ver\u00e1 que tenemos ganas\u00bb, ha dicho, al tiempo que bromeaba con la altura \u00abgigante\u00bb de Christ. El duelo contra el Covir\u00e1n \u00abes un partido importante\u00bb ya que los nazar\u00edes \u00aben casa est\u00e1n jugando bien\u00bb. <b>\u00abCon la llegada de Lluis Costa han dado un paso adelante\u00bb<\/b>, ha dicho Yusta, que conf\u00eda en que el Casademont sepa cortar los \u00abbajones\u00bb y sea capaz de mantener la buena din\u00e1mica cuando esta se da.\u00a0<\/p>\n<p class=\"paragraph\">El madrile\u00f1o ha asegurado que <b>el vestuario del Casademont est\u00e1 tranquilo <\/b>y que, aunque se sit\u00faan muy lejos de sus objetivos iniciales, <b>\u00abestamos bien porque tenemos confianza en lo que hacemos\u00bb<\/b>.\u00a0Sobre su momento personal, Yusta ha dicho que est\u00e1 muy contento y que el juego de Ram\u00edrez y <b>los nuevos conceptos le vienen bien.<\/b>\u00a0\u00abTengo minutos y confianza para seguir. No todos los partidos van a ser iguales porque no somos m\u00e1quinas\u00bb, ha reflexionado, antes de ponerse como &#8216;deberes&#8217; \u00abintentar involucrar a m\u00e1s jugadores (Trae, Devin, Dubi&#8230;) en sus situaciones naturales de juego\u00bb.<\/p>\n","protected":false},"excerpt":{"rendered":"Tras el par\u00f3n por las ventanas FIBA, la Liga Endesa vuelve ponerse en marcha el fin de semana&hellip;\n","protected":false},"author":2,"featured_media":271348,"comment_status":"","ping_status":"","sticky":false,"template":"","format":"standard","meta":{"footnotes":""},"categories":[269],"tags":[299,298,168,25,24,65844,31930,15303,4794,2871,23,167],"class_list":{"0":"post-271347","1":"post","2":"type-post","3":"status-publish","4":"format-standard","5":"has-post-thumbnail","7":"category-baloncesto","8":"tag-baloncesto","9":"tag-basketball","10":"tag-deportes","11":"tag-es","12":"tag-espana","13":"tag-koumadje","14":"tag-pensamos","15":"tag-radar","16":"tag-ramirez","17":"tag-refuerzo","18":"tag-spain","19":"tag-sports"},"share_on_mastodon":{"url":"https:\/\/pubeurope.com\/@es\/115663134288375264","error":""},"_links":{"self":[{"href":"https:\/\/www.europesays.com\/es\/wp-json\/wp\/v2\/posts\/271347","targetHints":{"allow":["GET"]}}],"collection":[{"href":"https:\/\/www.europesays.com\/es\/wp-json\/wp\/v2\/posts"}],"about":[{"href":"https:\/\/www.europesays.com\/es\/wp-json\/wp\/v2\/types\/post"}],"author":[{"embeddable":true,"href":"https:\/\/www.europesays.com\/es\/wp-json\/wp\/v2\/users\/2"}],"replies":[{"embeddable":true,"href":"https:\/\/www.europesays.com\/es\/wp-json\/wp\/v2\/comments?post=271347"}],"version-history":[{"count":0,"href":"https:\/\/www.europesays.com\/es\/wp-json\/wp\/v2\/posts\/271347\/revisions"}],"wp:featuredmedia":[{"embeddable":true,"href":"https:\/\/www.europesays.com\/es\/wp-json\/wp\/v2\/media\/271348"}],"wp:attachment":[{"href":"https:\/\/www.europesays.com\/es\/wp-json\/wp\/v2\/media?parent=271347"}],"wp:term":[{"taxonomy":"category","embeddable":true,"href":"https:\/\/www.europesays.com\/es\/wp-json\/wp\/v2\/categories?post=271347"},{"taxonomy":"post_tag","embeddable":true,"href":"https:\/\/www.europesays.com\/es\/wp-json\/wp\/v2\/tags?post=271347"}],"curies":[{"name":"wp","href":"https:\/\/api.w.org\/{rel}","templated":true}]}}