{"id":271349,"date":"2025-12-04T20:15:25","date_gmt":"2025-12-04T20:15:25","guid":{"rendered":"https:\/\/www.europesays.com\/es\/271349\/"},"modified":"2025-12-04T20:15:25","modified_gmt":"2025-12-04T20:15:25","slug":"copa-del-rey-en-directo-2","status":"publish","type":"post","link":"https:\/\/www.europesays.com\/es\/271349\/","title":{"rendered":"Copa del Rey, en directo"},"content":{"rendered":"<p>  12&#8242; | Cartagena 0 &#8211; 0 Valencia<\/p>\n<p>\u00a1La ha tenido el <strong>Cartagena<\/strong>! Error en la salida de bal\u00f3n del <strong>Valencia<\/strong> y <strong>Calder\u00f3n<\/strong>, que se ha plantado solo ante <strong>Dimitrievski<\/strong>, no ha podido definir a la perfecci\u00f3n.<\/p>\n<p><img loading=\"lazy\" decoding=\"async\" width=\"38\" height=\"38\" class=\"lazy float-right\" alt=\"\" src=\"https:\/\/www.europesays.com\/es\/wp-content\/uploads\/2025\/09\/60f287b9d7e3a.png\"\/>  53&#8242; | Ponferradina 0 &#8211; 1 Racing Club<\/p>\n<p><strong>\u00a1GOOOL DEL RACING! \u00a1GOOOL DE DIEGO FUENTES!<\/strong><\/p>\n<p>\u00a1Se adelantan los c\u00e1ntabros en el campo de la <strong>Ponferradina<\/strong>! Tanto m\u00e1s que merecido.<\/p>\n<p>  10&#8242; | Zaragoza 0 &#8211; 0 Burgos<\/p>\n<p>De momento, igualdad en el terreno de juego, con algo m\u00e1s de posesi\u00f3n para el <strong>Burgos <\/strong>en estos primeros minutos del encuentro.<\/p>\n<p>  9&#8242; | Sant Andreu 0 &#8211; 0 Celta de Vigo<\/p>\n<p>Llega con peligro el <strong>Sant Andreu <\/strong>con los centros laterales. Aun as\u00ed, la defensa celeste lo est\u00e1 sacando todo de momento.<\/p>\n<p><img loading=\"lazy\" decoding=\"async\" width=\"38\" height=\"38\" class=\"lazy float-right\" alt=\"\" src=\"https:\/\/www.europesays.com\/es\/wp-content\/uploads\/2025\/09\/60f287baec3ae.png\"\/>  50&#8242; | Ponferradina 0 &#8211; 0 Racing<\/p>\n<p>El <strong>Racing <\/strong>ha realizado un triple cambio nada m\u00e1s empezar la segunda parte, a pesar de que su primera parte no ha sido nada mala, con posesi\u00f3n y ocasiones.<\/p>\n<p>  6&#8242; | Cartagena 0 &#8211; 0 Valencia<\/p>\n<p>\u00a1Fuera el disparo de <strong>Ramazani<\/strong>! Lo ha probado el jugador del <strong>Valencia<\/strong>, pero la rosca no ha encontrado la porter\u00eda rival.<\/p>\n<p>  6&#8242; | Extremadura 0 &#8211; 0 Sevilla<\/p>\n<p>Primeros minutos muy disputados del choque. <strong>Callej\u00f3n <\/strong>ha tenido la primera para el <strong>Extremadura<\/strong>, que ha salido muy bien al terreno de juego.<\/p>\n<p><img loading=\"lazy\" decoding=\"async\" width=\"38\" height=\"38\" class=\"lazy float-right\" alt=\"\" src=\"https:\/\/www.europesays.com\/es\/wp-content\/uploads\/2025\/09\/1758137233_769_60f287bb741c3.png\"\/> <\/p>\n<p><strong>REAL \u00c1VILA 1 &#8211; 1 RAYO VALLECANO, EN DIRECTO | COPA DEL REY<\/strong><\/p>\n<p><strong>\u00a1Empieza la primera parte de la pr\u00f3rroga!<\/strong><\/p>\n<p>  5&#8242; | Cartagena 0 &#8211; 0 Valencia<\/p>\n<p>Dominio claro del <strong>Valencia <\/strong>en estos primeros cinco minutos del encuentro. Un once de <strong>Corber\u00e1n <\/strong>con muchos suplentes, pero tambi\u00e9n alg\u00fan jugador destacado, como <strong>Danjuma<\/strong>.<\/p>\n<p><img loading=\"lazy\" decoding=\"async\" width=\"38\" height=\"38\" class=\"lazy float-right\" alt=\"\" src=\"https:\/\/www.europesays.com\/es\/wp-content\/uploads\/2025\/09\/1758137233_769_60f287bb741c3.png\"\/> <\/p>\n<p><strong>PONFERRADINA 0 &#8211; 0 RACING, EN DIRECTO | COPA DEL REY<\/strong><\/p>\n<p><strong>\u00a1Arranca la segunda parte del partido!<\/strong><\/p>\n<p>  3&#8242; | Sant Andreu 0 &#8211; 0 Celta de Vigo<\/p>\n<p>Primeras posesiones para el conjunto catal\u00e1n en el <strong>Narc\u00eds Sala<\/strong>. Gran ambiente en el estadio del <strong>Sant Andreu <\/strong>para esta gran cita.<\/p>\n<p><img loading=\"lazy\" decoding=\"async\" width=\"38\" height=\"38\" class=\"lazy float-right\" alt=\"\" src=\"https:\/\/www.europesays.com\/es\/wp-content\/uploads\/2025\/09\/1758137233_769_60f287bb741c3.png\"\/> <\/p>\n<p><strong>COPA DEL REY, EN DIRECTO | SEGUNDA RONDA<\/strong><\/p>\n<p><strong>\u00a1Comienzan cuatro partidos m\u00e1s en el turno de las 21:00h!<\/strong><\/p>\n<p>Cartagena &#8211; Valencia<br \/>Extremadura &#8211; Sevilla<br \/>Real Zaragoza &#8211; Burgos<br \/>Sant Andreu &#8211; Celta de Vigo<\/p>\n<p><img loading=\"lazy\" decoding=\"async\" width=\"38\" height=\"38\" class=\"lazy float-right\" alt=\"\" src=\"https:\/\/www.europesays.com\/es\/wp-content\/uploads\/2025\/09\/60f287ba38116.png\"\/>  Real \u00c1vila 1 &#8211; 1 Rayo Vallecano<\/p>\n<p><strong>\u00a1Finaliza el partido! \u00a1Habr\u00e1 pr\u00f3rroga para decidir qui\u00e9n pasa a la siguiente ronda de Copa!<\/strong><\/p>\n<p><img loading=\"lazy\" decoding=\"async\" width=\"38\" height=\"38\" class=\"lazy float-right\" alt=\"\" src=\"https:\/\/www.europesays.com\/es\/wp-content\/uploads\/2025\/09\/60f287b9d7e3a.png\"\/>  94&#8242; | Real \u00c1vila 1 &#8211; 1 Rayo Vallecano<\/p>\n<p><strong>\u00a1GOOOL DEL RAYO! \u00a1LO EMPATA ISI!<\/strong><\/p>\n<p>\u00a1Lo ha conseguido el conjunto madrile\u00f1o! El &#8216;7&#8217; del <strong>Rayo <\/strong>ha cazado un rechace dentro del \u00e1rea y ha conseguido empatar. \u00bfHabr\u00e1 pr\u00f3rroga?<\/p>\n<p><img loading=\"lazy\" decoding=\"async\" width=\"38\" height=\"38\" class=\"lazy float-right\" alt=\"\" src=\"https:\/\/www.europesays.com\/es\/wp-content\/uploads\/2025\/09\/60f287ba38116.png\"\/> <\/p>\n<p><strong>SABADELL 0 &#8211; 2 DEPORTIVO DE LA CORU\u00d1A, EN DIRECTO | COPA DEL REY<\/strong><\/p>\n<p><strong>\u00a1Finaliza el partido en la Nova Creu Alta! \u00a1El Deportivo se clasifica para la siguiente ronda de Copa!<\/strong><\/p>\n<p>  90&#8242; | Real \u00c1vila 1 &#8211; 0 Rayo Vallecano<\/p>\n<p>Lo intenta a la desesperada el <strong>Rayo <\/strong>para empatar el partido. Tendr\u00e1 siete minutos de a\u00f1adido.<\/p>\n<p><img loading=\"lazy\" decoding=\"async\" width=\"38\" height=\"38\" class=\"lazy float-right\" alt=\"\" src=\"https:\/\/www.europesays.com\/es\/wp-content\/uploads\/2025\/09\/60f287ba38116.png\"\/> <\/p>\n<p><strong>ATL\u00c9TICO BALEARES 1 &#8211; 0 ESPANYOL, EN DIRECTO | COPA DEL REY<\/strong><\/p>\n<p><strong>\u00a1Finaliza el partido en Mallorca! \u00a1Sorpresa monumental con la eliminaci\u00f3n del Espanyol a manos del Atl\u00e9tico Baleares, equipo de Segunda RFEF!<\/strong><\/p>\n<p><img loading=\"lazy\" decoding=\"async\" width=\"38\" height=\"38\" class=\"lazy float-right\" alt=\"\" src=\"https:\/\/www.europesays.com\/es\/wp-content\/uploads\/2025\/09\/60f287ba38116.png\"\/> <\/p>\n<p><strong>LEGAN\u00c9S 1 &#8211; 2 ALBACETE, EN DIRECTO | COPA DEL REY<\/strong><\/p>\n<p><strong>\u00a1Finaliza el partido en Butarque! \u00a1El Albacete se clasifica para la siguiente ronda de Copa!<\/strong><\/p>\n<p><img loading=\"lazy\" decoding=\"async\" width=\"38\" height=\"38\" class=\"lazy float-right\" alt=\"\" src=\"https:\/\/www.europesays.com\/es\/wp-content\/uploads\/2025\/09\/60f287bc94ef4.png\"\/> <\/p>\n<p><strong>PONFERRADINA 0 &#8211; 0 RACING, EN DIRECTO | COPA DEL REY<\/strong><\/p>\n<p><strong>\u00a1Descanso del partido con tablas en el marcador!<\/strong><\/p>\n<p>  91&#8242; | Atl\u00e9tico Baleares 1 &#8211; 0 Espanyol<\/p>\n<p>\u00a1No ha llegado <strong>Roberto<\/strong>! \u00a1La ha tenido el delantero del <strong>Espanyol<\/strong>! Cuatro minutos de a\u00f1adido y queda poco para que acabe.<\/p>\n<p><img loading=\"lazy\" decoding=\"async\" width=\"38\" height=\"38\" class=\"lazy float-right\" alt=\"\" src=\"https:\/\/www.europesays.com\/es\/wp-content\/uploads\/2025\/09\/60f287b9d7e3a.png\"\/>  92&#8242; | Legan\u00e9s 1 &#8211; 2 Albacete<\/p>\n<p><strong>\u00a1GOOOL DEL LEGAN\u00c9S! \u00a1RECORTA DISTANCIAS EL CONJUNTO LOCAL!<\/strong><\/p>\n<p>Veremos si puede empatar y completar la gesta en los dos minutos que quedan.<\/p>\n<p>  88&#8242; | Atl\u00e9tico Baleares 1 &#8211; 0 Espanyol<\/p>\n<p>\u00a1La ha tenido <strong>Dolan<\/strong>! Disparo del delantero del <strong>Espanyol <\/strong>que se marcha rozando el palo. Ha tocado en un defensa y ser\u00e1 c\u00f3rner.<\/p>\n<p>  41&#8242; | Ponferradina 0 &#8211; 0 Racing<\/p>\n<p>Sigue dominando el esf\u00e9rico el <strong>Racing<\/strong>, pero sin crear peligro en la porter\u00eda de la <strong>Ponferradina<\/strong>. A punto de llegar al descanso con tablas en el marcador.<\/p>\n<p><img loading=\"lazy\" decoding=\"async\" width=\"38\" height=\"38\" class=\"lazy float-right\" alt=\"\" src=\"https:\/\/www.europesays.com\/es\/wp-content\/uploads\/2025\/09\/60f287ba90e4d.png\"\/>  86&#8242; | Atl\u00e9tico Baleares 1 &#8211; 0 Espanyol<\/p>\n<p>Tarjeta amarilla para <strong>Salinas<\/strong>. Respira el <strong>Atl\u00e9tico Baleares<\/strong>, que est\u00e1 muy cerca de hacer la gesta de eliminar a todo un <strong>Primera <\/strong>como el <strong>Espanyol<\/strong>.<\/p>\n<p>  79&#8242; | Real \u00c1vila 1 &#8211; 0 Rayo Vallecano<\/p>\n<p>El <strong>Rayo <\/strong>continua buscando con insistencia la porter\u00eda del <strong>\u00c1vila<\/strong>, pero sin mucho \u00e9xito. Pasan los minutos y los madrile\u00f1os no consiguen empatar.<\/p>\n<p><img loading=\"lazy\" decoding=\"async\" width=\"38\" height=\"38\" class=\"lazy float-right\" alt=\"\" src=\"https:\/\/www.europesays.com\/es\/wp-content\/uploads\/2025\/09\/60f287b9d7e3a.png\"\/> <\/p>\n<p><strong>\u00a1GOOOL DEL DEPORTIVO! \u00a1GOOOL DE RUB\u00c9N L\u00d3PEZ!<\/strong><\/p>\n<p>\u00a1Lo podr\u00eda haber sentenciado aqu\u00ed el conjunto gallego en la <strong>Nova Creu Alta<\/strong>! Qu\u00e9 golpeo del centrocampista para mandar el bal\u00f3n a la escuadra.<\/p>\n<p>  81&#8242; | Atl\u00e9tico Baleares 1 &#8211; 0 Espanyol<\/p>\n<p>Sigue teniendo el bal\u00f3n y buscando ocasiones el <strong>Espanyol<\/strong>, pero no acaba de tener oportunidades claras para rematar. Continua la sorpresa en el encuentro.<\/p>\n<p>  81&#8242; | Legan\u00e9s 0 &#8211; 2 Albacete<\/p>\n<p>A pesar del marcador en contra, el <strong>Legan\u00e9s <\/strong>se ha ido animando un poco en los \u00faltimos minutos con m\u00e1s posesi\u00f3n y remates, pero la clasificaci\u00f3n para la siguiente ronda sigue siendo para el <strong>Albacete <\/strong>y con una buena ventaja.<\/p>\n<p>  75&#8242; | Sabadell 0 &#8211; 1 Deportivo de la Coru\u00f1a<\/p>\n<p>\u00a1Salva <strong>Fuoli <\/strong>el segundo del <strong>Deportivo<\/strong>! Qu\u00e9 mano del portero del <strong>Sabadell <\/strong>para darle m\u00e1s esperanzas a su equipo de cara al final del partido.<\/p>\n<p>  76&#8242; | Atl\u00e9tico Baleares 1 &#8211; 0 Espanyol<\/p>\n<p>\u00a1No ha podido llegar <strong>Kike Garc\u00eda <\/strong>al bal\u00f3n! Sigue insistiendo el <strong>Espanyol<\/strong>, asediando la porter\u00eda del <strong>Atl\u00e9tico Baleares<\/strong> para, al menos, empatar el choque.<\/p>\n<p>  69&#8242; | Real \u00c1vila 1 &#8211; 0 Rayo Vallecano<\/p>\n<p>Posesiones muy largas del <strong>Rayo<\/strong>, pero no acaba de crear el peligro necesario en la porter\u00eda del <strong>\u00c1vila<\/strong>. Aun as\u00ed, ya se empieza a notar la diferencia f\u00edsica entre ambos conjuntos.<\/p>\n<p><img loading=\"lazy\" decoding=\"async\" width=\"38\" height=\"38\" class=\"lazy float-right\" alt=\"\" src=\"https:\/\/www.europesays.com\/es\/wp-content\/uploads\/2025\/09\/60f287baec3ae.png\"\/>  72&#8242; | Atl\u00e9tico Baleares 1 &#8211; 0 Espanyol<\/p>\n<p>\u00a1Triple cambio de <strong>Manolo Gonz\u00e1lez<\/strong>! Han entrado <strong>Terrats<\/strong>, <strong>Javi Hern\u00e1ndez <\/strong>y <strong>Dolan <\/strong>por <strong>Edu Exp\u00f3sito<\/strong>, <strong>Pickel <\/strong>y <strong>Rub\u00e9n S\u00e1nchez<\/strong>. A la desesperada para intentar empatar el <strong>Espanyol<\/strong>.<\/p>\n<p>  25&#8242; | Ponferradina 0 &#8211; 0 Racing<\/p>\n<p>El <strong>Racing <\/strong>tiene monopolizada la pelota y ya tiene m\u00e1s remates que la <strong>Ponferradina<\/strong>, que aguanta en su \u00e1rea los envites de los c\u00e1ntabros.<\/p>\n<p>  65&#8242; | Sabadell 0 &#8211; 1 Deportivo de la Coru\u00f1a<\/p>\n<p>Sigue atacando el <strong>Sabadell <\/strong>para intentar marcar el gol del empate. La \u00faltima ocasi\u00f3n la ha tenido <strong>Javi L\u00f3pez<\/strong>, pero su disparo lo ha acabado atrapando <strong>Puerto<\/strong>.<\/p>\n<p><img loading=\"lazy\" decoding=\"async\" width=\"38\" height=\"38\" class=\"lazy float-right\" alt=\"\" src=\"https:\/\/www.europesays.com\/es\/wp-content\/uploads\/2025\/09\/60f287baec3ae.png\"\/>  60&#8242; | Real \u00c1vila 1 &#8211; 0 Rayo Vallecano<\/p>\n<p>\u00a1Cu\u00e1druple cambio en el <strong>Rayo<\/strong>! <strong>I\u00f1igo P\u00e9rez<\/strong>, muy enfadado con sus jugadores, mete a otros cuatro de golpe. Han entrado <strong>Unai L\u00f3pez<\/strong>, <strong>\u00c1lvaro Garc\u00eda, De Frutos <\/strong>y<strong> Pep Chavarr\u00eda <\/strong>para intentar remontar el partido.<\/p>\n<p>  68&#8242; | Legan\u00e9s 0 &#8211; 2 Albacete<\/p>\n<p>Qu\u00e9 golpe de autoridad del <strong>Albacete <\/strong>en <strong>Butarque <\/strong>contra el <strong>Legan\u00e9s<\/strong>, mandando por 0-2 en el marcador y teniendo totalmente controlado el partido. Pie y medio en la siguiente ronda de <strong>Copa <\/strong>el equipo de <strong>Alberto Gonz\u00e1lez<\/strong>.<\/p>\n<p><img loading=\"lazy\" decoding=\"async\" width=\"38\" height=\"38\" class=\"lazy float-right\" alt=\"\" src=\"https:\/\/www.europesays.com\/es\/wp-content\/uploads\/2025\/09\/60f287ba90e4d.png\"\/>  56&#8242; | Real \u00c1vila 1 &#8211; 0 Rayo<\/p>\n<p><strong>Vitolo <\/strong>ha visto la cartulina amarilla. Aun as\u00ed, el <strong>\u00c1vila <\/strong>sigue ganando a todo un primera como el <strong>Rayo<\/strong>.<\/p>\n<p><img loading=\"lazy\" decoding=\"async\" width=\"38\" height=\"38\" class=\"lazy float-right\" alt=\"\" src=\"https:\/\/www.europesays.com\/es\/wp-content\/uploads\/2025\/09\/60f287baec3ae.png\"\/>  61&#8242; | Atl\u00e9tico Baleares 1 &#8211; 0 Espanyol<\/p>\n<p>Mueve ficha <strong>Manolo Gonz\u00e1lez <\/strong>para intentar remontar el partido. Han entrado <strong>Roberto <\/strong>y <strong>Urko <\/strong>por <strong>Jofre <\/strong>y <strong>Roca<\/strong>.<\/p>\n<p>  15&#8242; | Ponferradina 0 &#8211; 0 Racing<\/p>\n<p>Mucha posesi\u00f3n para el <strong>Racing <\/strong>en este primer cuarto de hora del partido, pero ha sido la <strong>Ponferradina <\/strong>quien ha gozado de la ocasi\u00f3n m\u00e1s clara hasta el momento.<\/p>\n<p><img loading=\"lazy\" decoding=\"async\" width=\"38\" height=\"38\" class=\"lazy float-right\" alt=\"\" src=\"https:\/\/www.europesays.com\/es\/wp-content\/uploads\/2025\/09\/60f287b9d7e3a.png\"\/>  61&#8242; | Legan\u00e9s 0 &#8211; 2 Albacete<\/p>\n<p><strong>\u00a1GOOOL DEL ALBACETE! \u00a1MARCA LAZO!<\/strong><\/p>\n<p>Los visitantes ponen tierra de por medio en <strong>Butarque <\/strong>para clasificarse para la siguiente ronda de <strong>Copa<\/strong>.<\/p>\n<p><img loading=\"lazy\" decoding=\"async\" width=\"38\" height=\"38\" class=\"lazy float-right\" alt=\"\" src=\"https:\/\/www.europesays.com\/es\/wp-content\/uploads\/2025\/09\/60f287b9d7e3a.png\"\/>  55&#8242; | Sabadell 0 &#8211; 1 Deportivo de la Coru\u00f1a<\/p>\n<p><strong>\u00a1GOOOL DEL DEPORTIVO! \u00a1GOOOL DE HERRERA!<\/strong><\/p>\n<p>\u00a1Se adelantan los gallegos en la <strong>Nova Creu Alta<\/strong>! Jarra de agua fr\u00eda para el <strong>Sabadell<\/strong>, que estaba creando m\u00e1s peligro.<\/p>\n<p><img loading=\"lazy\" decoding=\"async\" width=\"38\" height=\"38\" class=\"lazy float-right\" alt=\"\" src=\"https:\/\/www.europesays.com\/es\/wp-content\/uploads\/2025\/09\/60f287ba90e4d.png\"\/>  56&#8242; | Legan\u00e9s 0 &#8211; 1 Albacete<\/p>\n<p><strong>Fran G\u00e1mez<\/strong>, jugador del <strong>Albacete<\/strong>, ha visto la tarjeta amarilla por juego peligroso.<\/p>\n<p><img loading=\"lazy\" decoding=\"async\" width=\"38\" height=\"38\" class=\"lazy float-right\" alt=\"\" src=\"https:\/\/www.europesays.com\/es\/wp-content\/uploads\/2025\/09\/60f287b9d7e3a.png\"\/>  50&#8242; | Real \u00c1vila 1 &#8211; 0 Rayo Vallecano<\/p>\n<p><strong>\u00a1GOOOL DEL \u00c1VILA! \u00a1GOOOL DE PASCUAL!<\/strong><\/p>\n<p>\u00a1Otra sorpresa! \u00a1Se adelanta el <strong>\u00c1vila <\/strong>ante el <strong>Rayo<\/strong>! Buen gol de <strong>Carlos Pascual <\/strong>rematando un c\u00f3rner para poner por delante a su equipo.<\/p>\n<p>  50&#8242; | Sabadell 0 &#8211; 0 Deportivo de la Coru\u00f1a<\/p>\n<p>\u00a1A punto de marcar <strong>Liameed<\/strong>! Buena presi\u00f3n del jugador del <strong>Sabadell <\/strong>para robar el bal\u00f3n, pero su remate se ha marchado fuera por poco. Siguen insistiendo los catalanes ante el <strong>Deportivo<\/strong>.<\/p>\n<p><img loading=\"lazy\" decoding=\"async\" width=\"38\" height=\"38\" class=\"lazy float-right\" alt=\"\" src=\"https:\/\/www.europesays.com\/es\/wp-content\/uploads\/2025\/09\/60f287b9d7e3a.png\"\/>  54&#8242; | Atl\u00e9tico Baleares 1 &#8211; 0 Espanyol<\/p>\n<p><strong>\u00a1GOOOL DEL ATL\u00c9TICO BALEARES! \u00a1GOOOL DE TOVAR!<\/strong><\/p>\n<p>\u00a1Salta la sorpresa! Marca el delantero centro del conjunto local tras un bal\u00f3n muerto en el \u00e1rea. Tendr\u00e1 que remontar el <strong>Espanyol <\/strong>si no quiere quedar eliminado ante un rival de categor\u00eda inferior.<\/p>\n<p>  52&#8242; | Atl\u00e9tico Baleares 0 &#8211; 0 Espanyol<\/p>\n<p>Sigue atascado el <strong>Espanyol <\/strong>en <strong>Mallorca<\/strong>. Tendr\u00e1 que mover ficha <strong>Manolo Gonz\u00e1lez <\/strong>en esta segunda parte con la entrada de jugadores m\u00e1s determinantes.<\/p>\n<p><img loading=\"lazy\" decoding=\"async\" width=\"38\" height=\"38\" class=\"lazy float-right\" alt=\"\" src=\"https:\/\/www.europesays.com\/es\/wp-content\/uploads\/2025\/09\/60f287baec3ae.png\"\/>  48&#8242; | Sabadell 0 &#8211; 0 Deportivo de la Coru\u00f1a<\/p>\n<p>El <strong>Deportivo <\/strong>ha hecho el primer cambio del partido. Ha entrado <strong>Barcia <\/strong>por <strong>Noubi<\/strong>.<\/p>\n<p>  5&#8242; | Ponferradina 0 &#8211; 0 Racing<\/p>\n<p>Primeros compases del choque sin un dominador claro en el juego. Se van intercalando las posesiones entre ambos equipos.<\/p>\n<p><img loading=\"lazy\" decoding=\"async\" width=\"38\" height=\"38\" class=\"lazy float-right\" alt=\"\" src=\"https:\/\/www.europesays.com\/es\/wp-content\/uploads\/2025\/09\/60f287b9d7e3a.png\"\/> <\/p>\n<p><strong>\u00a1GOOOL DEL ALBACETE! \u00a1GOOOL DE MARVEL EN PROPIA PORTER\u00cdA!<\/strong><\/p>\n<p>\u00a1Se adelantan los visitantes en <strong>Butarque<\/strong>! Se lo merec\u00edan despu\u00e9s de la primera parte.<\/p>\n<p>  47&#8242; | Atl\u00e9tico Baleares 0 &#8211; 0 Espanyol<\/p>\n<p>Podr\u00e1 colgar el bal\u00f3n en el \u00e1rea el <strong>Atl\u00e9tico Baleares <\/strong>despu\u00e9s de una falta. Sigue el buen nivel de los locales en los primeros compases de la segunda mitad.<\/p>\n<p><img loading=\"lazy\" decoding=\"async\" width=\"38\" height=\"38\" class=\"lazy float-right\" alt=\"\" src=\"https:\/\/www.europesays.com\/es\/wp-content\/uploads\/2025\/09\/1758137233_769_60f287bb741c3.png\"\/> <\/p>\n<p><strong>COPA DEL REY, EN DIRECTO | SEGUNDA RONDA<\/strong><\/p>\n<p><strong>\u00a1Arrancan las segundas partes de los partidos de las 19:00h y empieza el encuentro de las 20:00h!<\/strong><\/p>\n<p><strong>Segunda mitad<\/strong><\/p>\n<p>Atl\u00e9tico Baleares 0 &#8211; 0 Espanyol<br \/>Legan\u00e9s 0 &#8211; 0 Albacete<br \/>Real \u00c1vila 0 &#8211; 0 Rayo Vallecano<br \/>Sabadell 0 &#8211; 0 Deportivo de la Coru\u00f1a<\/p>\n<p><strong>Primera mitad<\/strong><\/p>\n<p>Ponferradina &#8211; Racing<\/p>\n<p><img loading=\"lazy\" decoding=\"async\" width=\"38\" height=\"38\" class=\"lazy float-right\" alt=\"\" src=\"https:\/\/www.europesays.com\/es\/wp-content\/uploads\/2025\/09\/1758137234_122_60f287c0bb1bf.png\"\/> 19:55 <\/p>\n<p>\u00a1Ya tenemos alineaciones del pr\u00f3ximo partido que empezar\u00e1 a las 20:00h, el <strong>Ponferradina-Racing<\/strong>!<\/p>\n<p><strong>ALINEACI\u00d3N PONFERRADINA <\/strong>| Prieto; Moreno, Andujar, Novoa, Sousa; Balde, Aguilar, Frimpong; Sergio, Ferrer, Mula<\/p>\n<p><strong>ALINEACI\u00d3N RACING <\/strong>| Andreev; Sangalli, Manu, Salinas, Garcia; Cabanzon, Gueye, Aldasoro, Camara; Sergio, Arana<\/p>\n<p><img loading=\"lazy\" decoding=\"async\" width=\"38\" height=\"38\" class=\"lazy float-right\" alt=\"\" src=\"https:\/\/www.europesays.com\/es\/wp-content\/uploads\/2025\/09\/60f287bc94ef4.png\"\/> <\/p>\n<p><strong>COPA DEL REY, EN DIRECTO | SEGUNDA RONDA<\/strong><\/p>\n<p>De momento, sin goles en los cuatro partidos del turno de las 19:00h. El <strong>Espanyol <\/strong>domina ante un <strong>Atl\u00e9tico Baleares <\/strong>que tampoco est\u00e1 jugando un mal partido ante todo un <strong>Primera<\/strong>. En el duelo de equipos de <strong>Segunda<\/strong>, el <strong>Albacete <\/strong>est\u00e1 haciendo m\u00e1s da\u00f1o que el <strong>Legan\u00e9s<\/strong>, mientras que el <strong>Sabadell <\/strong>est\u00e1 sorprendiendo ante el <strong>Deportivo de<\/strong> <strong>la Coru\u00f1a<\/strong>. Por \u00faltimo, el <strong>Rayo <\/strong>est\u00e1 muy atascado en su choque contra el <strong>\u00c1vila<\/strong>.<\/p>\n<p><img loading=\"lazy\" decoding=\"async\" width=\"38\" height=\"38\" class=\"lazy float-right\" alt=\"\" src=\"https:\/\/www.europesays.com\/es\/wp-content\/uploads\/2025\/09\/60f287bc94ef4.png\"\/> <\/p>\n<p><strong>COPA DEL REY, EN DIRECTO | SEGUNDA RONDA<\/strong><\/p>\n<p><strong>\u00a1Descanso de los cuatro partidos de las 19:00h!<\/strong><\/p>\n<p>Atl\u00e9tico Baleares 0 &#8211; 0 Espanyol<br \/>Legan\u00e9s 0 &#8211; 0 Albacete<br \/>Real \u00c1vila 0 &#8211; 0 Rayo Vallecano<br \/>Sabadell 0 &#8211; 0 Deportivo de la Coru\u00f1a<\/p>\n<p>  44&#8242; | Real \u00c1vila 0 &#8211; 0 Rayo Vallecano<\/p>\n<p>El <strong>\u00c1vila <\/strong>est\u00e1 plantado en bloque bajo y el <strong>Rayo<\/strong> no consigue materializar ocasiones, a pesar de que est\u00e1 teniendo el bal\u00f3n constantemente.<\/p>\n<p>  43&#8242; | Sabadell 0 &#8211; 0 Deportivo de la Coru\u00f1a<\/p>\n<p>Lo ha probado ahora <strong>Astals <\/strong>para el <strong>Sabadell<\/strong>, pero el bal\u00f3n se ha ido desviado. Gran puesta en escena de los catalanes ante un <strong>Deportivo<\/strong> que no acaba de estar c\u00f3modo en la <strong>Nova Creu Alta<\/strong>.<\/p>\n<p>  42&#8242; | Atl\u00e9tico Baleares 0 &#8211; 0 Espanyol<\/p>\n<p>Intenta aproximarse al \u00e1rea rival el <strong>Espanyol <\/strong>por las bandas, pero est\u00e1 teniendo muchas dificultades.<\/p>\n<p><img loading=\"lazy\" decoding=\"async\" width=\"38\" height=\"38\" class=\"lazy float-right\" alt=\"\" src=\"https:\/\/www.europesays.com\/es\/wp-content\/uploads\/2025\/09\/60f287ba90e4d.png\"\/>  41&#8242; | Legan\u00e9s 0 &#8211; 0 Albacete<\/p>\n<p>\u00a1Otra amarilla para un jugador del <strong>Legan\u00e9s<\/strong>! Ahora la ha visto el delantero <strong>Miguel de la Fuente<\/strong>.<\/p>\n<p><img loading=\"lazy\" decoding=\"async\" width=\"38\" height=\"38\" class=\"lazy float-right\" alt=\"\" src=\"https:\/\/www.europesays.com\/es\/wp-content\/uploads\/2025\/09\/60f287ba90e4d.png\"\/>  40&#8242; | Atl\u00e9tico Baleares 0 &#8211; 0 Espanyol<\/p>\n<p>Tarjeta amarilla para <strong>Pickel<\/strong>. Tendr\u00e1 una falta peligrosa el conjunto local para colgar al \u00e1rea.<\/p>\n<p><img loading=\"lazy\" decoding=\"async\" width=\"38\" height=\"38\" class=\"lazy float-right\" alt=\"\" src=\"https:\/\/www.europesays.com\/es\/wp-content\/uploads\/2025\/09\/60f287ba90e4d.png\"\/>  40&#8242; | Legan\u00e9s 0 &#8211; 0 Albacete<\/p>\n<p>Tarjeta amarilla para <strong>Sule<\/strong>. La segunda que ve en el partido un jugador del <strong>Legan\u00e9s<\/strong>.\u00a0<\/p>\n<p>  38&#8242; | Atl\u00e9tico Baleares 0 &#8211; 0 Espanyol<\/p>\n<p>\u00a1La ha tenido <strong>Jofre<\/strong>! Disparo del &#8217;17&#8217; dentro del \u00e1rea que se marcha rozando el palo de la porter\u00eda local.<\/p>\n<p>  37&#8242; | Atl\u00e9tico Baleares 0 &#8211; 0 Espanyol<\/p>\n<p>Lo sigue intentando el <strong>Espanyol<\/strong>, pero de momento, no hay manera. La m\u00e1s clara la ha tenido <strong>Salinas<\/strong>, pero <strong>Rivas <\/strong>se ha mostrado muy seguro bajo palos.<\/p>\n<p>  34&#8242; | Legan\u00e9s 0 &#8211; 0 Albacete<\/p>\n<p>\u00a1Disparo de <strong>\u00d3scar Plano <\/strong>que se marcha fuera! Lo ha intentado el <strong>Legan\u00e9s<\/strong>.<\/p>\n<p>  34&#8242; | Sabadell 0 &#8211; 0 Deportivo de la Coru\u00f1a<\/p>\n<p>\u00a1La ha tenido el <strong>Sabadell<\/strong>! Despu\u00e9s de una buena acci\u00f3n de estrategia, el disparo de <strong>Bonaldo <\/strong>se ha ido rozando el palo. Buen partido hasta ahora de los catalanes.<\/p>\n<p>  32&#8242; | Real \u00c1vila 0 &#8211; 0 Rayo Vallecano<\/p>\n<p>\u00a1Gol anulado a <strong>Camello <\/strong>por fuera de juego! La ha tenido el <strong>Rayo <\/strong>para avanzarse en el marcador.<\/p>\n<p>  32&#8242; | Real \u00c1vila 0 &#8211; 0 Rayo Vallecano<\/p>\n<p>Despu\u00e9s de algunos sustos del <strong>\u00c1vila <\/strong>en el \u00e1rea del <strong>Rayo<\/strong>, con larguero incluido, ahora son los madrile\u00f1os quienes est\u00e1n metiendo a los locales en su campo y buscando la porter\u00eda rival con insistencia.<\/p>\n<p>  Primera media hora sin goles en todos los partidos<\/p>\n<p>Siguen las gafas en todos los marcadores de los cuatro partidos que se est\u00e1n disputando de <strong>Copa del Rey<\/strong>:<\/p>\n<p><strong>Atl\u00e9tico Baleares 0 &#8211; 0 Espanyol<\/strong><br \/><strong>Legan\u00e9s 0 &#8211; 0 Albacete<\/strong><br \/><strong>Real \u00c1vila 0 &#8211; 0 Rayo Vallecano<\/strong><br \/><strong>Sabadell 0 &#8211; 0 Deportivo de la Coru\u00f1a<\/strong><\/p>\n<p>  29&#8242; | Atl\u00e9tico Baleares 0 &#8211; 0 Espanyol<\/p>\n<p>El <strong>Atl\u00e9tico Baleares <\/strong>est\u00e1 mejorando con el paso de los minutos, teniendo m\u00e1s posesi\u00f3n de bal\u00f3n y poni\u00e9ndole las cosas a\u00fan m\u00e1s complicadas al <strong>Espanyol<\/strong>, que no acaba de estar c\u00f3modo en el campo.<\/p>\n<p>  28&#8242; | Legan\u00e9s 0 &#8211; 0 Albacete<\/p>\n<p>Sigue el empate a cero en el marcador (como en el resto de partidos) en el <strong>Estadio Municipal de Butarque<\/strong>. Algunas ocasiones para ambos equipos e intensidad en el campo.<\/p>\n<p>  25&#8242; | Atl\u00e9tico Baleares 0 &#8211; 0 Espanyol<\/p>\n<p>Muy poquito de <strong>Kike Garc\u00eda <\/strong>en esta primera parte, teniendo en cuenta que es la referencia del <strong>Espanyol <\/strong>arriba. Veremos si el veterano delantero puede cazar alguna.<\/p>\n<p>  22&#8242; | Real \u00c1vila 0 &#8211; 0 Rayo Vallecano<\/p>\n<p>\u00a1<strong>AL LARGUERO EL \u00c1VILA<\/strong>! La ha tenido de nuevo el conjunto local tras un cabezazo de <strong>Diego Lorenzo <\/strong>que se ha estrellado en la madera. Sobrevive el <strong>Rayo <\/strong>como puede.<\/p>\n<p>  22&#8242; | Real \u00c1vila 0 &#8211; 0 Rayo Vallecano<\/p>\n<p>A pesar de que el <strong>Rayo <\/strong>est\u00e1 dominando el encuentro, el <strong>\u00c1vila <\/strong>ha tenido una muy clara para marcar a partir de <strong>Runy<\/strong>, pero su disparo se ha ido rozando el poste de la meta de <strong>C\u00e1rdenas<\/strong>.<\/p>\n<p>  22&#8242; | Sabadell 0 &#8211; 0 Deportivo de la Coru\u00f1a<\/p>\n<p>Est\u00e1 bien plantado el <strong>Sabadell <\/strong>en la <strong>Nova Creu<\/strong> <strong>Alta<\/strong>, teniendo m\u00e1s bal\u00f3n que el <strong>Deportivo<\/strong>. Aun as\u00ed, la ocasi\u00f3n m\u00e1s clara ha sido para los gallegos.<\/p>\n<p><img loading=\"lazy\" decoding=\"async\" width=\"38\" height=\"38\" class=\"lazy float-right\" alt=\"\" src=\"https:\/\/www.europesays.com\/es\/wp-content\/uploads\/2025\/09\/60f2881040df8.png\"\/>  19&#8242; | Atl\u00e9tico Baleares 0 &#8211; 0 Espanyol<\/p>\n<p>Se ha hecho mucho da\u00f1o <strong>Riedel <\/strong>en una ca\u00edda. Veremos si se puede recuperar el central del <strong>Espanyol<\/strong>.<\/p>\n<p><img loading=\"lazy\" decoding=\"async\" width=\"38\" height=\"38\" class=\"lazy float-right\" alt=\"\" src=\"https:\/\/www.europesays.com\/es\/wp-content\/uploads\/2025\/09\/60f287ba90e4d.png\"\/>  17&#8242; | Legan\u00e9s 0 &#8211; 0 Albacete<\/p>\n<p>Primera tarjeta amarilla del encuentro para <strong>Figueredo<\/strong>, el lateral derecho del Legan\u00e9s.<\/p>\n<p><img loading=\"lazy\" decoding=\"async\" width=\"38\" height=\"38\" class=\"lazy float-right\" alt=\"\" src=\"https:\/\/www.europesays.com\/es\/wp-content\/uploads\/2025\/09\/60f287ba90e4d.png\"\/> <\/p>\n<p>Primera tarjeta amarilla del partido para <strong>Luiz Felipe<\/strong>, central del <strong>Rayo<\/strong>.<\/p>\n<p>  16&#8242; | Atl\u00e9tico Baleares 0 &#8211; 0 Espanyol<\/p>\n<p>Sigue sin encontrar espacios el <strong>Espanyol <\/strong>para atacar en campo rival. Hay jugadores de peso de <strong>Manolo Gonz\u00e1lez <\/strong>sobre el c\u00e9sped, pero de momento, no est\u00e1n teniendo suerte.<\/p>\n<p>  14&#8242; | Real \u00c1vila 0 &#8211; 0 Rayo Vallecano<\/p>\n<p>El <strong>Rayo <\/strong>ya est\u00e1 llevando la iniciativa del encuentro y est\u00e1 empezando a coger temperatura al partido. Ya ha tenido alg\u00fan c\u00f3rner para intentar hacer da\u00f1o en el \u00e1rea rival.<\/p>\n<p>  Sin goles en el primer cuarto de hora<\/p>\n<p>De momento, no hay goles en el primer cuarto de hora en los partidos que se est\u00e1n jugando desde las 19:00h:<\/p>\n<p><strong>Atl\u00e9tico Baleares 0 &#8211; 0 Espanyol<\/strong><br \/><strong>Legan\u00e9s 0 &#8211; 0 Albacete<\/strong><br \/><strong>Real \u00c1vila 0 &#8211; 0 Rayo Vallecano<\/strong><br \/><strong>Sabadell 0 &#8211; 0 Deportivo de la Coru\u00f1a<\/strong><\/p>\n<p>  11&#8242; | Legan\u00e9s 0 &#8211; 0 Albacete<\/p>\n<p>\u00a1La primera del <strong>Legan\u00e9s<\/strong>! A pesar de que el <strong>Albacete <\/strong>est\u00e1 teniendo m\u00e1s el bal\u00f3n, los madrile\u00f1os han probado suerte con un disparo de <strong>Suleiman<\/strong>.<\/p>\n<p> 11&#8242; | Atl\u00e9tico Baleares 0 &#8211; 0 Espanyol <\/p>\n<p>\u00a1La ha tenido <strong>Salinas<\/strong>! Buena parada de <strong>Rivas <\/strong>para evitar el primero del <strong>Espanyol<\/strong>.<\/p>\n<p>  10&#8242; | Atl\u00e9tico Baleares 0 &#8211; 0 Espanyol<\/p>\n<p>El <strong>Espanyol <\/strong>est\u00e1 dominando por completo el encuentro, pero no encuentra espacios entre la l\u00ednea poblada del <strong>Atl\u00e9tico Baleares<\/strong>, que est\u00e1 muy bien plantando en el terreno de juego. De momento, sin ocasiones claras.<\/p>\n<p>  7&#8242; | Real \u00c1vila 0 &#8211; 0 Rayo Vallecano<\/p>\n<p>En el <strong>Estadio Adolfo Su\u00e1rez<\/strong>, el <strong>Rayo <\/strong>est\u00e1 monopolizando la posesi\u00f3n de la pelota, pero ha sido el <strong>\u00c1vila <\/strong>quien ha tenido los primeros remates en porter\u00eda contraria.<\/p>\n<p>  7&#8242; | Atl\u00e9tico Baleares 0 &#8211; 0 Espanyol<\/p>\n<p>Primera llegada del <strong>Atl\u00e9tico Baleares <\/strong>al \u00e1rea del <strong>Espanyol<\/strong>. Est\u00e1 jugando muy valiente el conjunto local ante todo un equipo de <strong>Primera<\/strong>.<\/p>\n<p>  6&#8242; | Sabadell 0 &#8211; 0 Deportivo de la Coru\u00f1a<\/p>\n<p>El <strong>D\u00e9por <\/strong>ya se ha acercado dos veces a la porter\u00eda del <strong>Sabadell <\/strong>en estos primeros minutos del encuentro, buscando hacer da\u00f1o desde el principio.<\/p>\n<p>  6&#8242; | Legan\u00e9s 0 &#8211; 0 Albacete<\/p>\n<p>Primeros compases del partido con m\u00e1s posesi\u00f3n por parte del <strong>Albacete<\/strong>. Duelo de conjuntos de <strong>Segunda <\/strong>en <strong>Butarque<\/strong>.<\/p>\n<p>  3&#8242; | Atl\u00e9tico Baleares 0 &#8211; 0 Espanyol<\/p>\n<p>Comienza dominando el <strong>Espanyol<\/strong>, como era de esperar. Ya busca la porter\u00eda contraria el equipo de <strong>Manolo Gonz\u00e1lez<\/strong>.<\/p>\n<p><img loading=\"lazy\" decoding=\"async\" width=\"38\" height=\"38\" class=\"lazy float-right\" alt=\"\" src=\"https:\/\/www.europesays.com\/es\/wp-content\/uploads\/2025\/09\/1758137233_769_60f287bb741c3.png\"\/> <\/p>\n<p><strong>COPA DEL REY, EN DIRECTO | SEGUNDA RONDA<\/strong><\/p>\n<p><strong>\u00a1Arrancan los cuatro partidos de las 19:00h! \u00a1Ya rueda el bal\u00f3n!<\/strong><\/p>\n<p><img loading=\"lazy\" decoding=\"async\" width=\"38\" height=\"38\" class=\"lazy float-right\" alt=\"\" src=\"https:\/\/www.europesays.com\/es\/wp-content\/uploads\/2025\/09\/1758137234_122_60f287c0bb1bf.png\"\/> 18:55 <\/p>\n<p><strong>ALINEACI\u00d3N SABADELL <\/strong>| Fuoli; Astals, Lazaro, Bonaldo, Fornes; Priego, Orriols, Liameed, Mart\u00ednez; Ram\u00edrez, Ripoll<\/p>\n<p><strong>ALINEACI\u00d3N DEPORTIVO <\/strong>| Eric Puerto; Loureiro, Noubi, Samu, Fabi; Rub\u00e9n L\u00f3pez, Pati\u00f1o, Gragera; Herrera, Mulattieri, Zakaria<\/p>\n<p><img loading=\"lazy\" decoding=\"async\" width=\"38\" height=\"38\" class=\"lazy float-right\" alt=\"\" src=\"https:\/\/www.europesays.com\/es\/wp-content\/uploads\/2025\/09\/1758137234_122_60f287c0bb1bf.png\"\/> 18:50 <\/p>\n<p><strong>ALINEACI\u00d3N REAL \u00c1VILA <\/strong>| Rodr\u00edguez; Urbina, Garrido, Pascual, Doumbia; P\u00e9rez, Ruiz, Vitolo; Runy, Lorenzo, Sarr<\/p>\n<p><strong>ALINEACI\u00d3N RAYO VALLECANO <\/strong>| C\u00e1rdenas; Balliu, Luiz Felipe, Jozhua, Gumbau; Ciss, Valent\u00edn; Camello, Becerra, Fran P\u00e9rez, Isi Palaz\u00f3n<\/p>\n<p><img loading=\"lazy\" decoding=\"async\" width=\"38\" height=\"38\" class=\"lazy float-right\" alt=\"\" src=\"https:\/\/www.europesays.com\/es\/wp-content\/uploads\/2025\/09\/1758137234_122_60f287c0bb1bf.png\"\/> 18:45 <\/p>\n<p><strong>ALINEACI\u00d3N LEGAN\u00c9S <\/strong>| Rom\u00e1n; Figueredo, Franquesa, Marvel, Gueye; Haddadi, Guirao, Diawara, Pauwels; Miguel de la Fuente; Plano<\/p>\n<p><strong>ALINEACI\u00d3N ALBACETE <\/strong>| Lizoain; G\u00e1mez, Neva, Bernabeu, J. Garc\u00eda; Jeft\u00e9, Moreno, Mel\u00e9ndez, Lazo; Escriche, Capi<\/p>\n<p><img loading=\"lazy\" decoding=\"async\" width=\"38\" height=\"38\" class=\"lazy float-right\" alt=\"\" src=\"https:\/\/www.europesays.com\/es\/wp-content\/uploads\/2025\/09\/1758137234_122_60f287c0bb1bf.png\"\/> 18:40 <\/p>\n<p><strong>ALINEACI\u00d3N ATL\u00c9TICO BALEARES <\/strong>| Juli Rivas; Guillem Castell, Jaume Pol, Alejnadro P\u00e9rez, Gerardo Bonet; Sheriff, V\u00edctor Morillo, Jofre Cherta; Miguelito, Axel Bejarano, Jaume Tovar<\/p>\n<p><strong>ALINEACI\u00d3N ESPANYOL <\/strong>| Fortu\u00f1o; Rub\u00e9n S.; Miguel Rubio, Riedel, Salinas; Pickel, Edu Exp\u00f3sito, A. Roca, Koleosho; Jofre, Kike G.<\/p>\n<p><img loading=\"lazy\" decoding=\"async\" width=\"38\" height=\"38\" class=\"lazy float-right\" alt=\"\" src=\"https:\/\/www.europesays.com\/es\/wp-content\/uploads\/2025\/09\/1758137234_122_60f287c0bb1bf.png\"\/> 18:35 <\/p>\n<p>\u00a1VAMOS YA CON LAS ALINEACIONES DE LOS CUATRO PARTIDOS DE LAS 19:00H!<\/p>\n<p><strong>Atl\u00e9tico Baleares &#8211; Espanyol<\/strong><br \/><strong>Legan\u00e9s &#8211; Albacete<\/strong><br \/><strong>Real \u00c1vila &#8211; Rayo Vallecano<\/strong><br \/><strong>Sabadell &#8211; Deportivo de la Coru\u00f1a<\/strong><\/p>\n<p><img loading=\"lazy\" decoding=\"async\" width=\"38\" height=\"38\" class=\"lazy float-right\" alt=\"\" src=\"https:\/\/www.europesays.com\/es\/wp-content\/uploads\/2025\/09\/60f287b93f456.png\"\/> 18:25 <\/p>\n<p>\ud83c\udfc6 <strong>FORMATO COPA DEL REY<\/strong> | Cabe recordar que, desde hace unos a\u00f1os, todas las eliminatorias hasta los cuartos de final, tambi\u00e9n esta \u00faltima ronda incluida, se disputan a partido \u00fanico. Las semifinales son la \u00fanica ronda que se disputar\u00e1 a doble partido (en casa y a domicilio).<\/p>\n<p>Por lo tanto, hoy el conjunto que gane pasar\u00e1 de ronda y el que pierda caer\u00e1 eliminado definitivamente en la <strong>Copa <\/strong>de esta temporada.<\/p>\n<p><img loading=\"lazy\" decoding=\"async\" width=\"38\" height=\"38\" class=\"lazy float-right\" alt=\"\" src=\"https:\/\/www.europesays.com\/es\/wp-content\/uploads\/2025\/09\/60f28813e37c7.png\"\/> 18:20 <\/p>\n<p>\ud83d\uddde\ufe0f | <strong>La previa de los partidos de la Copa del Rey<\/strong><\/p>\n<p>A continuaci\u00f3n, os dejamos algunas de las previas de los encuentros que se disputar\u00e1n entre esta tarde y noche:<\/p>\n<p><img loading=\"lazy\" decoding=\"async\" width=\"38\" height=\"38\" class=\"lazy float-right\" alt=\"\" src=\"https:\/\/www.europesays.com\/es\/wp-content\/uploads\/2025\/09\/60f28a5c295d0.png\"\/> 18:15 <\/p>\n<p><strong>COPA DEL REY, EN DIRECTO<\/strong> | Los partidos que se disputar\u00e1n en la jornada de hoy, jueves 4 de diciembre, son los siguientes:<\/p>\n<p><strong>19:00h<\/strong><br \/>Atl\u00e9tico Baleares &#8211; Espanyol<br \/>Legan\u00e9s &#8211; Albacete<br \/>Real \u00c1vila &#8211; Rayo Vallecano<br \/>Sabadell &#8211; Deportivo de la Coru\u00f1a<\/p>\n<p><strong>20:00h<\/strong><br \/>Ponferradina &#8211; Racing<\/p>\n<p><strong>21:00h<\/strong><br \/>Cartagena &#8211; Valencia<br \/>Extremadura &#8211; Sevilla<br \/>Real Zaragoza &#8211; Burgos<br \/>Sant Andreu &#8211; Celta de Vigo<\/p>\n<p><strong>22:00h<\/strong><br \/>Tenerife &#8211; Granada<\/p>\n<p><img loading=\"lazy\" decoding=\"async\" width=\"38\" height=\"38\" class=\"lazy float-right\" alt=\"\" src=\"https:\/\/www.europesays.com\/es\/wp-content\/uploads\/2025\/09\/1758137235_909_60f29d9015f9e.png\"\/> 18:10 <\/p>\n<p><strong>COPA DEL REY, EN DIRECTO<\/strong> | \u00a1Muy buenas tardes amigos y amigas de <strong>Mundo Deportivo<\/strong>!<\/p>\n<p>Hoy se disputan una serie de partidos correspondientes a la segunda ronda de la <strong>Copa del Rey <\/strong>y aqu\u00ed vamos a seguir todo lo que suceda en los encuentros de este jueves.<\/p>\n<p>Recordemos que en estos 1\/32 de la <strong>Copa del Rey<\/strong> entran en juego equipos de <strong>Primera <\/strong>y <strong>Segunda Divisi\u00f3n<\/strong>, en donde se decidir\u00e1 a partido \u00fanico qui\u00e9n se clasifica y quien queda ya eliminado del torneo del KO pr\u00e1cticamente a las primeras de cambio.<\/p>\n<p>Grandes partidos los que tenemos por delante&#8230; \u00a1Arrancamos!<\/p>\n","protected":false},"excerpt":{"rendered":"12&#8242; | Cartagena 0 &#8211; 0 Valencia \u00a1La ha tenido el Cartagena! Error en la salida de bal\u00f3n&hellip;\n","protected":false},"author":2,"featured_media":271350,"comment_status":"","ping_status":"","sticky":false,"template":"","format":"standard","meta":{"footnotes":""},"categories":[268],"tags":[168,25,24,280,282,281,23,167],"class_list":{"0":"post-271349","1":"post","2":"type-post","3":"status-publish","4":"format-standard","5":"has-post-thumbnail","7":"category-futbol","8":"tag-deportes","9":"tag-es","10":"tag-espana","11":"tag-football","12":"tag-futbol","13":"tag-soccer","14":"tag-spain","15":"tag-sports"},"share_on_mastodon":{"url":"https:\/\/pubeurope.com\/@es\/115663140321956520","error":""},"_links":{"self":[{"href":"https:\/\/www.europesays.com\/es\/wp-json\/wp\/v2\/posts\/271349","targetHints":{"allow":["GET"]}}],"collection":[{"href":"https:\/\/www.europesays.com\/es\/wp-json\/wp\/v2\/posts"}],"about":[{"href":"https:\/\/www.europesays.com\/es\/wp-json\/wp\/v2\/types\/post"}],"author":[{"embeddable":true,"href":"https:\/\/www.europesays.com\/es\/wp-json\/wp\/v2\/users\/2"}],"replies":[{"embeddable":true,"href":"https:\/\/www.europesays.com\/es\/wp-json\/wp\/v2\/comments?post=271349"}],"version-history":[{"count":0,"href":"https:\/\/www.europesays.com\/es\/wp-json\/wp\/v2\/posts\/271349\/revisions"}],"wp:featuredmedia":[{"embeddable":true,"href":"https:\/\/www.europesays.com\/es\/wp-json\/wp\/v2\/media\/271350"}],"wp:attachment":[{"href":"https:\/\/www.europesays.com\/es\/wp-json\/wp\/v2\/media?parent=271349"}],"wp:term":[{"taxonomy":"category","embeddable":true,"href":"https:\/\/www.europesays.com\/es\/wp-json\/wp\/v2\/categories?post=271349"},{"taxonomy":"post_tag","embeddable":true,"href":"https:\/\/www.europesays.com\/es\/wp-json\/wp\/v2\/tags?post=271349"}],"curies":[{"name":"wp","href":"https:\/\/api.w.org\/{rel}","templated":true}]}}