{"id":271351,"date":"2025-12-04T20:16:17","date_gmt":"2025-12-04T20:16:17","guid":{"rendered":"https:\/\/www.europesays.com\/es\/271351\/"},"modified":"2025-12-04T20:16:17","modified_gmt":"2025-12-04T20:16:17","slug":"el-productor-desvela-los-secretos-de-su-rejuvenecimiento","status":"publish","type":"post","link":"https:\/\/www.europesays.com\/es\/271351\/","title":{"rendered":"el productor desvela los secretos de su rejuvenecimiento"},"content":{"rendered":"<p id=\"esWjUVRgGj\" data-wc=\"121\">Mucho se est\u00e1 hablando en los \u00faltimos d\u00edas de<strong> Josep Mar\u00eda Mainat.<\/strong> Esta vez lo que capta el foco de atenci\u00f3n nada tiene que ver con la<a class=\"hm-link ho-link\" href=\"https:\/\/www.hola.com\/actualidad\/20240916718573\/angela-dobrowolski-condenada-prision-lesiones-josep-maria-mainat\/\" data-mrf-recirculation=\"article-body-link\" rel=\"nofollow noopener\" target=\"_blank\">\u00a0condena a cuatro a\u00f1os y medio de prisi\u00f3n\u00a0<\/a>a su exmujer y madre de sus dos hijos menores, \u00c1ngela Dobrowolski. Lo que est\u00e1 generando una gran controversia es la transformaci\u00f3n f\u00edsica del productor, quien desea \u00abvivir hasta los 120 a\u00f1os con un aspecto joven\u00bb. Y es que muchas voces apuntan a que se habr\u00eda sometido a un tratamiento hormonal de 200.000 euros que puede ser peligroso para la salud al contener testosterona. <strong>En medio del revuelo que ha causado, el que fuera integrante de La Trinca ha tomado la palabra para aclarar la situaci\u00f3n.<\/strong><\/p>\n<p> <img src=\"https:\/\/www.europesays.com\/es\/wp-content\/uploads\/2025\/12\/2996622be148-europapress6089147productortelevisivojosepmariamainatabogadaolgatubaul.jpg\"   width=\"1024\" height=\"682\" loading=\"lazy\" decoding=\"async\" alt=\"Media Image\" fetchpriority=\"auto\" class=\"image ho-image\"\/>\u00a9 Europa Press<\/p>\n<p id=\"eBOGA7ERWcY\" data-wc=\"91\">Uno de los puntos claves de su metamorfosis ha sido el cambio de peso: ha perdido 40 kilos respecto a lo que pesaba cuando ten\u00eda 50 a\u00f1os. \u00abEra un se\u00f1or gordo. Pesaba 110 kilos, fumaba dos paquetes al d\u00eda, no me mov\u00eda, ten\u00eda ataques de gota, de ci\u00e1tica, lumbalgia&#8230;<strong> Me dije: si a los 50 est\u00e1s as\u00ed, vas a tener una vejez muy precaria<\/strong>\u00ab, ha contado durante una videollamada con El programa de Ana Rosa. En esa \u00e9poca, adem\u00e1s, ha recordado que ten\u00eda mucho estr\u00e9s por el alt\u00edsimo volumen del trabajo.<\/p>\n<p id=\"e8RJ-bhqCa\" data-wc=\"74\">Ha explicado que se lo tom\u00f3 en serio, durante unos a\u00f1os estuvo buscando diferentes soluciones por todo el mundo y se someti\u00f3 a algunos tratamientos hormonales que ya no sigue.<strong> \u00abLo que va mejor es lo de toda la vida. <\/strong>Comer adecuadamente, moverse, hacer gimnasia, tener una buena vida social&#8230; Es lo que deber\u00edan recetar todos los m\u00e9dicos\u00bb, ha relatado el responsable de espacios como Operaci\u00f3n Triunfo, Cr\u00f3nicas Marcianas y\u00a0Tu cara me suena.<\/p>\n<p> <img src=\"https:\/\/www.europesays.com\/es\/wp-content\/uploads\/2025\/12\/84429e587f1b-mainat.jpg\"   width=\"1024\" height=\"576\" loading=\"lazy\" decoding=\"async\" alt=\"Josep Mar\u00eda Mainat en una imagen de antes y otra de la actualidad, interviniendo en 'El programa de Ana Rosa'\" fetchpriority=\"auto\" class=\"image ho-image\"\/>\u00a9 TelecincoJosep Mar\u00eda Mainat en una imagen de antes y otra de la actualidad, interviniendo en &#8216;El programa de Ana Rosa&#8217;<\/p>\n<p id=\"e29NM6fE2NX\" data-wc=\"60\">Con gran sentido del humor, ha dicho que<strong>\u00a0no sigue ning\u00fan \u00absistema antiaging revolucionario\u00bb,<\/strong> pero que, adem\u00e1s de su cambio de vida y h\u00e1bitos, toma suplementos como vitaminas, un hongo \u00a0llamada melena de le\u00f3n&#8230; Una rutina que est\u00e1 dando sus frutos porque \u00abcada a\u00f1o estoy mejor que el anterior en los par\u00e1metros de las anal\u00edticas\u00bb que le revisa el endocrino.<\/p>\n<p id=\"egMPzXU_Dd\" data-wc=\"80\">Todos sus pasos van en la misma direcci\u00f3n: vivir el m\u00e1ximo tiempo posible en perfecto estado de salud. Pero ha dejado claro que no ha invertido alt\u00edsimas cifras de dinero \u00a0en rejuvenecer, como se ha especulado: \u00abSe han inventado que me he gastado 200.000 euros, rejuvenecer no es caro por mucho que se diga. Es caro ponerse una dentadura nueva, pero a cualquier edad. No me he gastado nunca ese dinero, no es un capricho de millonario ser m\u00e1s joven\u00bb.<\/p>\n<p> <img src=\"https:\/\/www.europesays.com\/es\/wp-content\/uploads\/2025\/12\/c8d04ddd13ce-c7c4e682d40e-europapress6857002integrantetrincajosepmariamainatfuneralproductore.jpg\"   width=\"1024\" height=\"691\" loading=\"lazy\" decoding=\"async\" alt=\"Media Image\" fetchpriority=\"auto\" class=\"image ho-image\"\/>\u00a9 Europa Press<\/p>\n<p id=\"evhT1UruIv\" data-wc=\"79\">Mainat conf\u00eda en que la ciencia inventar\u00e1 un tratamiento que recertir\u00e1 la edad y quiere estar \u00aben perfecto estado\u00bb \u00a0cuando eso suceda. En medio de esa disciplina que marca su nueva vida, sigue siendo imparable en el trabajo. \u00c9l mismo ha contado que su nuevo proyecto es un libro de \u00abrecetas pr\u00e1cticas para dejar el mundo con estilo\u00bb. Su idea es plasmar a trav\u00e9s de las p\u00e1ginas ideas para morir con todo organizado \u00aby sin molestar a los herederos\u00bb.<\/p>\n","protected":false},"excerpt":{"rendered":"Mucho se est\u00e1 hablando en los \u00faltimos d\u00edas de Josep Mar\u00eda Mainat. Esta vez lo que capta el&hellip;\n","protected":false},"author":2,"featured_media":271352,"comment_status":"","ping_status":"","sticky":false,"template":"","format":"standard","meta":{"footnotes":""},"categories":[174],"tags":[517,255,146,147,25,24,256,55598,23],"class_list":{"0":"post-271351","1":"post","2":"type-post","3":"status-publish","4":"format-standard","5":"has-post-thumbnail","7":"category-famosos","8":"tag-actualidad","9":"tag-celebrities","10":"tag-entertainment","11":"tag-entretenimiento","12":"tag-es","13":"tag-espana","14":"tag-famosos","15":"tag-josep-maria-mainat","16":"tag-spain"},"share_on_mastodon":{"url":"https:\/\/pubeurope.com\/@es\/115663142095914700","error":""},"_links":{"self":[{"href":"https:\/\/www.europesays.com\/es\/wp-json\/wp\/v2\/posts\/271351","targetHints":{"allow":["GET"]}}],"collection":[{"href":"https:\/\/www.europesays.com\/es\/wp-json\/wp\/v2\/posts"}],"about":[{"href":"https:\/\/www.europesays.com\/es\/wp-json\/wp\/v2\/types\/post"}],"author":[{"embeddable":true,"href":"https:\/\/www.europesays.com\/es\/wp-json\/wp\/v2\/users\/2"}],"replies":[{"embeddable":true,"href":"https:\/\/www.europesays.com\/es\/wp-json\/wp\/v2\/comments?post=271351"}],"version-history":[{"count":0,"href":"https:\/\/www.europesays.com\/es\/wp-json\/wp\/v2\/posts\/271351\/revisions"}],"wp:featuredmedia":[{"embeddable":true,"href":"https:\/\/www.europesays.com\/es\/wp-json\/wp\/v2\/media\/271352"}],"wp:attachment":[{"href":"https:\/\/www.europesays.com\/es\/wp-json\/wp\/v2\/media?parent=271351"}],"wp:term":[{"taxonomy":"category","embeddable":true,"href":"https:\/\/www.europesays.com\/es\/wp-json\/wp\/v2\/categories?post=271351"},{"taxonomy":"post_tag","embeddable":true,"href":"https:\/\/www.europesays.com\/es\/wp-json\/wp\/v2\/tags?post=271351"}],"curies":[{"name":"wp","href":"https:\/\/api.w.org\/{rel}","templated":true}]}}