{"id":271353,"date":"2025-12-04T20:17:23","date_gmt":"2025-12-04T20:17:23","guid":{"rendered":"https:\/\/www.europesays.com\/es\/271353\/"},"modified":"2025-12-04T20:17:23","modified_gmt":"2025-12-04T20:17:23","slug":"jose-ramon-jimenez-aprendi-a-dibujar-antes-que-a-leer-y-escribir","status":"publish","type":"post","link":"https:\/\/www.europesays.com\/es\/271353\/","title":{"rendered":"Jos\u00e9 Ram\u00f3n Jim\u00e9nez: \u201cAprend\u00ed a dibujar antes que a leer y escribir\u201d"},"content":{"rendered":"<p>El estudio de Jos\u00e9 Ram\u00f3n Jim\u00e9nez huele a \u00f3leo, silencio y recuerdos. El pintor tomellosero recibe a los periodistas de La Voz, Francisco Navarro y Carlos Moreno con la hospitalidad habitual, a pesar del tiempo transcurrido desde el \u00faltimo encuentro. Nos va mostrando algunas sus obras, acabadas e inacabadas, si bien recuerda que la mayor\u00eda las tiene en Madrid donde ahora focaliza buena parte de su actividad.\u00a0 La entrevista tendr\u00e1 despu\u00e9s un trastienda de amena conversaci\u00f3n sobre el arte, Tomelloso y la vida misma. Dialogar con Jos\u00e9 Ram\u00f3n supone un aprendizaje continuo por la cultura que atesora, su caracter humilde y una apabullante claridad de ideas.<\/p>\n<p><b>&#8211; Empecemos esta entrevista por el presente m\u00e1s inmediato\u00bfEn qu\u00e9 est\u00e1 ahora, Jos\u00e9 Ram\u00f3n Jim\u00e9nez?<\/b><\/p>\n<p>&#8211; En el presente estoy con cosas de mi pueblo, como siempre he pintado, tambi\u00e9n de mis viajes. Marrakech es lo \u00faltimo.\u00a0 Y exponiendo\u00a0 en Madrid, en la Galer\u00eda Castell\u00f3 4.\u00a0<\/p>\n<p><b>&#8211; Las ciudades le siguen inspirando. \u00bfC\u00f3mo surge esa fascinaci\u00f3n por las grandes urbes?<\/b><\/p>\n<p>-Viajar por Roma, por Par\u00eds, por Nueva York\u2026 eso atrae, ya no solo como artista, sino como turista. Pero claro, yo llevo tantos a\u00f1os pintando que no veo paisajes, veo cuadros. Voy enfocando lo que puede salir.<\/p>\n<p><b>-En sus cuadros, la precisi\u00f3n resulta casi asombrosa. Un buen ejemplo es aquella obra de Roma donde en una ventana pod\u00eda verse a una mujer planchando\u2026<\/b><\/p>\n<p>        <a target=\"_blank\" href=\"https:\/\/prunotec.com\/\" rel=\"nofollow noopener\">&#13;<br \/>\n            <img decoding=\"async\" class=\"img-fluid d-block mx-auto cursor\" ng-click=\"clickBanner(235)\" src=\"https:\/\/www.europesays.com\/es\/wp-content\/uploads\/2025\/08\/4244c6d9-e117-4393-8143-37c95c7a55da.png\" alt=\"\"\/>&#13;<br \/>\n        <\/a><\/p>\n<p>-Siempre me han gustado las manualidades\u2026 me gusta ser meticuloso, pintar cada cosa, retocarla, hasta que la encuentro como yo quiero. Es mi manera de trabajar.<\/p>\n<p><b>-Sus obras no dejan huecos y tampoco suelen mostrar gente\u2026.<\/b><\/p>\n<p>-Pas\u00e9 por muchas etapas. Fui surrealista y me gustaba dejarlo todo vac\u00edo. Nunca aparece gente. A m\u00ed me han dicho de todo: que transmito tranquilidad y a la vez inquietud\u2026 Yo aprend\u00ed a dibujar antes que a leer y escribir.<\/p>\n<p><b>-\u00bfSe siente plenamente realizado como artista o sigue en proceso de b\u00fasqueda?<\/b><\/p>\n<p>-Esto nunca se acaba. Siempre est\u00e1s en lucha contigo mismo. Nunca llegas\u2026 y por otra parte es lo bueno, porque si no ser\u00eda aburrid\u00edsimo. Hay gente que disfruta pintando; yo sufro mucho.<\/p>\n<p><b>-\u00bfSufre?<\/b><\/p>\n<p>        <a target=\"_blank\" href=\"https:\/\/www.facebook.com\/people\/Vinos-Entre-Lindes-Bodegas-Logaica\/100075627145333\/?paipv=0&amp;eav=AfbBJNT-yaDWbjCjHRnWk2DXv8o1hpawyyYifqMhfy9s_8r0Fe7HDytFTQPmHGfaSRg&amp;_rdr\" rel=\"nofollow noopener\">&#13;<br \/>\n            <img decoding=\"async\" class=\"img-fluid d-block mx-auto cursor\" ng-click=\"clickBanner(549)\" src=\"https:\/\/www.europesays.com\/es\/wp-content\/uploads\/2025\/08\/f6323d73-724e-47f7-b8cf-91628e47640c.png\" alt=\"\"\/>&#13;<br \/>\n        <\/a><\/p>\n<p>-S\u00ed. Siempre estoy mirando y digo: \u201cesto no me gusta\u201d. Soy mi peor cr\u00edtico. A veces pienso: \u00bfqu\u00e9 hago perdiendo el tiempo?.<\/p>\n<p><b>-\u00bfC\u00f3mo lleg\u00f3 su vocaci\u00f3n hacia la pintura?<\/b><\/p>\n<p>-En Parvulitos un profesor llam\u00f3 a mis padres: \u2018este sabe\u2019. Me llevaron a la calle San Fernando con \u00c1ngel Pintado. Yo era un cr\u00edo, pero all\u00ed dibujaba del natural, incluso el David, de Miguel \u00c1ngel o el Disc\u00f3bolo\u2026 Y como era el peque\u00f1o me dejaban detr\u00e1s, de culo, y lo dibuj\u00e9 as\u00ed: de culo y con unas pelotas enormes. A\u00fan se acuerdan mis compa\u00f1eras y se r\u00eden con el episodio.\u00a0<\/p>\n<p><b>-\u00bfCu\u00e1les han sido sus influencias principales?<\/b><\/p>\n<p>-Soy un abanico de influencias. Antonio L\u00f3pez, \u00c1ngel Pintado\u2026 Fortuny, modernistas\u2026 Hay gente que dice que no quiere contaminarse. Yo no, soy una mezcla de muchas cosas.<\/p>\n<p><b>-Con Antonio L\u00f3pez mantiene alg\u00fan v\u00ednculo, \u00bfno es as\u00ed?<\/b><\/p>\n<p>        <a target=\"_blank\" href=\"https:\/\/www.instagram.com\/tren.argamasilla.tomelloso?utm_source=qr&amp;igsh=dTdpc3d5OWJ5ZjJp\" rel=\"nofollow noopener\">&#13;<br \/>\n            <img decoding=\"async\" class=\"img-fluid d-block mx-auto cursor\" ng-click=\"clickBanner(711)\" src=\"https:\/\/www.europesays.com\/es\/wp-content\/uploads\/2025\/08\/cf74738b-3e63-443f-ac79-820366435b65.png\" alt=\"\"\/>&#13;<br \/>\n        <\/a><\/p>\n<p>-Un d\u00eda, siendo jurado de la Cooperativa, vio un cuadro m\u00edo y llam\u00f3 a mi casa. Vino aqu\u00ed, estuvimos un rato. Yo temblaba\u2026 \u00c9l me dio permiso para ir a su casa, pero no he ido. La figura de Antonio L\u00f3pez me impone mucho respeto.\u00a0<\/p>\n<p><b>-Atesora una buena trayectoria de reconocimientos \u00bfDe qu\u00e9 premios se siente m\u00e1s orgulloso?<\/b><\/p>\n<p>-He tenido suerte. Para ganar un premio hay que llevar un cuadro bueno y adem\u00e1s suerte. Tengo premios en Valdepe\u00f1as, en el Villase\u00f1or, en el Certamen de la Cooperativa tengo cuatro. Me ha ido bien. Pero yo siempre miro la exposici\u00f3n y digo: \u201ceste cuadro es mejor que el m\u00edo\u00bb. Me gusta tener los pies en el suelo y reconocer lo mucho y bueno que hacen los otros.<\/p>\n<p>        <a target=\"_blank\" href=\"https:\/\/www.semillasfito.es\/es-es\/productos\/hort%C3%ADcolas\/mel%C3%B3n\/piel-de-sapo\/arroyo\/\" rel=\"nofollow noopener\">&#13;<br \/>\n            <img decoding=\"async\" class=\"img-fluid d-block mx-auto cursor\" ng-click=\"clickBanner(713)\" src=\"https:\/\/www.europesays.com\/es\/wp-content\/uploads\/2025\/12\/791600d9-536c-41ac-948f-657ced9162d8.png\" alt=\"\"\/>&#13;<br \/>\n        <\/a><\/p>\n<p><b>-La tradici\u00f3n de buenos pintores contin\u00faa vigente en Tomelloso \u00bfno cree?<\/b><\/p>\n<p>-Conozco a todos los pintores: Carolin Culubret, Ferm\u00edn Garc\u00eda, \u00c1ngel Pintado F\u00e9lix Huertas\u2026 y, por supuesto, a la gente m\u00e1s joven que va saliendo. Hacen cosas muy interesantes. Por ejemplo, los muralistas que decoran fachadas abandonadas y me parece que est\u00e1n haciendo un magn\u00edfico trabajo.\u00a0<\/p>\n<p><b>-\u00bfSe ha asomado a otras disciplinas del arte?<\/b><\/p>\n<p>-Tambi\u00e9n he hecho escultura. Ah\u00ed tienes una bruja. En su d\u00eda se llevaban mucho. Compraba barro y se las regalaba a mi novia. Hace tiempo que no hago, pero me gustaba: en parvulitos ya me gustaba manejar la plastilina.<\/p>\n<p><b>-\u00bfQu\u00e9 explicaci\u00f3n nos puede dar sobre la ausencia de la figura humana en su obra?<\/b><\/p>\n<p>        <a target=\"_blank\" href=\"https:\/\/www.nacex.es\/\" rel=\"nofollow noopener\">&#13;<br \/>\n            <img decoding=\"async\" class=\"img-fluid d-block mx-auto cursor\" ng-click=\"clickBanner(559)\" src=\"https:\/\/www.europesays.com\/es\/wp-content\/uploads\/2025\/12\/0af06d9b-0b01-4191-b584-5c6612e449ce.png\" alt=\"\"\/>&#13;<br \/>\n        <\/a><\/p>\n<p>-Magritte dec\u00eda que lo metaf\u00edsico es inquietante. La gente va y viene, y la cosa permanece. No pinto gente ni coches, pinto cosas.<\/p>\n<p><b>-Compaginar un empleo no art\u00edstico con la pintura no siempre es f\u00e1cil\u2026<\/b><\/p>\n<p>-Es dif\u00edcil mantener una familia solo con los cuadros. En Madrid, gracias a Dios, me va muy bien, pero produzco poco. Me pongo a un cuadro y puede pasar mucho tiempo. No me da para vivir solo de esto.<\/p>\n<p>        <a target=\"_blank\" href=\"https:\/\/www.giglon.com\/todos?idEvent=pensionistas-la-comedia-en-tomelloso-2025\" rel=\"nofollow noopener\">&#13;<br \/>\n            <img decoding=\"async\" class=\"img-fluid d-block mx-auto cursor\" ng-click=\"clickBanner(736)\" src=\"https:\/\/www.europesays.com\/es\/wp-content\/uploads\/2025\/12\/75d33a01-86a5-4f94-bda1-33a7f083a57b.png\" alt=\"\"\/>&#13;<br \/>\n        <\/a><\/p>\n<p>&#13;<br \/>\n                     788 usuarios han visto esta noticia&#13;\n                <\/p>\n<p>        <script async src=\"\/\/www.instagram.com\/embed.js\"><\/script><\/p>\n","protected":false},"excerpt":{"rendered":"El estudio de Jos\u00e9 Ram\u00f3n Jim\u00e9nez huele a \u00f3leo, silencio y recuerdos. El pintor tomellosero recibe a los&hellip;\n","protected":false},"author":2,"featured_media":271354,"comment_status":"","ping_status":"","sticky":false,"template":"","format":"standard","meta":{"footnotes":""},"categories":[173],"tags":[229,233,231,230,299,634,232,234,2560,95,146,147,25,24,282,10,23,3022],"class_list":{"0":"post-271353","1":"post","2":"type-post","3":"status-publish","4":"format-standard","5":"has-post-thumbnail","7":"category-arte-y-diseno","8":"tag-arte","9":"tag-arte-y-diseno","10":"tag-arts","11":"tag-arts-and-design","12":"tag-baloncesto","13":"tag-deporte","14":"tag-design","15":"tag-diseno","16":"tag-economa","17":"tag-economia","18":"tag-entertainment","19":"tag-entretenimiento","20":"tag-es","21":"tag-espana","22":"tag-futbol","23":"tag-noticias","24":"tag-spain","25":"tag-tomelloso"},"share_on_mastodon":{"url":"https:\/\/pubeurope.com\/@es\/115663147122310894","error":""},"_links":{"self":[{"href":"https:\/\/www.europesays.com\/es\/wp-json\/wp\/v2\/posts\/271353","targetHints":{"allow":["GET"]}}],"collection":[{"href":"https:\/\/www.europesays.com\/es\/wp-json\/wp\/v2\/posts"}],"about":[{"href":"https:\/\/www.europesays.com\/es\/wp-json\/wp\/v2\/types\/post"}],"author":[{"embeddable":true,"href":"https:\/\/www.europesays.com\/es\/wp-json\/wp\/v2\/users\/2"}],"replies":[{"embeddable":true,"href":"https:\/\/www.europesays.com\/es\/wp-json\/wp\/v2\/comments?post=271353"}],"version-history":[{"count":0,"href":"https:\/\/www.europesays.com\/es\/wp-json\/wp\/v2\/posts\/271353\/revisions"}],"wp:featuredmedia":[{"embeddable":true,"href":"https:\/\/www.europesays.com\/es\/wp-json\/wp\/v2\/media\/271354"}],"wp:attachment":[{"href":"https:\/\/www.europesays.com\/es\/wp-json\/wp\/v2\/media?parent=271353"}],"wp:term":[{"taxonomy":"category","embeddable":true,"href":"https:\/\/www.europesays.com\/es\/wp-json\/wp\/v2\/categories?post=271353"},{"taxonomy":"post_tag","embeddable":true,"href":"https:\/\/www.europesays.com\/es\/wp-json\/wp\/v2\/tags?post=271353"}],"curies":[{"name":"wp","href":"https:\/\/api.w.org\/{rel}","templated":true}]}}