{"id":271355,"date":"2025-12-04T20:19:14","date_gmt":"2025-12-04T20:19:14","guid":{"rendered":"https:\/\/www.europesays.com\/es\/271355\/"},"modified":"2025-12-04T20:19:14","modified_gmt":"2025-12-04T20:19:14","slug":"juanra-bonet-ficha-por-telecinco-y-presentara-alla-tu-tras-la-salida-de-jesus-vazquez-de-mediaset","status":"publish","type":"post","link":"https:\/\/www.europesays.com\/es\/271355\/","title":{"rendered":"Juanra Bonet ficha por Telecinco y presentar\u00e1 &#8216;All\u00e1 t\u00fa&#8217; tras la salida de Jes\u00fas V\u00e1zquez de Mediaset"},"content":{"rendered":"<p class=\"ft-text\">Telecinco ha anunciado que Juanra Bonet ser\u00e1 el encargado de presentar la nueva etapa de\u00a0&#8216;\u00a1All\u00e1 t\u00fa!&#8217;, cuya producci\u00f3n ya ha comenzado junto a Gestmusic. La elecci\u00f3n del presentador llega en un momento clave para la cadena: este 2025 marcar\u00e1 la m\u00e1s que posible salida de Jes\u00fas V\u00e1zquez de Mediaset, tras m\u00e1s de tres d\u00e9cadas de trayectoria y con la finalizaci\u00f3n de su \u00faltimo contrato, poniendo fin tambi\u00e9n a su hist\u00f3rica vinculaci\u00f3n con este formato.<\/p>\n<p class=\"ft-text\">La marcha de V\u00e1zquez abre as\u00ed una nueva era para el concurso, cuya identidad estuvo durante a\u00f1os ligada a su figura. Ahora, ser\u00e1 Juanra Bonet quien tome el relevo al frente de las ic\u00f3nicas cajas, aportando su propio sello y experiencia como conductor de grandes formatos televisivos. Telecinco conf\u00eda en que su perfil cercano y \u00e1gil conecte con las nuevas audiencias sin perder la esencia que convirti\u00f3 al programa en un cl\u00e1sico.<\/p>\n<p class=\"ft-text\">Mediaset destaca que las nuevas entregas de\u00a0&#8216;\u00a1All\u00e1 t\u00fa!&#8217;\u00a0mantendr\u00e1n la tensi\u00f3n y la mec\u00e1nica original, pero incorporar\u00e1n ajustes para rejuvenecer el formato y adaptarlo al consumo actual. La apuesta por Bonet, con amplia trayectoria en concursos como\u00a0&#8216;\u00a1Boom!&#8217;\u00a0o\u00a0&#8216;\u00bfQui\u00e9n quiere ser millonario?&#8217;, refuerza la intenci\u00f3n de relanzar el g\u00e9nero dentro de la parrilla de Telecinco.<\/p>\n<p class=\"ft-text\">El regreso del programa llega en un contexto de reordenaci\u00f3n interna en la cadena, que est\u00e1 preparando la retirada de varios formatos como &#8216;Ag\u00e1rrate al sill\u00f3n&#8217; o el final precipitado de &#8216;Gran hermano&#8217; y en un momento de intensa competencia televisiva. Con el carisma de Bonet y la fuerza nost\u00e1lgica del formato, Telecinco aspira a recuperar la atenci\u00f3n del p\u00fablico y devolver a\u00a0&#8216;\u00a1All\u00e1 t\u00fa!&#8217;\u00a0al lugar destacado que ocup\u00f3 durante su etapa dorada.<\/p>\n","protected":false},"excerpt":{"rendered":"Telecinco ha anunciado que Juanra Bonet ser\u00e1 el encargado de presentar la nueva etapa de\u00a0&#8216;\u00a1All\u00e1 t\u00fa!&#8217;, cuya producci\u00f3n&hellip;\n","protected":false},"author":2,"featured_media":271356,"comment_status":"","ping_status":"","sticky":false,"template":"","format":"standard","meta":{"footnotes":""},"categories":[171],"tags":[7785,21544,146,147,25,24,1750,5782,38778,21543,955,17178,1965,23,692,55169,214,5783],"class_list":{"0":"post-271355","1":"post","2":"type-post","3":"status-publish","4":"format-standard","5":"has-post-thumbnail","7":"category-tv","8":"tag-alla","9":"tag-bonet","10":"tag-entertainment","11":"tag-entretenimiento","12":"tag-es","13":"tag-espana","14":"tag-ficha","15":"tag-jesus","16":"tag-jesus-vazquez","17":"tag-juanra","18":"tag-mediaset","19":"tag-presentara","20":"tag-salida","21":"tag-spain","22":"tag-telecinco","23":"tag-tu","24":"tag-tv","25":"tag-vazquez"},"share_on_mastodon":{"url":"","error":""},"_links":{"self":[{"href":"https:\/\/www.europesays.com\/es\/wp-json\/wp\/v2\/posts\/271355","targetHints":{"allow":["GET"]}}],"collection":[{"href":"https:\/\/www.europesays.com\/es\/wp-json\/wp\/v2\/posts"}],"about":[{"href":"https:\/\/www.europesays.com\/es\/wp-json\/wp\/v2\/types\/post"}],"author":[{"embeddable":true,"href":"https:\/\/www.europesays.com\/es\/wp-json\/wp\/v2\/users\/2"}],"replies":[{"embeddable":true,"href":"https:\/\/www.europesays.com\/es\/wp-json\/wp\/v2\/comments?post=271355"}],"version-history":[{"count":0,"href":"https:\/\/www.europesays.com\/es\/wp-json\/wp\/v2\/posts\/271355\/revisions"}],"wp:featuredmedia":[{"embeddable":true,"href":"https:\/\/www.europesays.com\/es\/wp-json\/wp\/v2\/media\/271356"}],"wp:attachment":[{"href":"https:\/\/www.europesays.com\/es\/wp-json\/wp\/v2\/media?parent=271355"}],"wp:term":[{"taxonomy":"category","embeddable":true,"href":"https:\/\/www.europesays.com\/es\/wp-json\/wp\/v2\/categories?post=271355"},{"taxonomy":"post_tag","embeddable":true,"href":"https:\/\/www.europesays.com\/es\/wp-json\/wp\/v2\/tags?post=271355"}],"curies":[{"name":"wp","href":"https:\/\/api.w.org\/{rel}","templated":true}]}}