{"id":271361,"date":"2025-12-04T20:22:09","date_gmt":"2025-12-04T20:22:09","guid":{"rendered":"https:\/\/www.europesays.com\/es\/271361\/"},"modified":"2025-12-04T20:22:09","modified_gmt":"2025-12-04T20:22:09","slug":"temporada-2025-26-copa-del-rey-ronda-2-c-d-leganes-albacete-balompie-c-d-leganes","status":"publish","type":"post","link":"https:\/\/www.europesays.com\/es\/271361\/","title":{"rendered":"Temporada 2025\/26 | Copa del Rey | Ronda 2 | C.D. Legan\u00e9s &#8211; Albacete Balompi\u00e9 &#8211; C.D. Legan\u00e9s"},"content":{"rendered":"<p><strong>El C.D. Legan\u00e9s no pudo avanzar en la Copa del Rey al caer en su partido ante el Albacete Balompi\u00e9 (1-2), correspondiente a la segunda eliminatoria del torneo. Marvel, en propia puerta, y Lazo marcaron para los visitantes, mientras que Naim acort\u00f3 distancias en el tiempo a\u00f1adido.<\/strong><\/p>\n<p>Sal\u00eda el Legan\u00e9s con un once muy renovado respecto al \u00faltimo encuentro liguero en Zaragoza, respecto al cual \u00fanicamente repet\u00edan como titulares Figueredo, Marvel y Diawara, los dos \u00faltimos sancionados de cara al choque del domingo ante el C\u00f3rdoba. Destacaba en la alineaci\u00f3n la vuelta de Enric Franquesa al lateral izquierdo, as\u00ed como el debut como titular del delantero del filial Suleiman El Haddadi.<\/p>\n<p>Sin goles al descanso tras una igualada primera parte<\/p>\n<p>El propio Suleiman ten\u00eda el primer remate a puerta del partido para el Lega en el 9\u2019, con un zurdazo tras jugada de Pauwels que blocaba Lizoain. En el 13\u2019 era Marvel quien la ten\u00eda de cabeza en un c\u00f3rner servido por Franquesa que sacaba de nuevo el arquero visitante en dos tiempos. Respond\u00eda el Albacete en el 15\u2019 con una ocasi\u00f3n de Lazo que repel\u00eda bien San Rom\u00e1n, portero de la Copa para Paco L\u00f3pez.<\/p>\n<p>Transcurr\u00eda la primera mitad con igualdad entre ambos conjuntos, que no acababan de agarrar el dominio de la posesi\u00f3n. El Lega se iba adue\u00f1ando con el paso de los minutos, y en el 34\u2019 \u00d3scar Plano ten\u00eda una buena ocasi\u00f3n tras asistencia de Suleiman que se marchaba por poco. Con el empate a cero inicial se llegaba al descanso.<\/p>\n<p>Marvel, en propia puerta, y Lazo pon\u00edan en ventaja al Albacete, y Naim recortaba distancias en el a\u00f1adido<\/p>\n<p>Sin cambios arrancaba la segunda mitad, con el 0-1 a favor del Albacete en el 50\u2019 en una desgraciada acci\u00f3n en la que Marvel introduc\u00eda el bal\u00f3n en su propia porter\u00eda. Buscaba reaccionar el Lega con un triple cambio en el 58\u2019, entrando al partido Andr\u00e9s Campos, Roberto L\u00f3pez y Duk en lugar de Guirao, Pauwels y Suleiman. Sin embargo, en el 60\u2019 llegaba el 0-2 en una contra del Albacete que finalizaba Lazo.<\/p>\n<p>Trataba de recortar distancias el Lega con dos ocasiones consecutivas de Miguel de la Fuente que se encontraban con Lizoain, primero, y con un cabezazo que rozaba el palo, despu\u00e9s. \u00c1lex Mill\u00e1n tambi\u00e9n se incorporaba al juego en el 71\u2019 en lugar del propio Miguel. Naim, en lugar de Franquesa, era el \u00faltimo cambio del Lega, y precisamente Naim, con un disparo desde fuera del \u00e1rea, era el encargado de recortar distancias ya en el tiempo a\u00f1adido.<\/p>\n<p>Sin embargo, no hubo tiempo para m\u00e1s y el Legan\u00e9s queda apeado de la presente edici\u00f3n de la Copa del Rey. El pr\u00f3ximo compromiso para los pepineros llegar\u00e1 el domingo (16:15 horas) ante el C\u00f3rdoba en el Ontime Butarque.<\/p>\n","protected":false},"excerpt":{"rendered":"El C.D. Legan\u00e9s no pudo avanzar en la Copa del Rey al caer en su partido ante el&hellip;\n","protected":false},"author":2,"featured_media":271362,"comment_status":"","ping_status":"","sticky":false,"template":"","format":"standard","meta":{"footnotes":""},"categories":[93],"tags":[1941,168,25,24,66619,57565,66620,23,167],"class_list":{"0":"post-271361","1":"post","2":"type-post","3":"status-publish","4":"format-standard","5":"has-post-thumbnail","7":"category-deportes","8":"tag-copa-del-rey","9":"tag-deportes","10":"tag-es","11":"tag-espana","12":"tag-leganes-albacete","13":"tag-ontime-butarque","14":"tag-ronda-2","15":"tag-spain","16":"tag-sports"},"share_on_mastodon":{"url":"https:\/\/pubeurope.com\/@es\/115663165426090280","error":""},"_links":{"self":[{"href":"https:\/\/www.europesays.com\/es\/wp-json\/wp\/v2\/posts\/271361","targetHints":{"allow":["GET"]}}],"collection":[{"href":"https:\/\/www.europesays.com\/es\/wp-json\/wp\/v2\/posts"}],"about":[{"href":"https:\/\/www.europesays.com\/es\/wp-json\/wp\/v2\/types\/post"}],"author":[{"embeddable":true,"href":"https:\/\/www.europesays.com\/es\/wp-json\/wp\/v2\/users\/2"}],"replies":[{"embeddable":true,"href":"https:\/\/www.europesays.com\/es\/wp-json\/wp\/v2\/comments?post=271361"}],"version-history":[{"count":0,"href":"https:\/\/www.europesays.com\/es\/wp-json\/wp\/v2\/posts\/271361\/revisions"}],"wp:featuredmedia":[{"embeddable":true,"href":"https:\/\/www.europesays.com\/es\/wp-json\/wp\/v2\/media\/271362"}],"wp:attachment":[{"href":"https:\/\/www.europesays.com\/es\/wp-json\/wp\/v2\/media?parent=271361"}],"wp:term":[{"taxonomy":"category","embeddable":true,"href":"https:\/\/www.europesays.com\/es\/wp-json\/wp\/v2\/categories?post=271361"},{"taxonomy":"post_tag","embeddable":true,"href":"https:\/\/www.europesays.com\/es\/wp-json\/wp\/v2\/tags?post=271361"}],"curies":[{"name":"wp","href":"https:\/\/api.w.org\/{rel}","templated":true}]}}