{"id":271363,"date":"2025-12-04T20:24:12","date_gmt":"2025-12-04T20:24:12","guid":{"rendered":"https:\/\/www.europesays.com\/es\/271363\/"},"modified":"2025-12-04T20:24:12","modified_gmt":"2025-12-04T20:24:12","slug":"sheila-devil-antes-camilin-hospitalizada-de-urgencia","status":"publish","type":"post","link":"https:\/\/www.europesays.com\/es\/271363\/","title":{"rendered":"Sheila Devil, antes &#8216;Camil\u00edn&#8217;, hospitalizada de urgencia"},"content":{"rendered":"<p style=\"\">M\u00e1xima preocupaci\u00f3n por <a href=\"https:\/\/www.abc.es\/gente\/estado-camilo-blanes-vuelve-preocupar-20240412134102-nt.html\" target=\"_self\" data-voc-vtm-id=\"in-text-traffic\" title=\"Sheila Devil\" data-mrf-link=\"www.abc.es\" rel=\"nofollow noopener\">Sheila Devil<\/a>. La hija de Camilo Sesto permanece hospitalizada en el Puerta de Hierro de Madrid despu\u00e9s de sufrir varios episodios de ansiedad que obligaron a su ingreso. Por el momento, se desconoce la evoluci\u00f3n de su salud pero se sabe  &#8230; que contin\u00faa en observaci\u00f3n m\u00e9dica. <\/p>\n<p class=\"voc-p\" style=\"\">En tanto, su madre, Lourdes Ornelas, acudi\u00f3 al hospital en cuanto tuvo noticia del ingreso y fue vista entrando con gesto serio, sin declaraciones y centrada \u00fanicamente en acceder al interior del hospital. Su presencia confirma que sigue de cerca la situaci\u00f3n de su hija, como ha hecho en otras ocasiones complicadas.<\/p>\n<p>\nSus antecedente de salud\n<\/p>\n<p class=\"voc-p\" style=\"\">Con este ingreso hospitalario, Sheila hace saltar nuevamente todas las alarmas sobre su estado de salud, puesto que, en los \u00faltimo a\u00f1os, ha atravesado distintos episodios m\u00e9dicos. En 2021 sufri\u00f3 una neumon\u00eda que la llev\u00f3 a permenecer en la UCI durante semanas, y meses despu\u00e9s fue atendida por un microinfarto cerebral. <\/p>\n<p class=\"voc-p\" style=\"\">Por otro lado, a finales de 2023, sus entorno \u00edntimo intent\u00f3 que la hija de Camilo Sesto aceptara ingresar en un centro especializado en adicciones. Sin embargo, finalmente no accedi\u00f3 a hacerlo. <\/p>\n<p>\nSus publicaciones en las redes sociales\n<\/p>\n<p class=\"voc-p\" style=\"\">Desde que &#8216;Camil\u00edn&#8217; inici\u00f3 su transici\u00f3n y adopt\u00f3 su identidad como Sheil Devil, sus redes han generado un gran debate y sobre todo, gran preocupaci\u00f3n entre los internautas. Su deterioro f\u00edsico evidente y un entorno dom\u00e9stico completamente desordenado, encendieron todas las alertas sobre su salud mental. <\/p>\n<p class=\"voc-p\" style=\"\">A ello se sum\u00f3 un episodio reciente: su detenci\u00f3n a comienzos de a\u00f1o tras la incautaci\u00f3n de <strong>12 gramos de coca\u00edna<\/strong> por parte de la Guardia Civil, seg\u00fan cont\u00f3 el programa &#8216;TardeAR&#8217;, un incidente que a\u00f1adi\u00f3 m\u00e1s presi\u00f3n medi\u00e1tica al entorno de la artista.<\/p>\n<p>\nLourdes, su apoyo incondicional\n<\/p>\n<p class=\"voc-p\" style=\"\">En los \u00faltimos meses, Lourdes Ornelas ha hablado en varios espacios televisivos sobre su preocupaci\u00f3n, siempre desde un tono prudente. Ha insistido en que no dramatiza y en que su prioridad es <strong>acompa\u00f1ar a su hija<\/strong> cuando esta lo necesita. Ahora, vuelve a hacerlo en silencio, sin declaraciones, pero presente en el hospital mientras Sheila contin\u00faa ingresada.<\/p>\n","protected":false},"excerpt":{"rendered":"M\u00e1xima preocupaci\u00f3n por Sheila Devil. La hija de Camilo Sesto permanece hospitalizada en el Puerta de Hierro de&hellip;\n","protected":false},"author":2,"featured_media":271364,"comment_status":"","ping_status":"","sticky":false,"template":"","format":"standard","meta":{"footnotes":""},"categories":[91],"tags":[4228,19316,48634,146,147,20893,25,24,3983,47095,39241,25614,23,575,12985],"class_list":{"0":"post-271363","1":"post","2":"type-post","3":"status-publish","4":"format-standard","5":"has-post-thumbnail","7":"category-entretenimiento","8":"tag-ansiedad","9":"tag-camilo","10":"tag-devil","11":"tag-entertainment","12":"tag-entretenimiento","13":"tag-episodios","14":"tag-es","15":"tag-espana","16":"tag-hija","17":"tag-hospitalizada","18":"tag-sesto","19":"tag-sheila","20":"tag-spain","21":"tag-tras","22":"tag-varios"},"share_on_mastodon":{"url":"https:\/\/pubeurope.com\/@es\/115663173311465760","error":""},"_links":{"self":[{"href":"https:\/\/www.europesays.com\/es\/wp-json\/wp\/v2\/posts\/271363","targetHints":{"allow":["GET"]}}],"collection":[{"href":"https:\/\/www.europesays.com\/es\/wp-json\/wp\/v2\/posts"}],"about":[{"href":"https:\/\/www.europesays.com\/es\/wp-json\/wp\/v2\/types\/post"}],"author":[{"embeddable":true,"href":"https:\/\/www.europesays.com\/es\/wp-json\/wp\/v2\/users\/2"}],"replies":[{"embeddable":true,"href":"https:\/\/www.europesays.com\/es\/wp-json\/wp\/v2\/comments?post=271363"}],"version-history":[{"count":0,"href":"https:\/\/www.europesays.com\/es\/wp-json\/wp\/v2\/posts\/271363\/revisions"}],"wp:featuredmedia":[{"embeddable":true,"href":"https:\/\/www.europesays.com\/es\/wp-json\/wp\/v2\/media\/271364"}],"wp:attachment":[{"href":"https:\/\/www.europesays.com\/es\/wp-json\/wp\/v2\/media?parent=271363"}],"wp:term":[{"taxonomy":"category","embeddable":true,"href":"https:\/\/www.europesays.com\/es\/wp-json\/wp\/v2\/categories?post=271363"},{"taxonomy":"post_tag","embeddable":true,"href":"https:\/\/www.europesays.com\/es\/wp-json\/wp\/v2\/tags?post=271363"}],"curies":[{"name":"wp","href":"https:\/\/api.w.org\/{rel}","templated":true}]}}