{"id":271367,"date":"2025-12-04T20:27:08","date_gmt":"2025-12-04T20:27:08","guid":{"rendered":"https:\/\/www.europesays.com\/es\/271367\/"},"modified":"2025-12-04T20:27:08","modified_gmt":"2025-12-04T20:27:08","slug":"rusia-considerara-un-motivo-de-guerra-que-la-ue-entregue-sus-activos-congelados-a-ucrania-internacional","status":"publish","type":"post","link":"https:\/\/www.europesays.com\/es\/271367\/","title":{"rendered":"Rusia considerar\u00e1 un \u201cmotivo de guerra\u201d que la UE entregue sus activos congelados a Ucrania | Internacional"},"content":{"rendered":"<p class=\"\">La Comisi\u00f3n Europea quiere financiar a Ucrania con los activos financieros de Rusia congelados en la UE por la invasi\u00f3n. <a href=\"https:\/\/elpais.com\/internacional\/2025-10-24\/belgica-frena-la-ambicion-de-la-ue-de-entregar-miles-de-millones-de-activos-rusos-a-ucrania.html\" target=\"_self\" rel=\"nofollow noopener\" title=\"https:\/\/elpais.com\/internacional\/2025-10-24\/belgica-frena-la-ambicion-de-la-ue-de-entregar-miles-de-millones-de-activos-rusos-a-ucrania.html\">B\u00e9lgica, donde est\u00e1 depositada la mayor parte de este dinero, unos 185.000 millones, se resiste<\/a>. Teme que posteriores reclamaciones rusas le obliguen a devolver cantidades ingentes para su presupuesto. Y Mosc\u00fa, por su parte, a\u00f1ade le\u00f1a al fuego con amenazas de alto voltaje: el vicepresidente del Consejo de Seguridad ruso, el expresidente Dmitri Medv\u00e9dev, ha advertido que si la Uni\u00f3n da ese paso lo considerar\u00e1 \u201cun casus belli\u201d (motivo de guerra). Sus palabras llegan apenas dos d\u00edas despu\u00e9s de que el presidente ruso, Vlad\u00edmir Putin, declarara que su pa\u00eds <a href=\"https:\/\/elpais.com\/internacional\/2025-12-02\/putin-ordena-conquistar-mas-territorio-en-la-frontera-con-ucrania-antes-de-recibir-al-enviado-especial-de-trump.html\" target=\"_self\" rel=\"nofollow noopener\" title=\"https:\/\/elpais.com\/internacional\/2025-12-02\/putin-ordena-conquistar-mas-territorio-en-la-frontera-con-ucrania-antes-de-recibir-al-enviado-especial-de-trump.html\">se encuentra listo para una contienda b\u00e9lica con Europa \u201cya mismo\u201d<\/a>. <\/p>\n<p class=\"\">Durante todo el oto\u00f1o, la UE est\u00e1 barajando la idea de usar buena parte de los 210.000 millones en activos financieros rusos para darle un cr\u00e9dito a Ucrania que financien sus necesidades civiles y militares en 2026 y 2027. En total, ser\u00eda un pr\u00e9stamo de unos 90.000 millones que despu\u00e9s el pa\u00eds invadido tendr\u00eda que devolver con las reparaciones de guerra a pagar por Mosc\u00fa si llega ese caso, seg\u00fan la propuesta concreta presentada este mi\u00e9rcoles por la Comisi\u00f3n Europea. Pero Mosc\u00fa lo rechaza. <\/p>\n<p class=\"\">La portavoz del Ministerio de Exteriores, Mar\u00eda Zaj\u00e1rova, ha anunciado que Rusia \u201cprepara un paquete de medidas de represalia en caso de que se produzca el robo e incautaci\u00f3n de los activos rusos\u201d. \u201cCualquier acci\u00f3n ilegal que involucre nuestras reservas y activos estatales no quedar\u00e1 sin respuesta\u201d, ha a\u00f1adido este jueves. Con su locuacidad habitual, el expresidente Medv\u00e9dev, reconocido este mi\u00e9rcoles como \u201cjurista del a\u00f1o\u201d en su pa\u00eds, ha a\u00f1adido que \u201cla devoluci\u00f3n de estos fondos podr\u00eda producirse no a trav\u00e9s de procedimientos legales, sino mediante reparaciones reales pagadas en especie por los enemigos de Rusia derrotados\u201d. <\/p>\n<p class=\"\">Estas amenazas a\u00f1aden presi\u00f3n sobre B\u00e9lgica, que lleva muchas semanas avisando de <a href=\"https:\/\/elpais.com\/internacional\/2025-12-03\/las-reticencias-de-belgica-y-del-bce-alejan-el-salvavidas-financiero-de-la-ue-para-ucrania-basado-en-los-activos-rusos.html\" target=\"_self\" rel=\"nofollow noopener\" title=\"https:\/\/elpais.com\/internacional\/2025-12-03\/las-reticencias-de-belgica-y-del-bce-alejan-el-salvavidas-financiero-de-la-ue-para-ucrania-basado-en-los-activos-rusos.html\">que rechaza esta opci\u00f3n para financiar a Ucrania<\/a> y que prefiere que se haga a trav\u00e9s de un pr\u00e9stamo garantizado con el presupuesto de la UE. El pa\u00eds que alberga las grandes instituciones de la Uni\u00f3n \u2014Comisi\u00f3n, Parlamento y Consejo\u2014 huye de esta opci\u00f3n por varios motivos. El primero es que asume un riesgo financiero evidente: al ser el pa\u00eds donde est\u00e1n la mayor parte de activos, podr\u00eda verse en un problema fiscal muy grave si un tribunal de arbitraje internacional diera la raz\u00f3n a Mosc\u00fa en una potencial reclamaci\u00f3n. \u201cLas fuertes garant\u00edas\u201d que ha preparado el Ejecutivo comunitario para repartir el riesgo comunitario no le calman. <\/p>\n<p class=\"\">Hay otro elemento a tener en cuenta. Si el Gobierno de Bart De Wever acepta que se toquen esos activos, pone al pa\u00eds en primera l\u00ednea en el choque con Mosc\u00fa. Y en B\u00e9lgica todav\u00eda se recuerda que hace poco m\u00e1s de un mes hubo que cancelar decenas de vuelos por avistamientos de drones que el Consejo de Seguridad atribuy\u00f3 a un \u201cactor estatal\u201d. No hubo se\u00f1alamiento directo, pero es evidente qui\u00e9n es en estos tiempos el principal sospechoso. <\/p>\n<p class=\"\">Sin embargo, una importante mayor\u00eda de socios de la UE tienen claro que su opci\u00f3n favorita, aunque la Comisi\u00f3n haya planteado dos, es la de utilizar los activos rusos para dar un pr\u00e9stamo a Ucrania a cuenta de reparaciones de guerra. Y la capital que m\u00e1s claro lo tiene es la que m\u00e1s pesa en la UE, Berl\u00edn. El propio canciller alem\u00e1n, Friedrich Merz, public\u00f3 el mi\u00e9rcoles, el mismo d\u00eda que el Ejecutivo europeo lanzaba su propuesta, <a href=\"https:\/\/www.bundesregierung.de\/breg-en\/news\/chancellor-guest-article-2397362\" target=\"_self\" rel=\"nofollow noopener\" title=\"https:\/\/www.bundesregierung.de\/breg-en\/news\/chancellor-guest-article-2397362\">un art\u00edculo apoyando esta salida<\/a>: \u201cTodos los riesgos financieros derivados de esta medida deben compartirse colectivamente. \u2018Colectivamente\u2019 significa que cada Estado miembro asumir\u00eda una parte igual del riesgo en funci\u00f3n de su capacidad econ\u00f3mica. Primero debemos acordar este principio pol\u00edticamente y luego aplicarlo mediante disposiciones jur\u00eddicamente vinculantes. Ser\u00eda inaceptable que un solo pa\u00eds soportara una carga desproporcionada\u201d. <\/p>\n<p>Von der Leyen, Merz y De Wever<\/p>\n<p class=\"\">\u201cComprendo perfectamente, en particular, las preocupaciones del Gobierno belga, dado que la mayor\u00eda de los activos congelados se encuentran all\u00ed\u201d, contin\u00faa Merz. Este viernes viaja a Bruselas para cenar con la presidenta de la Comisi\u00f3n, Ursula von der Leyen, y el primer ministro De Wever. Entre los dos alemanes, conservadores ambos y pertenecientes al partido democristiano CDU, intentar\u00e1n convencer al belga, que \u00faltimamente ha subido m\u00e1s el tono contra esta opci\u00f3n. \u201cB\u00e9lgica nunca aceptar\u00e1 asumir a solas los riesgos de una operaci\u00f3n as\u00ed\u201d, ha advertido el primer ministro este jueves en el Parlamento belga, donde ha recibido un amplio apoyo por esta postura. <\/p>\n<p class=\"\">La posici\u00f3n de cautela de B\u00e9lgica, un pa\u00eds que tambi\u00e9n sufre estrecheces fiscales considerables, con una deuda que supera el 106,2% del PIB, contrasta con la de Mosc\u00fa. Rusia, pese a sus amenazas contra el uso de sus activos en la UE para financiar al pa\u00eds que ha agredido, <a href=\"https:\/\/elpais.com\/internacional\/2025-08-04\/aeropuertos-y-minas-de-oro-el-kremlin-intensifica-la-confiscacion-de-empresas-en-rusia.html\" target=\"_self\" rel=\"nofollow noopener\" title=\"https:\/\/elpais.com\/internacional\/2025-08-04\/aeropuertos-y-minas-de-oro-el-kremlin-intensifica-la-confiscacion-de-empresas-en-rusia.html\">no ha dudado en confiscar bienes y activos a m\u00e1s de un centenar de grandes firmas<\/a> valoradas en 3,9 billones de rublos (unos 45.000 millones de euros) desde que el inicio de la invasi\u00f3n de Ucrania en 2022 hasta junio de este a\u00f1o, <a href=\"https:\/\/www.nsplaw.com\/backend\/media\/filer_public\/92\/d6\/92d610fe-10ee-424d-8ce8-9e9786f0d930\/nsp_issledovanie_po_delam_o_natsionalizatsii.pdf\" target=\"_self\" rel=\"nofollow noopener\" title=\"https:\/\/www.nsplaw.com\/backend\/media\/filer_public\/92\/d6\/92d610fe-10ee-424d-8ce8-9e9786f0d930\/nsp_issledovanie_po_delam_o_natsionalizatsii.pdf\">seg\u00fan el despacho de abogados NSP<\/a>. Y a ello habr\u00eda que sumar otros activos, como los aviones de Airbus y Boeing en leasing que no han devuelto las aerol\u00edneas rusas.<\/p>\n<p class=\"\">Rusia ha vertido sus \u00faltimas amenazas contra la Uni\u00f3n Europea el mismo d\u00eda que su justicia ha rechazado el dictamen de un tribunal de arbitraje internacional contra la confiscaci\u00f3n de una empresa europea. El tribunal de arbitraje de Mosc\u00fa ha declarado \u201cincompetente y contraria al derecho internacional\u201d la resoluci\u00f3n del Centro Financiero Internacional de Dub\u00e1i que daba la raz\u00f3n a la que fuera la mayor compa\u00f1\u00eda del petr\u00f3leo y gas de Alemania, Wintershall Dea.<\/p>\n<p class=\"\">La firma reclama unos 7.500 millones de euros a Mosc\u00fa. Wintershall Dea anunci\u00f3 que vender\u00eda sus activos y se retirar\u00eda de Rusia tras comenzar la guerra. Sin embargo, el Kremlin revirti\u00f3 su venta y entreg\u00f3 el control de sus instalaciones a empresas rusas mediante un decreto presidencial emitido en diciembre de 2023.<\/p>\n","protected":false},"excerpt":{"rendered":"La Comisi\u00f3n Europea quiere financiar a Ucrania con los activos financieros de Rusia congelados en la UE por&hellip;\n","protected":false},"author":2,"featured_media":271368,"comment_status":"","ping_status":"","sticky":false,"template":"","format":"standard","meta":{"footnotes":""},"categories":[42],"tags":[8738,17,18,70,71,72,700,13,14,69,7082,11,61,62,63,64,19,20,9,10,15,16,1613,1614,12,7081,21,22,1617,65,66,67],"class_list":{"0":"post-271367","1":"post","2":"type-post","3":"status-publish","4":"format-standard","5":"has-post-thumbnail","7":"category-internacional","8":"tag-ataques-militares","9":"tag-breaking-news","10":"tag-breakingnews","11":"tag-conflictos","12":"tag-conflictos-armados","13":"tag-conflictos-internacionales","14":"tag-europa","15":"tag-featured-news","16":"tag-featurednews","17":"tag-guerra","18":"tag-guerra-de-rusia-en-ucrania","19":"tag-headlines","20":"tag-internacional","21":"tag-international","22":"tag-international-news","23":"tag-internationalnews","24":"tag-latest-news","25":"tag-latestnews","26":"tag-news","27":"tag-noticias","28":"tag-noticias-destacadas","29":"tag-noticiasdestacadas","30":"tag-otan","31":"tag-rusia","32":"tag-titulares","33":"tag-ucrania","34":"tag-ultimas-noticias","35":"tag-ultimasnoticias","36":"tag-union-europea","37":"tag-world","38":"tag-world-news","39":"tag-worldnews"},"share_on_mastodon":{"url":"","error":"Validation failed: Text character limit of 500 exceeded"},"_links":{"self":[{"href":"https:\/\/www.europesays.com\/es\/wp-json\/wp\/v2\/posts\/271367","targetHints":{"allow":["GET"]}}],"collection":[{"href":"https:\/\/www.europesays.com\/es\/wp-json\/wp\/v2\/posts"}],"about":[{"href":"https:\/\/www.europesays.com\/es\/wp-json\/wp\/v2\/types\/post"}],"author":[{"embeddable":true,"href":"https:\/\/www.europesays.com\/es\/wp-json\/wp\/v2\/users\/2"}],"replies":[{"embeddable":true,"href":"https:\/\/www.europesays.com\/es\/wp-json\/wp\/v2\/comments?post=271367"}],"version-history":[{"count":0,"href":"https:\/\/www.europesays.com\/es\/wp-json\/wp\/v2\/posts\/271367\/revisions"}],"wp:featuredmedia":[{"embeddable":true,"href":"https:\/\/www.europesays.com\/es\/wp-json\/wp\/v2\/media\/271368"}],"wp:attachment":[{"href":"https:\/\/www.europesays.com\/es\/wp-json\/wp\/v2\/media?parent=271367"}],"wp:term":[{"taxonomy":"category","embeddable":true,"href":"https:\/\/www.europesays.com\/es\/wp-json\/wp\/v2\/categories?post=271367"},{"taxonomy":"post_tag","embeddable":true,"href":"https:\/\/www.europesays.com\/es\/wp-json\/wp\/v2\/tags?post=271367"}],"curies":[{"name":"wp","href":"https:\/\/api.w.org\/{rel}","templated":true}]}}