{"id":271371,"date":"2025-12-04T20:29:14","date_gmt":"2025-12-04T20:29:14","guid":{"rendered":"https:\/\/www.europesays.com\/es\/271371\/"},"modified":"2025-12-04T20:29:14","modified_gmt":"2025-12-04T20:29:14","slug":"la-junta-apela-en-malaga-al-4d-para-reivindicar-igualdad-de-trato-entre-territorios-noticias","status":"publish","type":"post","link":"https:\/\/www.europesays.com\/es\/271371\/","title":{"rendered":"La Junta apela en M\u00e1laga al 4D para reivindicar igualdad de trato entre territorios &#8211; Noticias"},"content":{"rendered":"<p>La <strong>consejera de Empleo, Empresa y Trabajo Aut\u00f3nomo, Roc\u00edo Blanco, y el titular andaluz de Turismo y Andaluc\u00eda Exterior, Arturo Bernal,<\/strong> han presidido este jueves el acto institucional que se ha celebrado en <strong>M\u00e1laga<\/strong> para conmemorar el <strong>D\u00eda de la Bandera de Andaluc\u00eda<\/strong>, una efem\u00e9ride que se celebra despu\u00e9s de que el\u00a0Consejo de Gobierno aprobara en noviembre de 2022 el decreto por el que se declaraba oficialmente el\u00a04 de diciembre como fecha para este homenaje. <strong>\u201cHoy Andaluc\u00eda <\/strong><strong>evoca su bandera y reivindica el respeto institucional que debe tener nuestro pueblo\u201d<\/strong>, ha afirmado Roc\u00edo Blanco.<\/p>\n<p>Celebrado en los Jardines de Picasso de la capital, tambi\u00e9n ha asistido al acto el alcalde de M\u00e1laga, Francisco de la Torre; el presidente de la Diputaci\u00f3n provincial, Francisco Salado; la delegada de la Junta en M\u00e1laga, Patricia Navarro, as\u00ed como numerosos alcaldes, delegados territoriales, diputados, senadores, parlamentarios y miembros de distintos sindicatos, Fuerzas y Cuerpos de Seguridad del Estado, militares y otros representantes de la sociedad civil. <\/p>\n<p>La cantante <strong>Roc\u00edo Alba<\/strong> ha interpretado el himno de Andaluc\u00eda en un acto que ha terminado con el izado de la bandera de la Comunidad Aut\u00f3noma por parte de Andrea Moreno Gavil\u00e1n y Alejandro Mu\u00f1oz P\u00e9rez, dos j\u00f3venes estudiantes que han obtenido el mejor expediente de acceso a la universidad y el premio especial de bachillerato.<\/p>\n<p>Durante su discurso, Roc\u00edo Blanco ha subrayado que conmemorar el 4D sirve para celebrar y reconocer a los hombres y mujeres que lucharon, defendieron y reivindicaron igualdad, equidad y justicia para Andaluc\u00eda, siendo las manifestaciones del 4 de diciembre de 1977 la primera expresi\u00f3n masiva de este anhelo com\u00fan. <strong>\u201cHomenajeamos a aquellos que hicieron de la bandera un emblema de dignidad y esperanza\u201d<\/strong>, ha agregado.<\/p>\n<p>Como ha destacado, la bandera de Andaluc\u00eda es un s\u00edmbolo que evoca <strong>familia, ra\u00edces, territorio, pueblo <\/strong>y, en definitiva, \u201cnos identifica con <strong>una Andaluc\u00eda que no excluye, sino que es inclusiva<\/strong>\u201d. \u201cAndaluc\u00eda es acogedora, tiene valores, tiene talento, es una tierra luchadora y muy trabajadora\u201d, ha proseguido Roc\u00edo Blanco, para a\u00f1adir que es un territorio en el que no sobra nadie y que un d\u00eda como este \u201ctenemos que reivindicar la <strong>igualdad y solidaridad<\/strong> entre todas las comunidades aut\u00f3nomas\u201d.<\/p>\n<p>La bandera de Andaluc\u00eda, en palabras de la consejera de Empleo, \u201ces <strong>s\u00edmbolo de lo mejor que somos<\/strong>, y hoy tenemos que reivindicar equidad para nuestra tierra con el resto de comunidades aut\u00f3nomas\u201d.<\/p>\n<p>\u201c<strong>Andaluc\u00eda es un pilar de Espa\u00f1a<\/strong>\u201d, ha abundado Roc\u00edo Blanco, quien ha reivindicado \u201cigualdad de trato con resto de comunidades aut\u00f3nomas\u201d para evitar que haya ciudadanos de primera y de segunda, para evitar que los ciudadanos, vivan donde vivan, tengan acceso a oportunidades o servicios diferentes en funci\u00f3n de su vecindad.<\/p>\n<p>El Consejo de Gobierno aprob\u00f3 en noviembre de 2022 el decreto por el que se declaraba oficialmente el <strong>4 de diciembre como D\u00eda de la Bandera de Andaluc\u00eda<\/strong>, con el que se impulsan iniciativas educativas, sociales e institucionales que contribuyan a garantizar la m\u00e1xima difusi\u00f3n de los valores y significados que encarna dicho emblema. <\/p>\n<p>De esta forma,\u00a0se conmemoran las manifestaciones celebradas el 4 de diciembre de 1977 como expresi\u00f3n de la voluntad del pueblo andaluz de acceder a las m\u00e1ximas cotas de autonom\u00eda bajo el s\u00edmbolo com\u00fan y de uni\u00f3n que representa la bandera de Andaluc\u00eda y que desde entonces identifica a los andaluces como una comunidad con sus aspiraciones y reivindicaciones. <\/p>\n","protected":false},"excerpt":{"rendered":"La consejera de Empleo, Empresa y Trabajo Aut\u00f3nomo, Roc\u00edo Blanco, y el titular andaluz de Turismo y Andaluc\u00eda&hellip;\n","protected":false},"author":2,"featured_media":271372,"comment_status":"","ping_status":"","sticky":false,"template":"","format":"standard","meta":{"footnotes":""},"categories":[5],"tags":[17,18,25,24,13,14,11,19,20,9,10,15,16,23,12,21,22],"class_list":{"0":"post-271371","1":"post","2":"type-post","3":"status-publish","4":"format-standard","5":"has-post-thumbnail","7":"category-titulares","8":"tag-breaking-news","9":"tag-breakingnews","10":"tag-es","11":"tag-espana","12":"tag-featured-news","13":"tag-featurednews","14":"tag-headlines","15":"tag-latest-news","16":"tag-latestnews","17":"tag-news","18":"tag-noticias","19":"tag-noticias-destacadas","20":"tag-noticiasdestacadas","21":"tag-spain","22":"tag-titulares","23":"tag-ultimas-noticias","24":"tag-ultimasnoticias"},"share_on_mastodon":{"url":"https:\/\/pubeurope.com\/@es\/115663192946183568","error":""},"_links":{"self":[{"href":"https:\/\/www.europesays.com\/es\/wp-json\/wp\/v2\/posts\/271371","targetHints":{"allow":["GET"]}}],"collection":[{"href":"https:\/\/www.europesays.com\/es\/wp-json\/wp\/v2\/posts"}],"about":[{"href":"https:\/\/www.europesays.com\/es\/wp-json\/wp\/v2\/types\/post"}],"author":[{"embeddable":true,"href":"https:\/\/www.europesays.com\/es\/wp-json\/wp\/v2\/users\/2"}],"replies":[{"embeddable":true,"href":"https:\/\/www.europesays.com\/es\/wp-json\/wp\/v2\/comments?post=271371"}],"version-history":[{"count":0,"href":"https:\/\/www.europesays.com\/es\/wp-json\/wp\/v2\/posts\/271371\/revisions"}],"wp:featuredmedia":[{"embeddable":true,"href":"https:\/\/www.europesays.com\/es\/wp-json\/wp\/v2\/media\/271372"}],"wp:attachment":[{"href":"https:\/\/www.europesays.com\/es\/wp-json\/wp\/v2\/media?parent=271371"}],"wp:term":[{"taxonomy":"category","embeddable":true,"href":"https:\/\/www.europesays.com\/es\/wp-json\/wp\/v2\/categories?post=271371"},{"taxonomy":"post_tag","embeddable":true,"href":"https:\/\/www.europesays.com\/es\/wp-json\/wp\/v2\/tags?post=271371"}],"curies":[{"name":"wp","href":"https:\/\/api.w.org\/{rel}","templated":true}]}}