{"id":271375,"date":"2025-12-04T20:37:13","date_gmt":"2025-12-04T20:37:13","guid":{"rendered":"https:\/\/www.europesays.com\/es\/271375\/"},"modified":"2025-12-04T20:37:13","modified_gmt":"2025-12-04T20:37:13","slug":"los-lakers-descartan-a-luka-doncic-por-tiempo-indefinido","status":"publish","type":"post","link":"https:\/\/www.europesays.com\/es\/271375\/","title":{"rendered":"Los Lakers descartan a Luka Doncic por tiempo indefinido"},"content":{"rendered":"<p class=\"\"><b>Luka Doncic<\/b> se ha convertido en el l\u00edder indiscutible de <b>Los \u00c1ngeles Lakers <\/b>en su primera temporada completa con la franquicia. <a href=\"https:\/\/as.com\/us\/baloncesto\/luka-doncic-y-austin-reaves-la-dupla-que-sigue-haciendo-historia-f202512-n\/\" target=\"_blank\" rel=\"noreferrer nofollow noopener\" title=\"https:\/\/as.com\/us\/baloncesto\/luka-doncic-y-austin-reaves-la-dupla-que-sigue-haciendo-historia-f202512-n\/\">No solo es el m\u00e1ximo anotador del equipo<\/a>, sino que tambi\u00e9n es el jugador con el mayor promedio de puntos por partido en toda la <b>NBA<\/b>, con 35.3. El base est\u00e1 firmando n\u00fameros para ser considerado entre los candidatos al premio al <b>Jugador M\u00e1s Valioso <\/b>al final del a\u00f1o, y gran parte del \u00e9xito de los P\u00farpura y Oro depende de su desempe\u00f1o en cada encuentro.<\/p>\n<p class=\"\">El esloveno anot\u00f3 38 puntos en el \u00faltimo partido de los <b>Lakers<\/b>; sin embargo, <a href=\"https:\/\/as.com\/us\/baloncesto\/luka-doncic-fue-mi-culpa-nunca-ajustare-mi-juego-f202512-n\/\" target=\"_blank\" rel=\"noreferrer nofollow noopener\" title=\"https:\/\/as.com\/us\/baloncesto\/luka-doncic-fue-mi-culpa-nunca-ajustare-mi-juego-f202512-n\/\">no pudo evitar la derrota por 125-108<\/a> ante los <b>Phoenix Suns<\/b>, l<b>o que puso fin a la racha de siete victorias consecutivas<\/b>. Ahora, la franquicia angelina inicia una gira fuera de casa, y su primera parada es en Canad\u00e1 para enfrentar este jueves a los <b>Toronto<\/b> <b>Raptors<\/b> (15-7), duelo para el que <b>no estar\u00e1 Luka Doncic por un tema personal<\/b>, seg\u00fan inform\u00f3 el propio equipo en la previa.<\/p>\n<p>La raz\u00f3n de la ausencia de Luka Doncic<\/p>\n<p class=\"\">A\u00fan no se sabe por cu\u00e1nto tiempo estar\u00e1 fuera el base esloveno,<a href=\"https:\/\/as.com\/us\/baloncesto\/lebron-james-la-defensa-determinara-la-grandeza-de-los-lakers-f202511-n\/\" target=\"_blank\" rel=\"noreferrer nofollow noopener\" title=\"https:\/\/as.com\/us\/baloncesto\/lebron-james-la-defensa-determinara-la-grandeza-de-los-lakers-f202511-n\/\"> tomando en cuenta que despu\u00e9s de Toronto viajan a Boston <\/a>para enfrentar el viernes a los <b>Celtics<\/b> y, el 7 de diciembre, a los <b>Philadelphia 76ers<\/b> en el Wells Fargo Center. De acuerdo con varios reportes, <b>Luka<\/b> <b>Doncic<\/b> no hizo el viaje con el resto del grupo debido a que<b> regres\u00f3 a Eslovenia por el nacimiento de su segunda hija<\/b>, por lo que se perder\u00e1 su cuarto partido de la presente temporada.<\/p>\n<p>Noticias relacionadas<a href=\"https:\/\/as.com\/us\/baloncesto\/lebron-james-asegura-que-jokic-es-el-jugador-mas-dominante-f202512-n\/\" class=\"s_m_w\" title=\"El futuro miembro del Sal\u00f3n de la Fama de la NBA confes\u00f3 que el serbio es el jugador m\u00e1s dominante al que se ha enfrentado.\" data-tb-link=\"\" rel=\"nofollow noopener\" target=\"_blank\"><img decoding=\"async\" src=\"https:\/\/www.europesays.com\/es\/wp-content\/uploads\/2025\/12\/J4Y3XWMBVYR7RGJMKIIM4WRXTU.jpg\" alt=\"LeBron James asegura que Jokic es el jugador m\u00e1s dominante\" class=\"\" height=\"9\" width=\"16\"   loading=\"lazy\" data-tb-thumbnail=\"\"\/><\/a><a href=\"https:\/\/as.com\/us\/baloncesto\/luka-doncic-fue-mi-culpa-nunca-ajustare-mi-juego-f202512-n\/\" class=\"s_m_w\" title=\"El base esloveno acept\u00f3 la responsabilidad por la primera derrota de los Lakers en sus \u00faltimos ocho partidos ante los Suns.\" data-tb-link=\"\" rel=\"nofollow noopener\" target=\"_blank\"><img decoding=\"async\" src=\"https:\/\/www.europesays.com\/es\/wp-content\/uploads\/2025\/12\/SSUXL37YDVOTXHELXE5SVNI6YI.jpg\" alt=\"Luka Doncic: \u201cFue mi culpa\u2026 nunca ajustar\u00e9 mi juego\u201d\" class=\"\" height=\"9\" width=\"16\"   loading=\"lazy\" data-tb-thumbnail=\"\"\/><\/a><\/p>\n<p class=\"\">Mientras tanto, <b>Austin Reaves <\/b>y <b>LeBron James<\/b><a href=\"https:\/\/as.com\/us\/baloncesto\/lebron-james-estoy-contento-de-estar-de-regreso-f202511-n\/\" target=\"_blank\" rel=\"noreferrer nofollow noopener\" title=\"https:\/\/as.com\/us\/baloncesto\/lebron-james-estoy-contento-de-estar-de-regreso-f202511-n\/\"> tendr\u00e1n que asumir una mayor responsabilidad en su ausencia<\/a> durante la gira de tres partidos fuera del Crypto Arena. Otro jugador que se perder\u00e1 el duelo de este jueves es <b>Marcus<\/b> <b>Smart<\/b>, debido a una molestia en la parte baja de la espalda. Los <b>Lakers<\/b> se encuentran en el segundo lugar de la <b>Conferencia<\/b> <b>Oeste<\/b> con un r\u00e9cord de 15-5.<\/p>\n<p class=\"\"><b>\u00a1Tus opiniones importan!<\/b> Comenta en los art\u00edculos y suscr\u00edbete gratis a nuestra <a href=\"https:\/\/asfan.as.com\/newsletters\/\" target=\"_blank\" rel=\"nofollow noopener\" title=\"https:\/\/asfan.as.com\/newsletters\/\">newsletter<\/a> y a las alertas informativas en la <a href=\"https:\/\/as.com\/aplicacion-de-as-n\/\" target=\"_blank\" rel=\"nofollow noopener\" title=\"https:\/\/as.com\/aplicacion-de-as-n\/\">App<\/a> o el canal de <a href=\"https:\/\/www.whatsapp.com\/channel\/0029VaAasdA7j6g745nz9M10\" target=\"_blank\" rel=\"nofollow noopener\" title=\"https:\/\/www.whatsapp.com\/channel\/0029VaAasdA7j6g745nz9M10\">WhatsApp<\/a>. \u00bfBuscas licenciar contenido? Haz clic <a href=\"https:\/\/profesional.elpais.com\/soluciones-sindicacion?utm_medium=interno&amp;utm_source=crosslinking&amp;utm_campaign=sindicacion_as_pie_articulos\" target=\"_blank\" rel=\"nofollow noopener\" title=\"https:\/\/profesional.elpais.com\/soluciones-sindicacion?utm_medium=interno&amp;utm_source=crosslinking&amp;utm_campaign=sindicacion_as_pie_articulos\">aqu\u00ed<\/a><\/p>\n","protected":false},"excerpt":{"rendered":"Luka Doncic se ha convertido en el l\u00edder indiscutible de Los \u00c1ngeles Lakers en su primera temporada completa&hellip;\n","protected":false},"author":2,"featured_media":271376,"comment_status":"","ping_status":"","sticky":false,"template":"","format":"standard","meta":{"footnotes":""},"categories":[269],"tags":[299,298,168,25,24,23,167],"class_list":{"0":"post-271375","1":"post","2":"type-post","3":"status-publish","4":"format-standard","5":"has-post-thumbnail","7":"category-baloncesto","8":"tag-baloncesto","9":"tag-basketball","10":"tag-deportes","11":"tag-es","12":"tag-espana","13":"tag-spain","14":"tag-sports"},"share_on_mastodon":{"url":"https:\/\/pubeurope.com\/@es\/115663225518055736","error":""},"_links":{"self":[{"href":"https:\/\/www.europesays.com\/es\/wp-json\/wp\/v2\/posts\/271375","targetHints":{"allow":["GET"]}}],"collection":[{"href":"https:\/\/www.europesays.com\/es\/wp-json\/wp\/v2\/posts"}],"about":[{"href":"https:\/\/www.europesays.com\/es\/wp-json\/wp\/v2\/types\/post"}],"author":[{"embeddable":true,"href":"https:\/\/www.europesays.com\/es\/wp-json\/wp\/v2\/users\/2"}],"replies":[{"embeddable":true,"href":"https:\/\/www.europesays.com\/es\/wp-json\/wp\/v2\/comments?post=271375"}],"version-history":[{"count":0,"href":"https:\/\/www.europesays.com\/es\/wp-json\/wp\/v2\/posts\/271375\/revisions"}],"wp:featuredmedia":[{"embeddable":true,"href":"https:\/\/www.europesays.com\/es\/wp-json\/wp\/v2\/media\/271376"}],"wp:attachment":[{"href":"https:\/\/www.europesays.com\/es\/wp-json\/wp\/v2\/media?parent=271375"}],"wp:term":[{"taxonomy":"category","embeddable":true,"href":"https:\/\/www.europesays.com\/es\/wp-json\/wp\/v2\/categories?post=271375"},{"taxonomy":"post_tag","embeddable":true,"href":"https:\/\/www.europesays.com\/es\/wp-json\/wp\/v2\/tags?post=271375"}],"curies":[{"name":"wp","href":"https:\/\/api.w.org\/{rel}","templated":true}]}}