{"id":271377,"date":"2025-12-04T20:38:11","date_gmt":"2025-12-04T20:38:11","guid":{"rendered":"https:\/\/www.europesays.com\/es\/271377\/"},"modified":"2025-12-04T20:38:11","modified_gmt":"2025-12-04T20:38:11","slug":"el-real-madrid-representa-el-poder-y-el-barca-la-libertad","status":"publish","type":"post","link":"https:\/\/www.europesays.com\/es\/271377\/","title":{"rendered":"El Real Madrid representa el poder y el Bar\u00e7a, la libertad"},"content":{"rendered":"<p data-mrf-recirculation=\"Links P\u00e1rrafos\" class=\"ue-c-article__paragraph paragraph ue-c-article--first-letter-highlighted\"><strong>Joan Laporta<\/strong> valor\u00f3 este jueves la trayectoria del <strong>Barcelona<\/strong> y se refiri\u00f3 tambi\u00e9n a la salud del club catal\u00e1n en el presente, de cara a las pr\u00f3ximas temporadas&#8230; El presidente azulgrana, que tambi\u00e9n valor\u00f3 la relaci\u00f3n actual con el <strong>Real Madrid,<\/strong> fue uno de los invitados de La Vanguardia en el foro Bar\u00e7a: entre la historia y el futuro. El mandatario adelant\u00f3, entre otros temas, que <strong>Eric Garc\u00eda<\/strong> firmar\u00e1 la ampliaci\u00f3n el jueves d\u00eda 11 y que el club podr\u00eda afrontar el fichaje de cualquier jugador que pretendiera.<\/p>\n<p data-mrf-recirculation=\"Links P\u00e1rrafos\" class=\"ue-c-article__paragraph paragraph\"><strong>Elecciones<\/strong><\/p>\n<p data-mrf-recirculation=\"Links P\u00e1rrafos\" class=\"ue-c-article__paragraph paragraph\">\u00abLo que tenemos pensado es decidir a finales de enero cu\u00e1ndo ser\u00e1 la fecha. Estamos focalizados en el d\u00eda a d\u00eda del club. Hay Copa del Rey, LaLiga&#8230; y queremos que el proceso electoral no influya en el equipo. Ser\u00eda la \u00faltima vez que me presentar\u00eda, no har\u00eda un Putin ni un Maduro. No lo tengo previsto. Valoro la democracia y los estatutos son la norma m\u00e1xima que regula el club. Podemos hacer dos mandatos consecutivos. Y, adem\u00e1s, tengo una edad\u00bb.<\/p>\n<p data-mrf-recirculation=\"Links P\u00e1rrafos\" class=\"ue-c-article__paragraph paragraph\"><strong>Eintracht<\/strong><\/p>\n<p data-mrf-recirculation=\"Links P\u00e1rrafos\" class=\"ue-c-article__paragraph paragraph\">\u00abHemos decidido que solo socios del Bar\u00e7a puedan comprar entradas para el partido de Champions por el hist\u00f3rico que tenemos con ellos. No quiero volver a tener la sensaci\u00f3n de aquel partido de 2022. El recuerdo es horroroso. Todo lleno de camisetas del equipo contrario\u00bb.<\/p>\n<blockquote class=\"ue-c-article__blockquote\">\n<p>El Spotify Camp Nou tendr\u00e1 un aforo de 62.000 localidades a finales de este mes o inicio del pr\u00f3ximo a\u00f1o<\/p>\n<p>Joan Laporta<\/p><\/blockquote>\n<p data-mrf-recirculation=\"Links P\u00e1rrafos\" class=\"ue-c-article__paragraph paragraph\"><strong>Spotify Camp Nou<\/strong><\/p>\n<p data-mrf-recirculation=\"Links P\u00e1rrafos\" class=\"ue-c-article__paragraph paragraph\">\u00abYa me he pisado muchas veces los dedos con este tema. El sue\u00f1o ya es una realidad y hemos vuelto con 45.000 asientos. Estamos satisfechos con el Ajuntament. Si no hay imprevistos, podr\u00e1 tener un aforo de 62.000 localidades a finales de este mes o inicio del pr\u00f3ximo a\u00f1o. Estoy muy satisfecho con Limak. Es la obra m\u00e1s importante que se est\u00e1 haciendo en el sur de Europa. Ya volvemos a tener el estadio, gracias al entusiasmo de Limak. La masa social ha mostrado comprensi\u00f3n y paciencia. La prioridad es acabar el estadio y la empresa debe ver que somos razonables, y en relaci\u00f3n a las multas no las contemplamos&#8230; los retrasos no son por su culpa&#8230; no son imputables a ellos sino a no tener las licencias&#8230; Las dos partes estamos confortables\u00bb.<\/p>\n<p data-mrf-recirculation=\"Links P\u00e1rrafos\" class=\"ue-c-article__paragraph paragraph\"><strong>Presidentes en el Spotify Camp Nou y en Bernab\u00e9u<\/strong><\/p>\n<p data-mrf-recirculation=\"Links P\u00e1rrafos\" class=\"ue-c-article__paragraph paragraph\">\u00abNo han venido. El Madrid representa el poder y el Bar\u00e7a, la libertad. Y esto provoca estas circunstancias, no s\u00e9 si en el palco del Bernab\u00e9u se hacen negocios. Hay poder, pero no lo s\u00e9\u00bb.<\/p>\n<blockquote class=\"ue-c-article__blockquote\">\n<p>No s\u00e9 si en el palco del Bernab\u00e9u se hacen negocios<\/p>\n<p>Joan Laporta<\/p><\/blockquote>\n<p data-mrf-recirculation=\"Links P\u00e1rrafos\" class=\"ue-c-article__paragraph paragraph\"><strong>Florentino<\/strong><\/p>\n<p data-mrf-recirculation=\"Links P\u00e1rrafos\" class=\"ue-c-article__paragraph paragraph\">\u00abLa relaci\u00f3n es correcta, cordial y hay concordia institucional. La relaci\u00f3n con Florentino es correcta\u00bb.<\/p>\n<p data-mrf-recirculation=\"Links P\u00e1rrafos\" class=\"ue-c-article__paragraph paragraph\"><strong>S.A.<\/strong><\/p>\n<p data-mrf-recirculation=\"Links P\u00e1rrafos\" class=\"ue-c-article__paragraph paragraph\">\u00abSeremos un club propiedad de sus socios. Lo defender\u00e9 siempre. Somos garantes de ello. El Bar\u00e7a es una instituci\u00f3n con una carga muy representativa de Barcelona y Catalu\u00f1a y tiene otros c\u00f3digos. Es moderna, comprometida con la diversidad, la equidad, la libertad, nuestra lengua y cultura&#8230; \u00ab.<\/p>\n<p data-mrf-recirculation=\"Links P\u00e1rrafos\" class=\"ue-c-article__paragraph paragraph\"><strong>Messi<\/strong><\/p>\n<p data-mrf-recirculation=\"Links P\u00e1rrafos\" class=\"ue-c-article__paragraph paragraph\">\u00abLas personas, hablando se entienden. En el caso de Leo Messi, tenemos previsto, cuando sea el mejor momento para todos, hacerle el mejor homenaje y una estatua. El homenaje ser\u00eda mejor con un estadio de 105.000 cul\u00e9s. Ha sido el mejor jugador, tal vez, de la historia del f\u00fatbol y del Barcelona. Pero no alimento pol\u00e9micas ni hago especulaciones con cosas que no son realistas. Tiene contrato con otro club.\u00a0 Hemos hablado en la Junta que llevara su nombre el estadio, pero no lo consideramos apropiado porque se suelen poner nombres de personas que no ya no est\u00e1n\u00bb.<\/p>\n<blockquote class=\"ue-c-article__blockquote\">\n<p>No alimento pol\u00e9micas ni especulaciones con Messi<\/p>\n<p>Joan Laporta<\/p><\/blockquote>\n<p data-mrf-recirculation=\"Links P\u00e1rrafos\" class=\"ue-c-article__paragraph paragraph\"><strong>Situaci\u00f3n econ\u00f3mica transparente<\/strong><\/p>\n<p data-mrf-recirculation=\"Links P\u00e1rrafos\" class=\"ue-c-article__paragraph paragraph\">\u00abCuando llegamos la situaci\u00f3n era desastrosa, casi de quiebra. Decidimos que el club siguiera siendo de los socios y que estos no se tocaran el bolsillo. Somos transparentes. Est\u00e1bamos en una situaci\u00f3n l\u00edmite y de ah\u00ed el acuerdo con el Congo, que est\u00e1 al l\u00edmite. Los buenos resultados no son por obra divina, son por trabajar y trabajar. Se\u00a0 han tomado decisiones. Estamos orgullosos de todos los par\u00e1metros del club, todos han mejorado en relaci\u00f3n al 2021. La alegr\u00eda se ha instalado en el barcelonismo, porque el club enamora&#8230; \u00ab.<\/p>\n<p data-mrf-recirculation=\"Links P\u00e1rrafos\" class=\"ue-c-article__paragraph paragraph\"><strong>Regla 1:1<\/strong><\/p>\n<p data-mrf-recirculation=\"Links P\u00e1rrafos\" class=\"ue-c-article__paragraph paragraph\">\u00abLlegamos en enero y renovamos a los j\u00f3venes: Lamine, Cubars\u00ed, Balde, Gavi, Ferm\u00edn&#8230; y nos excedimos. Fichamos a Joan Garc\u00eda, Roony&#8230; pero pronto estaremos de nuevo en el 1:1. Es el objetivo. Pero no nos agobia tanto, ya hemos hecho los deberes. Creo que podremos gestionar todo lo necesario para tener un equipo a\u00fan m\u00e1s competitivo. El valor de los jugadores es a\u00fan m\u00e1s alto y la Masia pide paso. Hay muchas formas para poner m\u00e1s piezas\u00bb.<\/p>\n<p data-mrf-recirculation=\"Links P\u00e1rrafos\" class=\"ue-c-article__paragraph paragraph\"><strong>Mercado de invierno y verano<\/strong><\/p>\n<p data-mrf-recirculation=\"Links P\u00e1rrafos\" class=\"ue-c-article__paragraph paragraph\">\u00abA Araujo hay que apoyarle, le mando \u00e1nimos. He hablado con \u00e9l. Me mostr\u00f3 agradecimiento y me traslad\u00f3 que estaba motivado, se puede motivar de nuevo. Pero son temas delicados y hay que dejar actuar a los profesionales. Es un hombre muy sensible y emocional. Su \u00faltimo mensaje fue cari\u00f1oso y vio que el club le acompa\u00f1a. Le necesitamos. Est\u00e1 afectado por la expulsi\u00f3n de Londres. Deco est\u00e1 trabajando y atento al mercado. Puede haber oportunidades, pero Flick est\u00e1 reconvirtiendo a jugadores: Gerard Mart\u00edn, Eric Garc\u00eda&#8230;Si hay que reforzarse, se har\u00e1. El Bar\u00e7a tiene cr\u00e9dito. Pero nuestra fuerza es el equipo y no un jugador, y muchos gallos en un corral no funcionan, y\u00a0 hay ejemplos&#8230; todos hemos pensado en los mismos. Pero el Bar\u00e7a podr\u00eda hacer cualquier operaci\u00f3n si lo quisiera. Pero no hace falta tirar la casa por la ventana. Y Deco est\u00e1 trabajando m\u00e1s en junio que para enero \u00ab.\u00a0<\/p>\n<blockquote class=\"ue-c-article__blockquote\">\n<p>El Bar\u00e7a podr\u00eda fichar al jugador que quisiera, tenemos cr\u00e9dito<\/p>\n<p>Joan Laporta<\/p><\/blockquote>\n<p data-mrf-recirculation=\"Links P\u00e1rrafos\" class=\"ue-c-article__paragraph paragraph\"><strong>Eric Garc\u00eda<\/strong><\/p>\n<p data-mrf-recirculation=\"Links P\u00e1rrafos\" class=\"ue-c-article__paragraph paragraph\">\u00abEl jueves d\u00eda 11 ser\u00e1 presentada la renovaci\u00f3n\u00bb.<\/p>\n<blockquote class=\"ue-c-article__blockquote\">\n<p>La renovaci\u00f3n de Eric Garc\u00eda se representar\u00e1 el jueves d\u00eda 11<\/p>\n<p>Joan Laporta<\/p><\/blockquote>\n<p data-mrf-recirculation=\"Links P\u00e1rrafos\" class=\"ue-c-article__paragraph paragraph\"><strong>Partido del Real Madrid<\/strong><\/p>\n<p data-mrf-recirculation=\"Links P\u00e1rrafos\" class=\"ue-c-article__paragraph paragraph\">\u00abFalleci\u00f3 mi suegro ayer y casi no lo vi\u00bb.<\/p>\n<p data-mrf-recirculation=\"Links P\u00e1rrafos\" class=\"ue-c-article__paragraph paragraph\"><strong>Mbbap\u00e9\u00a0<\/strong><\/p>\n<p data-mrf-recirculation=\"Links P\u00e1rrafos\" class=\"ue-c-article__paragraph paragraph\">\u00abEs un grand\u00edsimo jugador, pero me gustan Lamine, Cubars\u00ed, Balde, Bernal, Casad\u00f3, Joan Garc\u00eda, Pedri&#8230; y esta combinaci\u00f3n de casa con Raphinha, Ferran, Lewandowski&#8230; me gustan los m\u00edos. Los otros puedo reconocer que son buenos, pero no tengo especial deleite\u00bb.<\/p>\n<blockquote class=\"ue-c-article__blockquote\">\n<p>Podemos estar tranquilos con Flick, est\u00e1 bien en el club y en Barcelona<\/p>\n<p>Joan Laporta<\/p><\/blockquote>\n<p data-mrf-recirculation=\"Links P\u00e1rrafos\" class=\"ue-c-article__paragraph paragraph\"><strong>Flick<\/strong><\/p>\n<p data-mrf-recirculation=\"Links P\u00e1rrafos\" class=\"ue-c-article__paragraph paragraph\">\u00abPodemos estar tranquilos, est\u00e1 bien en el club y en Barcelona. Disfruta. Se siente acompa\u00f1ado. Es exigente, con \u00e9l mismo tambi\u00e9n y con su trabajo y los que le rodean y la plantilla. Pero no se instala en la queja ni busca excusa, busca soluciones. Y eso le hace estar en estados de tensi\u00f3n a veces. Es germ\u00e1nico pero con sensibilidad. Estoy muy satisfecho de tenerlo, no hay sufrir. Lo captaron el d\u00eda del Alav\u00e9s, porque hab\u00edan expulsado al Dela y al Marcus. Estaba tocado y Raphinha ejerci\u00f3 de capit\u00e1n. Luego bajamos al vestuario y celebramos el 126 aniversario. Hoy le he visto y est\u00e1 motivado. Vamos l\u00edderes. Desayun\u00e9 tras el con el Alav\u00e9s, y estaba animado\u00bb.<\/p>\n<blockquote class=\"ue-c-article__blockquote\">\n<p>Se nos conden\u00f3 en el caso Negreira antes de juzgarnos<\/p>\n<p>Joan Laporta<\/p><\/blockquote>\n<p data-mrf-recirculation=\"Links P\u00e1rrafos\" class=\"ue-c-article__paragraph paragraph\"><strong>Asamblea del Real Madrid- Negreira<\/strong><\/p>\n<p data-mrf-recirculation=\"Links P\u00e1rrafos\" class=\"ue-c-article__paragraph paragraph\">\u00abLa historia durar\u00e1 hasta que los jueces digan basta. Estamos en un proceso judicial. Aportamos datos. Todo est\u00e1 quedando claro, el Bar\u00e7a no compr\u00f3 \u00e1rbitros. Se nos conden\u00f3 antes de juzgarnos, estoy seguro que nos absolver\u00e1n. Pero hay actores que quieren que esto est\u00e9 vivo, porque se estira el tema para seguir con la historia de que los \u00e1rbitros nos favorecen. Durante 72 a\u00f1os, todos los presidentes del CTA han sido exjugadores, expresidentes&#8230; del Real Madrid. Estoy totalmente tranquilo. El Real Madrid deber\u00eda hac\u00e9rselo mirar con Real Madrid TV&#8230; eso que hacen es querer influir con los \u00e1rbitros, ya lo dijo Tebas. Lo hacen con una violencia fuera de juego. No pedir\u00e9 perd\u00f3n, fue asesoramiento arbitral. Lo que hay es una campa\u00f1a en contra para desprestigiar al mejor Bar\u00e7a de la historia. Doy explicaciones\u00bb.<\/p>\n<blockquote class=\"ue-c-article__blockquote\">\n<p>El Real Madrid, al ver el resurgimiento del Bar\u00e7a, ha entrado en estado de p\u00e1nico<\/p>\n<p>Joan\u00a0 Laporta<\/p><\/blockquote>\n<p data-mrf-recirculation=\"Links P\u00e1rrafos\" class=\"ue-c-article__paragraph paragraph\"><strong>Florentino<\/strong><\/p>\n<p data-mrf-recirculation=\"Links P\u00e1rrafos\" class=\"ue-c-article__paragraph paragraph\">\u00abNosotros ya lo hablamos en la Superliga, y vimos que la v\u00eda era volver a la UEFA. Creo que el Real Madrid, al ver el resurgimiento del Bar\u00e7a, ha entrado en estado de p\u00e1nico. Si vuelve a hacer lo de mi primera etapa&#8230; han querido ensombrecernos. Pero en el fondo saben que aquello fue una maravilla\u00bb.<\/p>\n<p data-mrf-recirculation=\"Links P\u00e1rrafos\" class=\"ue-c-article__paragraph paragraph\"><strong>Tebas<\/strong><\/p>\n<p data-mrf-recirculation=\"Links P\u00e1rrafos\" class=\"ue-c-article__paragraph paragraph\">\u00abHe tenido discrepancias, pero las relaciones generales son buenas. Es inteligente. No me f\u00edo de las estrategias que quieren echarlo. No ser\u00eda una buena noticia para nosotros. El Real Madrid lo quiere fuera, hay un enfrentamiento feroz Tebas &#8211; Florentino. No me preocupa. Los dos son del Real Madrid. Si dijera que no es del Real Madrid no me lo creer\u00eda. Florentino tiene criterio. Es centrado, hace reflexiones. Tiene obsesiones, est\u00e1 obsesionado con la Superliga, Tebas&#8230; pero \u00e9l da su opini\u00f3n\u00bb.<\/p>\n<blockquote class=\"ue-c-article__blockquote\">\n<p>El Real Madrid quiere a Tebas fuera<\/p>\n<p>Joan Laporta<\/p><\/blockquote>\n<p data-mrf-recirculation=\"Links P\u00e1rrafos\" class=\"ue-c-article__paragraph paragraph\"><strong>Presidente del Bar\u00e7a a sueldo<\/strong><\/p>\n<p data-mrf-recirculation=\"Links P\u00e1rrafos\" class=\"ue-c-article__paragraph paragraph\">\u00abMe lo plante\u00e9 en mi anterior etapa: hacer un cambio estatutario, para el siguiente presidente. No lo hice y no lo tengo previsto. Hemos avalado con 125 millones de euros, era poner todo tu patrimonio, y tambi\u00e9n lo hizo una persona externa a la Junta. Es un gran coste. Los miembros de la Junta avalamos los salarios de las secciones profesionales\u00bb.<\/p>\n<p data-mrf-recirculation=\"Links P\u00e1rrafos\" class=\"ue-c-article__paragraph paragraph\"><strong>Baja de Aitana<\/strong><\/p>\n<p data-mrf-recirculation=\"Links P\u00e1rrafos\" class=\"ue-c-article__paragraph paragraph\">\u00abEstamos trabajando en ello. Marc Vives est\u00e1 en ello. Es la mejor jugadora, tiene un rol superlativo. Pero tambi\u00e9n hay muchas futbolistas que piden paso\u00bb.<\/p>\n<p data-mrf-recirculation=\"Links P\u00e1rrafos\" class=\"ue-c-article__paragraph paragraph\"><strong>Baloncesto<\/strong><\/p>\n<p data-mrf-recirculation=\"Links P\u00e1rrafos\" class=\"ue-c-article__paragraph paragraph\">\u00abNo est\u00e1 previsto hacer incorporaciones\u00bb.<\/p>\n<p data-mrf-recirculation=\"Links P\u00e1rrafos\" class=\"ue-c-article__paragraph paragraph\"><strong>Sandro Rosell<\/strong><\/p>\n<p data-mrf-recirculation=\"Links P\u00e1rrafos\" class=\"ue-c-article__paragraph paragraph\">\u00abLa relaci\u00f3n es correcta\u00bb.<\/p>\n<p data-mrf-recirculation=\"Links P\u00e1rrafos\" class=\"ue-c-article__paragraph paragraph\"><strong>Johan Cruyff<\/strong><\/p>\n<p data-mrf-recirculation=\"Links P\u00e1rrafos\" class=\"ue-c-article__paragraph paragraph\">\u00abEs el m\u00e1s importante de la historia del Bar\u00e7a despu\u00e9s de Gamper. Cambi\u00f3 el f\u00fatbol. Acabamos siendo amigos, era un hombre vital, genial&#8230; era una persona extraordinaria. Intento ver a su mujer, que viene a casi todos los partidos, almuerzo con su yerno&#8230;\u00bb.<\/p>\n","protected":false},"excerpt":{"rendered":"Joan Laporta valor\u00f3 este jueves la trayectoria del Barcelona y se refiri\u00f3 tambi\u00e9n a la salud del club&hellip;\n","protected":false},"author":2,"featured_media":271378,"comment_status":"","ping_status":"","sticky":false,"template":"","format":"standard","meta":{"footnotes":""},"categories":[268],"tags":[168,25,24,280,282,281,23,167],"class_list":{"0":"post-271377","1":"post","2":"type-post","3":"status-publish","4":"format-standard","5":"has-post-thumbnail","7":"category-futbol","8":"tag-deportes","9":"tag-es","10":"tag-espana","11":"tag-football","12":"tag-futbol","13":"tag-soccer","14":"tag-spain","15":"tag-sports"},"share_on_mastodon":{"url":"https:\/\/pubeurope.com\/@es\/115663228498910613","error":""},"_links":{"self":[{"href":"https:\/\/www.europesays.com\/es\/wp-json\/wp\/v2\/posts\/271377","targetHints":{"allow":["GET"]}}],"collection":[{"href":"https:\/\/www.europesays.com\/es\/wp-json\/wp\/v2\/posts"}],"about":[{"href":"https:\/\/www.europesays.com\/es\/wp-json\/wp\/v2\/types\/post"}],"author":[{"embeddable":true,"href":"https:\/\/www.europesays.com\/es\/wp-json\/wp\/v2\/users\/2"}],"replies":[{"embeddable":true,"href":"https:\/\/www.europesays.com\/es\/wp-json\/wp\/v2\/comments?post=271377"}],"version-history":[{"count":0,"href":"https:\/\/www.europesays.com\/es\/wp-json\/wp\/v2\/posts\/271377\/revisions"}],"wp:featuredmedia":[{"embeddable":true,"href":"https:\/\/www.europesays.com\/es\/wp-json\/wp\/v2\/media\/271378"}],"wp:attachment":[{"href":"https:\/\/www.europesays.com\/es\/wp-json\/wp\/v2\/media?parent=271377"}],"wp:term":[{"taxonomy":"category","embeddable":true,"href":"https:\/\/www.europesays.com\/es\/wp-json\/wp\/v2\/categories?post=271377"},{"taxonomy":"post_tag","embeddable":true,"href":"https:\/\/www.europesays.com\/es\/wp-json\/wp\/v2\/tags?post=271377"}],"curies":[{"name":"wp","href":"https:\/\/api.w.org\/{rel}","templated":true}]}}