{"id":271388,"date":"2025-12-04T20:45:09","date_gmt":"2025-12-04T20:45:09","guid":{"rendered":"https:\/\/www.europesays.com\/es\/271388\/"},"modified":"2025-12-04T20:45:09","modified_gmt":"2025-12-04T20:45:09","slug":"el-atletico-baleares-elimina-al-espanyol-en-copa-del-rey","status":"publish","type":"post","link":"https:\/\/www.europesays.com\/es\/271388\/","title":{"rendered":"El Atl\u00e9tico Baleares elimina al Espanyol en Copa del Rey"},"content":{"rendered":"<p>El Espanyol ha ca\u00eddo elimindo en Copa del Rey ante el Atl\u00e9tico Baleares, equipo de Segunda Federaci\u00f3n. <strong>La haza\u00f1a del equipo local se hizo realidad gracias a un solitario gol de Jaume Tovar<\/strong>, que ha acabado con el equipo perico fuera del torneo del K.O.<\/p>\n<p>El Espanyol, que aline\u00f3 a varios habituales como Riedel, Edu Exp\u00f3sito o Kike Garc\u00eda, no fue capaz de desarmar la telara\u00f1a defensiva del Atl\u00e9tico Baleares, lo que le cost\u00f3 caro ante un equipo que poco a poco fue creciendo en ataque, hasta que consigui\u00f3 ponerse por delante al comienzo de la segunda parte.<\/p>\n<p>En una acci\u00f3n m\u00e1s propia de otro f\u00fatbol, Bejarano puso un centro al coraz\u00f3n del \u00e1rea donde Riedel no acert\u00f3 a despejar, y <strong>el bal\u00f3n muerto en el \u00e1rea peque\u00f1a lo remat\u00f3 Tovar, que desat\u00f3 la euforia del Estadi Balear<\/strong> ante un Fortu\u00f1o vendido por el error de su compa\u00f1ero.<\/p>\n<p>Manolo Gonz\u00e1lez puso toda la carne en el asador con la entrada de Roberto Fern\u00e1ndez, Dolan o Urko Gonz\u00e1lez, pero el equipo no respond\u00eda y siempre se quedaba a un paso de poder probar a Juli\u00e1n Rivas, muy c\u00f3modo durante gran parte de la tarde por las <strong>pocas oportunidades que tuvo de probarle el Espanyol. <\/strong>Los pupilos de Luis Blanco supieron gestionar a la perfecci\u00f3n los minutos finales, quiz\u00e1s los de mayores nervios por el miedo a perder una ventaja muy valiosa, y <strong>certificaron un \u00e9xito que evidencia su idilio con la Copa del Rey<\/strong>, donde en 2021 ya eliminaron a dos equipos de LaLiga EA Sports.<\/p>\n<p>Por su parte,<strong> el Espanyol ve truncada su buena din\u00e1mica con una eliminaci\u00f3n inesperada<\/strong> que le deja sin opciones de so\u00f1ar en grande en una temporada donde tiene encarrilada la permanencia en Liga, pero se queda sin el aliciente copero.<\/p>\n","protected":false},"excerpt":{"rendered":"El Espanyol ha ca\u00eddo elimindo en Copa del Rey ante el Atl\u00e9tico Baleares, equipo de Segunda Federaci\u00f3n. La&hellip;\n","protected":false},"author":2,"featured_media":271389,"comment_status":"","ping_status":"","sticky":false,"template":"","format":"standard","meta":{"footnotes":""},"categories":[93],"tags":[168,25,24,23,167],"class_list":{"0":"post-271388","1":"post","2":"type-post","3":"status-publish","4":"format-standard","5":"has-post-thumbnail","7":"category-deportes","8":"tag-deportes","9":"tag-es","10":"tag-espana","11":"tag-spain","12":"tag-sports"},"share_on_mastodon":{"url":"https:\/\/pubeurope.com\/@es\/115663255869996895","error":""},"_links":{"self":[{"href":"https:\/\/www.europesays.com\/es\/wp-json\/wp\/v2\/posts\/271388","targetHints":{"allow":["GET"]}}],"collection":[{"href":"https:\/\/www.europesays.com\/es\/wp-json\/wp\/v2\/posts"}],"about":[{"href":"https:\/\/www.europesays.com\/es\/wp-json\/wp\/v2\/types\/post"}],"author":[{"embeddable":true,"href":"https:\/\/www.europesays.com\/es\/wp-json\/wp\/v2\/users\/2"}],"replies":[{"embeddable":true,"href":"https:\/\/www.europesays.com\/es\/wp-json\/wp\/v2\/comments?post=271388"}],"version-history":[{"count":0,"href":"https:\/\/www.europesays.com\/es\/wp-json\/wp\/v2\/posts\/271388\/revisions"}],"wp:featuredmedia":[{"embeddable":true,"href":"https:\/\/www.europesays.com\/es\/wp-json\/wp\/v2\/media\/271389"}],"wp:attachment":[{"href":"https:\/\/www.europesays.com\/es\/wp-json\/wp\/v2\/media?parent=271388"}],"wp:term":[{"taxonomy":"category","embeddable":true,"href":"https:\/\/www.europesays.com\/es\/wp-json\/wp\/v2\/categories?post=271388"},{"taxonomy":"post_tag","embeddable":true,"href":"https:\/\/www.europesays.com\/es\/wp-json\/wp\/v2\/tags?post=271388"}],"curies":[{"name":"wp","href":"https:\/\/api.w.org\/{rel}","templated":true}]}}