{"id":271390,"date":"2025-12-04T20:47:09","date_gmt":"2025-12-04T20:47:09","guid":{"rendered":"https:\/\/www.europesays.com\/es\/271390\/"},"modified":"2025-12-04T20:47:09","modified_gmt":"2025-12-04T20:47:09","slug":"yo-no-se-si-esto-es-legal-el-monitor-tenia-21-y-yo-16","status":"publish","type":"post","link":"https:\/\/www.europesays.com\/es\/271390\/","title":{"rendered":"\u201cYo no s\u00e9 si esto es legal. El monitor ten\u00eda 21 y yo 16\u201d"},"content":{"rendered":"\n<p>  04\/12\/2025 &#8211; 13:24  Actualizado: 04\/12\/2025 &#8211; 13:24   <\/p>\n<p> <strong>Aitana sigue con su promoci\u00f3n m\u00e1s all\u00e1 de nuestras fronteras <\/strong><a href=\"https:\/\/www.vanitatis.elconfidencial.com\/famosos\/2025-11-14\/magica-noche-aitana-latin-grammy-discurso-plex_4247285\/\" target=\"_self\" rel=\"nofollow noopener\"><strong>para convertirse en una artista mundial<\/strong><\/a>. El pr\u00f3ximo mes de marzo de 2026 arranca<a href=\"https:\/\/www.vanitatis.elconfidencial.com\/famosos\/2025-08-01\/aitana-superestrella-metropolitano-gira-mundial-amaral-plex_4183532\/\" target=\"_self\" rel=\"nofollow noopener\"> su primera gira mundial<\/a> en Buenos Aires y visitar\u00e1 otros pa\u00edses como Paraguay, Colombia o <strong>M\u00e9xico<\/strong>, <strong>pa\u00eds en el que actuar\u00e1 en hasta cinco ciudades diferentes<\/strong>. Y ha sido precisamente en el pa\u00eds del tequila y el mezcal donde concedi\u00f3 una de sus \u00faltimas entrevistas. <\/p>\n<p> Fue en el medi\u00e1tico podcast \u2018Envinadas\u2019 y all\u00ed la artista catalana ha hecho una inesperada y hasta ahora in\u00e9dita confesi\u00f3n sobre su pasado, su vida antes de ser famosa, que por supuesto ha empezado a ocupar titulares a ambos lados del oc\u00e9ano. <strong>\u00bfC\u00f3mo fue el primer beso de Aitana? \u201cUff, esto es una historia\u201d<\/strong>, reconoc\u00eda antes de confesar que su primer beso se lo hab\u00eda dado a un monitor de un instituto <strong>durante una excursi\u00f3n, siendo ella menos de edad y \u00e9l ya un hombre adulto<\/strong>. <\/p>\n<blockquote class=\"twitter-tweet\" data-media-max-width=\"560\">\n<p lang=\"es\" dir=\"ltr\">Monitor &#8211; Caba\u00f1a<\/p>\n<p>AITANA EN ENVINADAS <a href=\"https:\/\/twitter.com\/AitanaGlobal?ref_src=twsrc%5Etfw\" rel=\"nofollow noopener\" target=\"_blank\">@AitanaGlobal<\/a> <a href=\"https:\/\/twitter.com\/infoaitanabr?ref_src=twsrc%5Etfw\" rel=\"nofollow noopener\" target=\"_blank\">@infoaitanabr<\/a> <a href=\"https:\/\/twitter.com\/aitanaomexico?ref_src=twsrc%5Etfw\" rel=\"nofollow noopener\" target=\"_blank\">@aitanaomexico<\/a> <a href=\"https:\/\/t.co\/NqDOuPYups\" rel=\"nofollow\">pic.twitter.com\/NqDOuPYups<\/a><\/p>\n<p>\u2014 @FamiliaLujanRicca (@F4m_Lujan_Ricca) <a href=\"https:\/\/twitter.com\/F4m_Lujan_Ricca\/status\/1996431814911807542?ref_src=twsrc%5Etfw\" rel=\"nofollow noopener\" target=\"_blank\">December 4, 2025<\/a><\/p><\/blockquote>\n<p> La que fuera finalista de \u2018OT 2017\u2019 siempre hab\u00eda tenido claro que su primer beso ten\u00eda que ser con alguien no muy cercano a ella: \u201c<strong>Yo no quer\u00eda besarme con alguien que volviera a ver<\/strong>\u201d. Aitana reconoce que <a href=\"https:\/\/www.vanitatis.elconfidencial.com\/famosos\/2025-10-22\/aitana-entradas-gira-casa-dehesa-de-la-villa_4232018\/\" target=\"_self\" rel=\"nofollow noopener\">no quer\u00eda que aquello saliera mal<\/a> y que esa persona pudiera ir luego por ah\u00ed cont\u00e1ndoselo a sus amigos: \u201cYo me quer\u00eda besar con alguien y que se quedase ah\u00ed\u201d. Y as\u00ed fue. <\/p>\n<p> Todo ocurri\u00f3 durante una excursi\u00f3n del instituto a los Pirineos donde coincidieron con chicos y chicas de su edad de un instituto de Madrid. Pero Aitana no le hab\u00eda echado el ojo a ninguno de sus coet\u00e1neos, sino al monitor que los acompa\u00f1aba. <strong>\u201cYo no s\u00e9 si esto es legal, pero a m\u00ed me gustaba el monitor que ten\u00eda 21 a\u00f1os<\/strong>. Yo ten\u00eda 16\u201d. <\/p>\n<p>                Aitana y Plex durante uno de sus \u00faltimos viajes. (Instagram @aitanax)            <\/p>\n<p> Como adolescentes en plena edad del pavo, una de las noches \u201cque nos fuimos a ver las estrellas\u201d <strong>decidieron jugar a \u2018prueba o beso\u2019<\/strong>, un juego de adolescentes para simplemente dejar que sus hormonas revolucionadas hagan de las suyas. \u201cA m\u00ed toc\u00f3 darme un beso, pero yo quise y <strong>\u00e9l sali\u00f3 en mi defensa<\/strong>\u201d. <\/p>\n<p> Por supuesto, este \u00edntimo momento entre ella y el monitor no ocurri\u00f3 a ojos de todo el mundo. \u201cLuego, cuando nos est\u00e1bamos yendo, m<strong>e pregunt\u00f3 si quer\u00eda que me acompa\u00f1ara a mi caba\u00f1a. Y en la puerta de mi caba\u00f1a me bes\u00f3<\/strong>\u201d, recuerda la artista sobre el que ser\u00eda para siempre el primer beso de su vida. <\/p>\n<p> <strong>Aitana sigue con su promoci\u00f3n m\u00e1s all\u00e1 de nuestras fronteras <\/strong><a href=\"https:\/\/www.vanitatis.elconfidencial.com\/famosos\/2025-11-14\/magica-noche-aitana-latin-grammy-discurso-plex_4247285\/\" target=\"_self\" rel=\"nofollow noopener\"><strong>para convertirse en una artista mundial<\/strong><\/a>. El pr\u00f3ximo mes de marzo de 2026 arranca<a href=\"https:\/\/www.vanitatis.elconfidencial.com\/famosos\/2025-08-01\/aitana-superestrella-metropolitano-gira-mundial-amaral-plex_4183532\/\" target=\"_self\" rel=\"nofollow noopener\"> su primera gira mundial<\/a> en Buenos Aires y visitar\u00e1 otros pa\u00edses como Paraguay, Colombia o <strong>M\u00e9xico<\/strong>, <strong>pa\u00eds en el que actuar\u00e1 en hasta cinco ciudades diferentes<\/strong>. Y ha sido precisamente en el pa\u00eds del tequila y el mezcal donde concedi\u00f3 una de sus \u00faltimas entrevistas. <\/p>\n<p>              <script async src=\"https:\/\/platform.twitter.com\/widgets.js\" charset=\"utf-8\"><\/script><\/p>\n","protected":false},"excerpt":{"rendered":"04\/12\/2025 &#8211; 13:24 Actualizado: 04\/12\/2025 &#8211; 13:24 Aitana sigue con su promoci\u00f3n m\u00e1s all\u00e1 de nuestras fronteras para&hellip;\n","protected":false},"author":2,"featured_media":271391,"comment_status":"","ping_status":"","sticky":false,"template":"","format":"standard","meta":{"footnotes":""},"categories":[91],"tags":[146,147,25,24,23],"class_list":{"0":"post-271390","1":"post","2":"type-post","3":"status-publish","4":"format-standard","5":"has-post-thumbnail","7":"category-entretenimiento","8":"tag-entertainment","9":"tag-entretenimiento","10":"tag-es","11":"tag-espana","12":"tag-spain"},"share_on_mastodon":{"url":"https:\/\/pubeurope.com\/@es\/115663263724427930","error":""},"_links":{"self":[{"href":"https:\/\/www.europesays.com\/es\/wp-json\/wp\/v2\/posts\/271390","targetHints":{"allow":["GET"]}}],"collection":[{"href":"https:\/\/www.europesays.com\/es\/wp-json\/wp\/v2\/posts"}],"about":[{"href":"https:\/\/www.europesays.com\/es\/wp-json\/wp\/v2\/types\/post"}],"author":[{"embeddable":true,"href":"https:\/\/www.europesays.com\/es\/wp-json\/wp\/v2\/users\/2"}],"replies":[{"embeddable":true,"href":"https:\/\/www.europesays.com\/es\/wp-json\/wp\/v2\/comments?post=271390"}],"version-history":[{"count":0,"href":"https:\/\/www.europesays.com\/es\/wp-json\/wp\/v2\/posts\/271390\/revisions"}],"wp:featuredmedia":[{"embeddable":true,"href":"https:\/\/www.europesays.com\/es\/wp-json\/wp\/v2\/media\/271391"}],"wp:attachment":[{"href":"https:\/\/www.europesays.com\/es\/wp-json\/wp\/v2\/media?parent=271390"}],"wp:term":[{"taxonomy":"category","embeddable":true,"href":"https:\/\/www.europesays.com\/es\/wp-json\/wp\/v2\/categories?post=271390"},{"taxonomy":"post_tag","embeddable":true,"href":"https:\/\/www.europesays.com\/es\/wp-json\/wp\/v2\/tags?post=271390"}],"curies":[{"name":"wp","href":"https:\/\/api.w.org\/{rel}","templated":true}]}}