{"id":271396,"date":"2025-12-04T20:51:09","date_gmt":"2025-12-04T20:51:09","guid":{"rendered":"https:\/\/www.europesays.com\/es\/271396\/"},"modified":"2025-12-04T20:51:09","modified_gmt":"2025-12-04T20:51:09","slug":"varios-paises-se-retiran-de-eurovision-2026-por-israel-dw-04-12-2025","status":"publish","type":"post","link":"https:\/\/www.europesays.com\/es\/271396\/","title":{"rendered":"Varios pa\u00edses se retiran de Eurovisi\u00f3n 2026 por Israel \u2013 DW \u2013 04\/12\/2025"},"content":{"rendered":"<p>Al menos cuatro pa\u00edses de Europa anunciaron este jueves (04.12.2025) su decisi\u00f3n de no participar en la edici\u00f3n del a\u00f1o 2026 del popular <a class=\"internal-link\" href=\"https:\/\/www.dw.com\/es\/eurovisi\u00f3n-festival-de-la-canci\u00f3n\/t-37711641\" rel=\"nofollow noopener\" target=\"_blank\">concurso de canciones Eurovisi\u00f3n<\/a>, luego de que la Uni\u00f3n Europea de Radiodifusi\u00f3n (UER) aceptara durante su asamblea general unas reformas del festival planteadas por la organizaci\u00f3n de la competencia y no realizara una votaci\u00f3n para apartar a <a class=\"internal-link\" href=\"https:\/\/www.dw.com\/es\/israel\/t-17412656\" rel=\"nofollow noopener\" target=\"_blank\">Israel<\/a> del certamen.<\/p>\n<p>Los primeros que anunciaron la decisi\u00f3n de no participar fueron las cadenas p\u00fablicas de Espa\u00f1a (RTVE), Pa\u00edses Bajos (Avrotros) e Irlanda (RT\u00c9), que hab\u00edan adelantado que dar\u00edan un paso al costado si Israel no era apartado del concurso. Espa\u00f1a argument\u00f3 su decisi\u00f3n en las violaciones de los derechos humanos de los palestinos en Gaza y el \u00abincumplimiento sistem\u00e1tico\u00bb de Israel de las normas del propio concurso.<\/p>\n<p>Avrotros, por su parte, indic\u00f3 que la continuidad de Israel en la competici\u00f3n, pese a las denuncias de injerencia pol\u00edtica en las \u00faltimas ediciones del festival, la restricci\u00f3n de la libertad de prensa y el \u00absufrimiento humanitario\u00bb en Gaza, supera \u00ablos l\u00edmites\u00bb que est\u00e1 dispuesta a aceptar como \u00abservicio p\u00fablico\u00bb. \u00abLa cultura une, pero no a cualquier precio\u00bb, se\u00f1al\u00f3 el director general de la emisora, Taco Zimmerman.<\/p>\n<p>Esto significa que ninguna de esas emisoras transmitir\u00e1 el concurso, que\u00a0\u00a0<a class=\"internal-link\" href=\"https:\/\/www.dw.com\/es\/viena-ser\u00e1-sede-de-la-versi\u00f3n-70-del-festival-de-eurovisi\u00f3n\/a-73698059\" rel=\"nofollow noopener\" target=\"_blank\">tendr\u00e1 lugar en mayo de 2026 en Viena<\/a>.<\/p>\n<p>\u00abEst\u00e1ndares europeos de paz\u00bb<\/p>\n<p>Poco despu\u00e9s, Eslovenia tambi\u00e9n anunci\u00f3 que no participar\u00e1 en el festival. Por medio de un comunicado, la radiotelevisi\u00f3n p\u00fablica eslovena RTV indic\u00f3 que varios pa\u00edses pidieron que la votaci\u00f3n sobre la participaci\u00f3n de Israel fuera secreta. Sin embargo, \u00abesta no se celebr\u00f3\u00bb. Por ello, \u00abIslandia, Irlanda, Espa\u00f1a, Pa\u00edses Bajos, B\u00e9lgica y Eslovenia no participar\u00e1n\u00bb en la pr\u00f3xima edici\u00f3n del festival. B\u00e9lgica matiz\u00f3 posteriormente que en unos d\u00edas m\u00e1s comunicar\u00e1 su decisi\u00f3n.<\/p>\n<p>La presidenta de la junta directiva de RTV, Natalija Gorscak, record\u00f3 que la UER rechaz\u00f3 la participaci\u00f3n de Rusia una semana despu\u00e9s de la agresi\u00f3n contra Ucrania, y ahora no se atreve a rechazar a Israel. \u00abPor tercer a\u00f1o consecutivo, el p\u00fablico ha exigido que digamos no a la participaci\u00f3n de cualquier pa\u00eds que ataque a otro. Debemos seguir los est\u00e1ndares europeos de paz y entendimiento\u00bb, se\u00f1al\u00f3.<\/p>\n<p>La UER puso a votaci\u00f3n de sus miembros (68 cadenas de 56 pa\u00edses, en su mayor\u00eda europeos) una moci\u00f3n sobre reformas al certamen, consistentes en reducir los votos de los espectadores (de 20 a 10), reinstaurar los jurados de expertos en semifinales e introducir mejoras t\u00e9cnicas para reforzar la seguridad frente a intentos de fraude y manipulaciones. Todo esto estuvo ligado a una pregunta sobre si se requer\u00eda un voto extra para tratar el tema de Israel.<\/p>\n<p>Los cambios fueron aprobados con 738 votos, frente a 264 votos en contra y 120 abstenciones. De esta forma, no fue necesario referirse a la cuesti\u00f3n israel\u00ed. \u00abMuchos miembros tambi\u00e9n aprovecharon la oportunidad para subrayar la importancia de proteger la independencia de los medios de servicio p\u00fablico y la libertad de prensa para informar, especialmente en zonas de conflicto como Gaza\u00bb, se\u00f1al\u00f3 UER en su comunicado.<\/p>\n<p>DZC (EFE, AFP)<\/p>\n","protected":false},"excerpt":{"rendered":"Al menos cuatro pa\u00edses de Europa anunciaron este jueves (04.12.2025) su decisi\u00f3n de no participar en la edici\u00f3n&hellip;\n","protected":false},"author":2,"featured_media":271397,"comment_status":"","ping_status":"","sticky":false,"template":"","format":"standard","meta":{"footnotes":""},"categories":[8],"tags":[17,18,25,24,13,14,11,19,20,9,10,15,16,23,12,21,22],"class_list":{"0":"post-271396","1":"post","2":"type-post","3":"status-publish","4":"format-standard","5":"has-post-thumbnail","7":"category-espana","8":"tag-breaking-news","9":"tag-breakingnews","10":"tag-es","11":"tag-espana","12":"tag-featured-news","13":"tag-featurednews","14":"tag-headlines","15":"tag-latest-news","16":"tag-latestnews","17":"tag-news","18":"tag-noticias","19":"tag-noticias-destacadas","20":"tag-noticiasdestacadas","21":"tag-spain","22":"tag-titulares","23":"tag-ultimas-noticias","24":"tag-ultimasnoticias"},"share_on_mastodon":{"url":"https:\/\/pubeurope.com\/@es\/115663279617942157","error":""},"_links":{"self":[{"href":"https:\/\/www.europesays.com\/es\/wp-json\/wp\/v2\/posts\/271396","targetHints":{"allow":["GET"]}}],"collection":[{"href":"https:\/\/www.europesays.com\/es\/wp-json\/wp\/v2\/posts"}],"about":[{"href":"https:\/\/www.europesays.com\/es\/wp-json\/wp\/v2\/types\/post"}],"author":[{"embeddable":true,"href":"https:\/\/www.europesays.com\/es\/wp-json\/wp\/v2\/users\/2"}],"replies":[{"embeddable":true,"href":"https:\/\/www.europesays.com\/es\/wp-json\/wp\/v2\/comments?post=271396"}],"version-history":[{"count":0,"href":"https:\/\/www.europesays.com\/es\/wp-json\/wp\/v2\/posts\/271396\/revisions"}],"wp:featuredmedia":[{"embeddable":true,"href":"https:\/\/www.europesays.com\/es\/wp-json\/wp\/v2\/media\/271397"}],"wp:attachment":[{"href":"https:\/\/www.europesays.com\/es\/wp-json\/wp\/v2\/media?parent=271396"}],"wp:term":[{"taxonomy":"category","embeddable":true,"href":"https:\/\/www.europesays.com\/es\/wp-json\/wp\/v2\/categories?post=271396"},{"taxonomy":"post_tag","embeddable":true,"href":"https:\/\/www.europesays.com\/es\/wp-json\/wp\/v2\/tags?post=271396"}],"curies":[{"name":"wp","href":"https:\/\/api.w.org\/{rel}","templated":true}]}}