{"id":271398,"date":"2025-12-04T20:52:11","date_gmt":"2025-12-04T20:52:11","guid":{"rendered":"https:\/\/www.europesays.com\/es\/271398\/"},"modified":"2025-12-04T20:52:11","modified_gmt":"2025-12-04T20:52:11","slug":"paises-bajos-e-irlanda-se-suman-al-boicot-de-espana-consulta-la-lista-de-paises-que-no-acudiran-a-eurovision-2026-por-la-participacion-de-israel-sociedad","status":"publish","type":"post","link":"https:\/\/www.europesays.com\/es\/271398\/","title":{"rendered":"Pa\u00edses Bajos e Irlanda se suman al boicot de Espa\u00f1a: consulta la lista de pa\u00edses que no acudir\u00e1n a Eurovisi\u00f3n 2026 por la participaci\u00f3n de Israel | Sociedad"},"content":{"rendered":"<p class=\"loc\">Madrid<\/p>\n<p>Pa\u00edses Bajos, Irlanda y Eslovenia se han sumado a Espa\u00f1a y han confirmado este jueves que <a href=\"https:\/\/cadenaser.com\/nacional\/2025\/12\/04\/israel-participara-finalmente-en-eurovision-2026-despues-de-la-votacion-en-la-uer-si-espana-cumple-su-promesa-no-participara-este-ano-cadena-ser\/\" target=\"_blank\" rel=\"nofollow noopener\" title=\"https:\/\/cadenaser.com\/nacional\/2025\/12\/04\/israel-participara-finalmente-en-eurovision-2026-despues-de-la-votacion-en-la-uer-si-espana-cumple-su-promesa-no-participara-este-ano-cadena-ser\/\">no participar\u00e1n en Eurovisi\u00f3n 2026<\/a> tras confirmarse la presencia de Israel en el certamen. La decisi\u00f3n llega despu\u00e9s de que se haya confirmado la votaci\u00f3n sobre las normas que pretenden rebajar la influencia de los gobiernos en las votaci\u00f3n del certamen.<\/p>\n<p>M\u00e1s informaci\u00f3n<\/p>\n<p>El presidente de Radio Televisi\u00f3n Espa\u00f1ola, Jos\u00e9 Pablo L\u00f3pez, <a href=\"https:\/\/cadenaser.com\/nacional\/2025\/12\/04\/el-presidente-de-rtve-celebra-la-decision-de-abandonar-eurovision-no-es-un-concurso-de-canciones-sino-un-festival-dominado-por-intereses-geopoliticos-cadena-ser\/\" target=\"_blank\" rel=\"nofollow noopener\" title=\"https:\/\/cadenaser.com\/nacional\/2025\/12\/04\/el-presidente-de-rtve-celebra-la-decision-de-abandonar-eurovision-no-es-un-concurso-de-canciones-sino-un-festival-dominado-por-intereses-geopoliticos-cadena-ser\/\">ha defendido la retirada de Espa\u00f1a<\/a> y ha criticado que \u00ablo sucedido en la Asamblea de la UER confirma que Eurovisi\u00f3n no es un concurso de canciones\u00bb, sino \u00abun festival dominado por intereses geopol\u00edticos y fracturado\u00bb. <\/p>\n<p>Por su parte, la cadena de radiotelevisi\u00f3n p\u00fablica de Irlanda, RTE, ha emitido un comunicado tras el anuncio de su retirada en el que han recordado que, al igual que otros pa\u00edses, ya hab\u00edan advertido de la forma de actuar en caso de que se confirmara la participaci\u00f3n de Israel. <\/p>\n<p>En el caso de Eslovenia, la directora de la televisi\u00f3n p\u00fablica, Ksenija Horvat, se ha mostrado cr\u00edtica con el papel de la UER y les ha acusado de no mostrar \u00abuna postura \u00e9tica y de principios en este asunto\u00bb. \u00abLlevamos m\u00e1s de un a\u00f1o advirtiendo que no podemos estar en el mismo escenario que un representante de un pa\u00eds que caus\u00f3 el genocidio de los palestinos en Gaza\u00bb, ha a\u00f1adido Horvat. <\/p>\n<p>Durante meses, varios pa\u00edses hab\u00edan amenazado a la UER con retirarse del festival debido a la participaci\u00f3n de Israel y su actuaci\u00f3n en la guerra en Gaza. En el caso de Pa\u00edses Bajos, la cadena de radiotelevisi\u00f3n hab\u00eda advertido de que la continuaci\u00f3n de Israel en el certamen superaba \u00ablos l\u00edmites\u00bb que estaban dispuestos a aceptar. <\/p>\n<p>Por su parte, la BBC brit\u00e1nica ha confirmado que \u00abapoya la decisi\u00f3n colectiva\u00bb de la UER y ha afirmado que \u00abesto se trata de reforzar las normas de la UER y de ser inclusivos\u00bb. Una respuesta similar la han tenido Finlandia y Portugal, quienes han confirmado que participar\u00e1n en el festival que se celebrar\u00e1 en Viena el pr\u00f3ximo a\u00f1o.<\/p>\n<p>Mientras tanto, Islandia, uno de los pa\u00edses que estos meses ha advertido sobre su continuidad, permanece todav\u00eda sin una decisi\u00f3n firme, que espera anunciar la pr\u00f3xima semana. <\/p>\n<p>Israel <a href=\"https:\/\/cadenaser.com\/nacional\/2025\/12\/04\/israel-agradece-la-solidaridad-de-los-que-apoyan-su-participacion-en-eurovision-2026-es-una-victoria-sobre-los-que-buscan-propagar-el-odio-cadena-ser\/\" target=\"_blank\" rel=\"nofollow noopener\" title=\"https:\/\/cadenaser.com\/nacional\/2025\/12\/04\/israel-agradece-la-solidaridad-de-los-que-apoyan-su-participacion-en-eurovision-2026-es-una-victoria-sobre-los-que-buscan-propagar-el-odio-cadena-ser\/\">ya ha reaccionado a la decisi\u00f3n de la UER<\/a> de permitir su participaci\u00f3n y ha agradecido \u00aba aquellos que han apoyado al pa\u00eds\u00bb. \u00abLa decisi\u00f3n demuestra solidaridad, compa\u00f1erismo y cooperaci\u00f3n, as\u00ed como refuerza el esp\u00edritu y afinidad entre naciones a trav\u00e9s de la cultura y la m\u00fasica\u00bb, ha dicho a trav\u00e9s de su perfil de X el presidente israel\u00ed, Israel Herzog. <\/p>\n<p>El director de la UER, Martin Green, ha reaccionado tambi\u00e9n a la participaci\u00f3n de Israel y ha asegurado que se siente \u00absatisfecho\u00bb de que los miembros otorguen \u00abuna oportunidad de debate\u00bb. Por su parte, Austria ha celebrado la votaci\u00f3n y ha dado la bienvenida a Israel al certamen. <\/p>\n<p>La participaci\u00f3n de Espa\u00f1a y Pa\u00edses Bajos en Eurovisi\u00f3n se remonta a la primera edici\u00f3n del certamen en mayo de 1956. En el caso de Irlanda, su primera participaci\u00f3n se produjo en 1965 y la de Eslovenia en 1993. <\/p>\n<p>La lista completa de pa\u00edses que no acudir\u00e1n a Eurovisi\u00f3n 2026<\/p>\n<p>Espa\u00f1a<\/p>\n<p>Pa\u00edses Bajos<\/p>\n<p>Irlanda<\/p>\n<p>Eslovenia<\/p>\n","protected":false},"excerpt":{"rendered":"Madrid Pa\u00edses Bajos, Irlanda y Eslovenia se han sumado a Espa\u00f1a y han confirmado este jueves que no&hellip;\n","protected":false},"author":2,"featured_media":127090,"comment_status":"","ping_status":"","sticky":false,"template":"","format":"standard","meta":{"footnotes":""},"categories":[5],"tags":[17,18,25,37706,41184,24,24121,13,14,11,62,19,20,9,10,15,16,41185,23,12,21,22],"class_list":{"0":"post-271398","1":"post","2":"type-post","3":"status-publish","4":"format-standard","5":"has-post-thumbnail","7":"category-titulares","8":"tag-breaking-news","9":"tag-breakingnews","10":"tag-es","11":"tag-esc","12":"tag-esc2025","13":"tag-espana","14":"tag-eurovision","15":"tag-featured-news","16":"tag-featurednews","17":"tag-headlines","18":"tag-international","19":"tag-latest-news","20":"tag-latestnews","21":"tag-news","22":"tag-noticias","23":"tag-noticias-destacadas","24":"tag-noticiasdestacadas","25":"tag-song-contest","26":"tag-spain","27":"tag-titulares","28":"tag-ultimas-noticias","29":"tag-ultimasnoticias"},"share_on_mastodon":{"url":"https:\/\/pubeurope.com\/@es\/115663283402517511","error":""},"_links":{"self":[{"href":"https:\/\/www.europesays.com\/es\/wp-json\/wp\/v2\/posts\/271398","targetHints":{"allow":["GET"]}}],"collection":[{"href":"https:\/\/www.europesays.com\/es\/wp-json\/wp\/v2\/posts"}],"about":[{"href":"https:\/\/www.europesays.com\/es\/wp-json\/wp\/v2\/types\/post"}],"author":[{"embeddable":true,"href":"https:\/\/www.europesays.com\/es\/wp-json\/wp\/v2\/users\/2"}],"replies":[{"embeddable":true,"href":"https:\/\/www.europesays.com\/es\/wp-json\/wp\/v2\/comments?post=271398"}],"version-history":[{"count":0,"href":"https:\/\/www.europesays.com\/es\/wp-json\/wp\/v2\/posts\/271398\/revisions"}],"wp:featuredmedia":[{"embeddable":true,"href":"https:\/\/www.europesays.com\/es\/wp-json\/wp\/v2\/media\/127090"}],"wp:attachment":[{"href":"https:\/\/www.europesays.com\/es\/wp-json\/wp\/v2\/media?parent=271398"}],"wp:term":[{"taxonomy":"category","embeddable":true,"href":"https:\/\/www.europesays.com\/es\/wp-json\/wp\/v2\/categories?post=271398"},{"taxonomy":"post_tag","embeddable":true,"href":"https:\/\/www.europesays.com\/es\/wp-json\/wp\/v2\/tags?post=271398"}],"curies":[{"name":"wp","href":"https:\/\/api.w.org\/{rel}","templated":true}]}}