{"id":271405,"date":"2025-12-04T21:02:11","date_gmt":"2025-12-04T21:02:11","guid":{"rendered":"https:\/\/www.europesays.com\/es\/271405\/"},"modified":"2025-12-04T21:02:11","modified_gmt":"2025-12-04T21:02:11","slug":"de-gloria-camila-y-rocio-flores-a-colate-y-ana-maria-aldon-aluvion-de-rostros-famosos-en-la-fiesta-de-navidad-la-razon","status":"publish","type":"post","link":"https:\/\/www.europesays.com\/es\/271405\/","title":{"rendered":"De Gloria Camila y Roc\u00edo Flores a Colate y Ana Mar\u00eda Ald\u00f3n: aluvi\u00f3n de rostros famosos en la fiesta de Navidad &#8211; La Raz\u00f3n"},"content":{"rendered":"<ol>\n<li><a href=\"https:\/\/news.google.com\/rss\/articles\/CBMi_gFBVV95cUxOamdTTFVkNFBPLWFwUUhYQzRFLVZPbkI4VkVwb0lfTXh3cENBcmR1ZmpfRmhjbGw2djZsRlNEdGxMdXc0S2syalV2YXVxbDk3RUhucDhSNDBRSnJPUnRHeHZyTFNodDg3M2ZnTzZEM2I4Z3Raa1gyZk02Yi1QVENpWUo0cGFDWE1ob3FFVWI1QkJXWFhscXhwWWN1R3FjTk13dDZ3Y2lfTlp2RS1wbzhIYWRMZlFCN3FWNVNTUFRaVGc3VHpzYmNsdHk2NmxGcXZzcXRFaHh1XzFQdnFubnRSTjFvTHNqOHB6dGJETmlEZmxyUmdCNkcyT0V0Z0RYZ9IBkgJBVV95cUxNMEFNRGllQk1NRndwT3FTT0JIM3pqTDNBZF9Qc3VBRGZOZlRkODM4WDFoTVBsQVB6VGIxSXZSRHZiQkRXS1gwYXNhSzhxMF84MXRpRVFjTEtVS0ROSll6dXc4OW9laHJCb1ZCTEJJTzlVeTFIUjVfVEN4NXItbHg1QnJSeWJONFZiTVZtYU9lcmJIVVYzYmE2d0YwV1V6X01RYkMzNnV2YzhlNG9kaTBQdXZkR29xdmRsVjVDOUd2c1FfUGpzOXdpSGpKV2w2QUwzQXY1aWxSU1JONkpHLVhxbEROb25ZRGF3a3VraTRncTFvRWExUUt6aS1GOWRpUXNTbXhON18zejR0dkUxMFQtMTNR?oc=5\" target=\"_blank\" rel=\"nofollow noopener\">De Gloria Camila y Roc\u00edo Flores a Colate y Ana Mar\u00eda Ald\u00f3n: aluvi\u00f3n de rostros famosos en la fiesta de Navidad<\/a>&nbsp;&nbsp;La Raz\u00f3n<\/li>\n<li><a href=\"https:\/\/news.google.com\/rss\/articles\/CBMipgFBVV95cUxPbDdVcmJqMFRKajZTZVE0NW5iWEtBaE5QVGU3R0xGTHV6ZjlUMVh2T2JReXF4eTJ4YnpWbGVpMVRxNHduOXdtT2FuWC1TUkdNQU1sY3NDYVo5ajVBU1RjUU94QWJTbmZyOGRQdWFlM0lubzYwTzZ6blg3NVdoUjkwUDdCbUJLNjhMakFoMWNzYTdMVG5zalJONmU5YVFueVFaeW1ST3NB0gG6AUFVX3lxTE52clVtU3NDUDR0Mlh2clVMdDYyQS1MRGVMMjM3X1lUSW5OWV8xM1NyYW50N1lxbG15blp0Wm1mejItTnUxZVJMdjJxNkJsWVB3ODJ4dWRCd0l2VlFGQmlGTEdQLXFFWGhxODhoc0MxZW9xZnJwXzk0dTNBeTdLOU9iZXM0bGtKb29kUkZWcFAzQUpMQ3A2MnBsOTFnUlp3SmJaZ3ZJNWl1RVl2bV84YWRqYkV4Nmoybklodw?oc=5\" target=\"_blank\" rel=\"nofollow noopener\">Fiesta de Navidad de LA RAZ\u00d3N: Una noche para la cultura<\/a>&nbsp;&nbsp;La Raz\u00f3n<\/li>\n<li><a href=\"https:\/\/news.google.com\/rss\/articles\/CBMigwJBVV95cUxNNFpBZk82bnVMeEJWTmticUU1MmlTdnVSbmtTcDR3bjBiaThCS0l4SVNkYlljc2NTTE91emJvRGtpRWZTaTJSWnowZGVQdHY1S29nWWRJZmRVZXJ3ZmNWZnFMd2RYQ001VjVuNzN0eWdsVXdEeVpjTDZ6N21YSlhfeHlDQ09xMEVlVGo0S3lXUXY3cXRNcFpqc2M4RThMM3o0NkkxSmRXMlozM3I5OFcwbkJBT3JDV0JpMV81ZnRFSXNMZUhOWHVOYTN4VUV0SUFyeWlydE85d0VISGtYc2R4V3FYc2RGeUZldFFEX3pSZjBNSm9wY3VJUGRrS2RKSG01NlQw0gGXAkFVX3lxTE95WkJHQUJHLURXbkZrbXJ0eGoyLUEzT1hUanN6enpTMWpyQzdibGRfVUZiWlFiNTgtQ1RZVzR6U1U4ZjhVSGNfMUFvN2J5R2k1TEFfaFdJeERla0kwbWMxQ1dxLTlETzJORm1ManBobHVUaVdobFl1cGFRQmZILUptU1FTYkZreXJqeWFicXNYTHdNQUlqUFpoVGQ4OUwtMFNLYnI3cVdVcWY3SWhTYUlMdlNUeTFPakktdldKaGhENHNaeGs5eTdDbk9la2JxLUNDcFpuckZSSUFnY0xyMzBPTUl6bTdMWDZVZjlJWHNRTENhZEJNdV9ldWxSR0FYTVB3NUY2cVIzRHlOdUxwLTl5OFIxc01rTQ?oc=5\" target=\"_blank\" rel=\"nofollow noopener\">Pol\u00e9mico encuentro: Ana Mar\u00eda Ald\u00f3n, Gloria Camila, Roc\u00edo Flores y Marta Riesco, juntas en el brindis navide\u00f1o<\/a>&nbsp;&nbsp;La Raz\u00f3n<\/li>\n<li><a href=\"https:\/\/news.google.com\/rss\/articles\/CBMivgFBVV95cUxQdjBjVW55TWNzTzlUZ1ZfWFBlRnZEOU1zV3I1WTgxeXNlczNNMU1MWmRnTVdMWFB5VEI4STBublpWNkNUUkw2aEdPTERLMldHeWlGSXVkOWJmbWwyNzR3ODA2MUpNWUFBUDFBMVp5SnJOcXRVMjNMSFZMNUtjZG9lX2lkbTJYYk1jTHJBdkVjSlNhMTFiTTFOZ2U2TFVYZmJPYWJUU2I0RkNxSTZxNWZkODhVZmVvb21GZ1JEZUJB0gHSAUFVX3lxTFBUVUcwcEpnUTFhTFFwYnVIUUkwY0dHclFVUTJuYkVDaEFYdVhCZW9uVXdnRzAxN1NXTUl2YXlsYjZaWm1IVThfNVN5aGNzWjFKM3NCdXJPUmhmMHdUMjFwcEVpQTR5UEVOWXVOTXI1WS1oWEFPYUFEb0pjVGdnUERVZ2ZEMGoxU0pQaVN6WE1sTzJ6LThMT1A2ZzlhRENfV3NFem52SkM2QWgwNVZLTGZTNk85RkxZc0g0WVRLQmpKZEtMWmhfMnBOX2h3YzBqelY4QQ?oc=5\" target=\"_blank\" rel=\"nofollow noopener\">Sigue en directo la fiesta de Navidad de LA RAZ\u00d3N: premiados e invitados<\/a>&nbsp;&nbsp;La Raz\u00f3n<\/li>\n<li><a href=\"https:\/\/news.google.com\/rss\/articles\/CBMi4gFBVV95cUxQd281WWhlQzZHTDlldXlIZjZPU1VTaHZlcmtMaFA0YTdyZVd2dHlJd0p2UEM5QkxHeU9VZzV5Q3NRNjV1dVIyU0NMdDdKSEdYY3N1R0E4VTFDZHZVTFQwR0kxeUFOeC1reGxPWXVJd09TVGZRZUxXYjU2SFhncVdsWG9fOFotY19ORWNaajNoVFBWNFNRd1lpb3hSXzE5R1VsT0lOSXpQVkNEeHpMMld3b19sWDE2d3VzX0lFdnliWWFEU3N0SUtyQ1BWYV9FeVBieWpaalFOc1VzVDl3X2JRVVFn0gH2AUFVX3lxTE1DZWh3a1pxVU1LN3hFSTM1LTR5Tm1jaGdDSkRGQlp4dFRZc25CLXh0TlpiSVhYcTdzSUZidnkyelhueHcwd3FmUERhT3RFUFJaRUJuWjFjaURkQkU3LWtiZVEwS09wNHBzekx4NVJmLTBoTFRfUGFFY2F5QzVxLXVBYlBocGNxLXo0am5KZlh3c1A3SjRjYVFwUmZHUFhjZE4xcXpDMDktQmF4dHpBdVBhZm1TczJyNXJDRkR3bV8zWDcyZG1UQlBCYjdUT25yaHhUT190djZRVG0yMWE2U0dTQ3ZqS0tKM2thYmhQYTRsWlFid1QwUQ?oc=5\" target=\"_blank\" rel=\"nofollow noopener\">De Tana Rivera a Carmen Lomana: los looks m\u00e1s navide\u00f1os de la gran fiesta cultural de La Raz\u00f3n<\/a>&nbsp;&nbsp;La Raz\u00f3n<\/li>\n<\/ol>\n","protected":false},"excerpt":{"rendered":"De Gloria Camila y Roc\u00edo Flores a Colate y Ana Mar\u00eda Ald\u00f3n: aluvi\u00f3n de rostros famosos en la&hellip;\n","protected":false},"author":2,"featured_media":248356,"comment_status":"","ping_status":"","sticky":false,"template":"","format":"standard","meta":{"footnotes":""},"categories":[174],"tags":[255,146,147,25,24,256,23],"class_list":{"0":"post-271405","1":"post","2":"type-post","3":"status-publish","4":"format-standard","5":"has-post-thumbnail","7":"category-famosos","8":"tag-celebrities","9":"tag-entertainment","10":"tag-entretenimiento","11":"tag-es","12":"tag-espana","13":"tag-famosos","14":"tag-spain"},"share_on_mastodon":{"url":"https:\/\/pubeurope.com\/@es\/115663322928942197","error":""},"_links":{"self":[{"href":"https:\/\/www.europesays.com\/es\/wp-json\/wp\/v2\/posts\/271405","targetHints":{"allow":["GET"]}}],"collection":[{"href":"https:\/\/www.europesays.com\/es\/wp-json\/wp\/v2\/posts"}],"about":[{"href":"https:\/\/www.europesays.com\/es\/wp-json\/wp\/v2\/types\/post"}],"author":[{"embeddable":true,"href":"https:\/\/www.europesays.com\/es\/wp-json\/wp\/v2\/users\/2"}],"replies":[{"embeddable":true,"href":"https:\/\/www.europesays.com\/es\/wp-json\/wp\/v2\/comments?post=271405"}],"version-history":[{"count":0,"href":"https:\/\/www.europesays.com\/es\/wp-json\/wp\/v2\/posts\/271405\/revisions"}],"wp:featuredmedia":[{"embeddable":true,"href":"https:\/\/www.europesays.com\/es\/wp-json\/wp\/v2\/media\/248356"}],"wp:attachment":[{"href":"https:\/\/www.europesays.com\/es\/wp-json\/wp\/v2\/media?parent=271405"}],"wp:term":[{"taxonomy":"category","embeddable":true,"href":"https:\/\/www.europesays.com\/es\/wp-json\/wp\/v2\/categories?post=271405"},{"taxonomy":"post_tag","embeddable":true,"href":"https:\/\/www.europesays.com\/es\/wp-json\/wp\/v2\/tags?post=271405"}],"curies":[{"name":"wp","href":"https:\/\/api.w.org\/{rel}","templated":true}]}}