{"id":271408,"date":"2025-12-04T21:05:09","date_gmt":"2025-12-04T21:05:09","guid":{"rendered":"https:\/\/www.europesays.com\/es\/271408\/"},"modified":"2025-12-04T21:05:09","modified_gmt":"2025-12-04T21:05:09","slug":"la-revuelta-con-david-broncano-en-directo-hoy-4-de-diciembre","status":"publish","type":"post","link":"https:\/\/www.europesays.com\/es\/271408\/","title":{"rendered":"La Revuelta con David Broncano, en directo hoy 4 de diciembre"},"content":{"rendered":"<p>Hay momentos que, desde el mismo momento en que se producen, dejan la certeza de que van a ser muy bien recibidos por la audiencia de La Revuelta. Fue lo que sucedi\u00f3 con la charla y <strong>actuaci\u00f3n de Zetak, el nuevo proyecto del navarro Pello Reparaz<\/strong>, despu\u00e9s de la entrevista del humorista, presentador y escritor <strong>Pedro Ruiz<\/strong>. David Broncano y La Revuelta regresan hoy jueves 4 de diciembre en directo y en abierto a partir de las <strong>21:40 en La 1 y RTVE Play<\/strong>, donde puedes disfrutar tambi\u00e9n de todas las entrevistas, secciones, actuaciones y programas completos bajo demanda.<\/p>\n<p>Zetak y el euskera triunfan en La Revuelta<\/p>\n<p>El nuevo proyecto de <strong>Pello Reparaz (Arbizu, 1990)<\/strong> est\u00e1 a punto de llenar su segundo estadio de San Mam\u00e9s con un total de <strong>casi 90.000 entradas vendidas<\/strong>. Un \u00e9xito rotundo que el artista navarro solo se explica por la <strong>defensa del euskera y de las lenguas no hegem\u00f3nicas<\/strong>. Precisamente en el D\u00eda del Euskera y de Navarra, su entrevista en La Revuelta con David Broncano gir\u00f3 en torno al idioma y a la dificultad, pero no imposibilidad, de aprenderlo. Tras prometer (y cumplir) un concierto gratuito en Madrid para todo el p\u00fablico del teatro, <strong>Zetak sorprendi\u00f3 con una actuaci\u00f3n<\/strong> cargada de <a href=\"https:\/\/www.rtve.es\/television\/20251203\/zetak-celebra-dia-euskera-revuelta-aralarko-dama-descubre-mito-vasco-cancion\/16844145.shtml\" target=\"_blank\" rel=\"nofollow noopener\">iconograf\u00eda y simbolog\u00eda de la tradici\u00f3n mitol\u00f3gica vasca con \u201cAralarko Dama\u201d<\/a> (La Dama de Aralar). <\/p>\n<p>\t\tLa Revuelta | Zetak &#8211; \u00abAralarko Dama\u00bb\t<\/p>\n<p>Pedro Ruiz: \u201cVivimos una dictadura digital\u201d<\/p>\n<p>Con m\u00e1s de <strong>50 a\u00f1os de carrera profesional, Pedro Ruiz<\/strong> dio sus primeros pasos en televisi\u00f3n en Estudio Estadio de RTVE, donde vivi\u00f3 c\u00f3mo el Franquismo instaur\u00f3 la costumbre de <a href=\"https:\/\/www.rtve.es\/television\/20251203\/revuelta-broncano-invitado-directo-programa-completo-3-diciembre\/16843281.shtml\" target=\"_blank\" rel=\"nofollow noopener\">nombrar a los \u00e1rbitros del f\u00fatbol espa\u00f1ol por sus dos apellidos<\/a> para evitar confusiones en las cr\u00edticas al colegiado \u00c1ngel Franco Mart\u00ednez. En su visita a La Revuelta, el popular humorista present\u00f3 su nuevo espect\u00e1culo, Mi vida es una an\u00e9cdota, y su nuevo libro, Paren el mundo, que me bajo, adem\u00e1s de ofrecer varias<strong> reflexiones sobre el estado actual del mundo<\/strong>. <\/p>\n<p>\t\tLa Revuelta | Pedro Ruiz: \u00abVivimos en una dictadura digital\u00bb\t<\/p>\n","protected":false},"excerpt":{"rendered":"Hay momentos que, desde el mismo momento en que se producen, dejan la certeza de que van a&hellip;\n","protected":false},"author":2,"featured_media":271409,"comment_status":"","ping_status":"","sticky":false,"template":"","format":"standard","meta":{"footnotes":""},"categories":[171],"tags":[146,147,25,24,23,214],"class_list":{"0":"post-271408","1":"post","2":"type-post","3":"status-publish","4":"format-standard","5":"has-post-thumbnail","7":"category-tv","8":"tag-entertainment","9":"tag-entretenimiento","10":"tag-es","11":"tag-espana","12":"tag-spain","13":"tag-tv"},"share_on_mastodon":{"url":"","error":""},"_links":{"self":[{"href":"https:\/\/www.europesays.com\/es\/wp-json\/wp\/v2\/posts\/271408","targetHints":{"allow":["GET"]}}],"collection":[{"href":"https:\/\/www.europesays.com\/es\/wp-json\/wp\/v2\/posts"}],"about":[{"href":"https:\/\/www.europesays.com\/es\/wp-json\/wp\/v2\/types\/post"}],"author":[{"embeddable":true,"href":"https:\/\/www.europesays.com\/es\/wp-json\/wp\/v2\/users\/2"}],"replies":[{"embeddable":true,"href":"https:\/\/www.europesays.com\/es\/wp-json\/wp\/v2\/comments?post=271408"}],"version-history":[{"count":0,"href":"https:\/\/www.europesays.com\/es\/wp-json\/wp\/v2\/posts\/271408\/revisions"}],"wp:featuredmedia":[{"embeddable":true,"href":"https:\/\/www.europesays.com\/es\/wp-json\/wp\/v2\/media\/271409"}],"wp:attachment":[{"href":"https:\/\/www.europesays.com\/es\/wp-json\/wp\/v2\/media?parent=271408"}],"wp:term":[{"taxonomy":"category","embeddable":true,"href":"https:\/\/www.europesays.com\/es\/wp-json\/wp\/v2\/categories?post=271408"},{"taxonomy":"post_tag","embeddable":true,"href":"https:\/\/www.europesays.com\/es\/wp-json\/wp\/v2\/tags?post=271408"}],"curies":[{"name":"wp","href":"https:\/\/api.w.org\/{rel}","templated":true}]}}