{"id":271417,"date":"2025-12-04T21:13:09","date_gmt":"2025-12-04T21:13:09","guid":{"rendered":"https:\/\/www.europesays.com\/es\/271417\/"},"modified":"2025-12-04T21:13:09","modified_gmt":"2025-12-04T21:13:09","slug":"el-cristianismo-en-el-libano-sin-cristianos-no-hay-convivencia-entre-comunidades-el-mundo","status":"publish","type":"post","link":"https:\/\/www.europesays.com\/es\/271417\/","title":{"rendered":"El cristianismo en el L\u00edbano: &quot;Sin cristianos no hay convivencia entre comunidades&quot; &#8211; El Mundo"},"content":{"rendered":"<ol>\n<li><a href=\"https:\/\/news.google.com\/rss\/articles\/CBMie0FVX3lxTE8ybnpfOW14cTN2LVgtR2tTeVVvZGFzekY2YVFkTFJwcDNTaDNXcll6dUJqNzNqX2NyTXVvWWRILUdSSktIdUpXaWppZzgxZlhuTEVwZUJkcFJjRHZwdlF2THFtSmRROUFTUmt4aFQ4bFItTEMwSzFjTkp6UdIBe0FVX3lxTE9BVG9KRTNTQUUyenVzSnowMHJiR1NFNXhUZWREZHpTNTVRVTB2LUpHaF9TdmFxOTlnM1BMblc3T0QzMkhxZUxsejdaYmVvTF9iTWFRQ0g3TGRPUXVzZjdmMWlacUhSaGpmUUJxZVVEdzVsd3BjWVozQlhpbw?oc=5\" target=\"_blank\" rel=\"nofollow noopener\">El cristianismo en el L\u00edbano: \u00abSin cristianos no hay convivencia entre comunidades\u00bb<\/a>&nbsp;&nbsp;El Mundo<\/li>\n<li><a href=\"https:\/\/news.google.com\/rss\/articles\/CBMiiAFBVV95cUxOMFNGb3FhTEFXVEpqMzdZbTh3RGJYTThqN0hqWFpkMTF0TXhZTll3WWVaN2VoLVhQSWhlTjNJQnVCXzc2RlprTElNeEttaVN5UzlpdVo2M2dpTUUxWjFSYUxYZm9pUWE4OHdkeGhWUVNxT1Z4RXBEQ19tb1BObWdVSGJyRmNSazM2?oc=5\" target=\"_blank\" rel=\"nofollow noopener\">Jos\u00e9 Luis Rest\u00e1n: Viaje al coraz\u00f3n de la fe<\/a>&nbsp;&nbsp;ABC<\/li>\n<li><a href=\"https:\/\/news.google.com\/rss\/articles\/CBMivAFBVV95cUxOcWpXTE0tV2piay1pSzZLM1p2OWpnUjhCdzlvTmQySTVKaW5mWVo5aTgxMGo2M09fZGNQQ3hsVWFQYnM5ZXZPVkRxWGZmRXpTdWtvNkRuemN1cE1SdTRsUm9jSUdwb242SkJQVWUtYTNkR0oyMUxJWkotbEp0T09sYmVuQjR5NHVxb01RNHc0ajRjTjUydnZybG5XTmh1My1ITG52UEpENG11M2FZTUVzRDRMejBMNURtMUY3YQ?oc=5\" target=\"_blank\" rel=\"nofollow noopener\">El \u2018hacedor de paz\u2019 Le\u00f3n XIV se despide de un L\u00edbano que teme volver a la guerra<\/a>&nbsp;&nbsp;La Vanguardia<\/li>\n<li><a href=\"https:\/\/news.google.com\/rss\/articles\/CBMi0wFBVV95cUxQOEZZcmVCc1BZNVFxNmYzVHJWNmpSSlJsVTl4UXNxVWdNWF9ZbjhIdXZ3WkFiMlplTzN0c3FwWTd6UFNBMVhsVmgyVGd2b0RKNHNtSWRhRHhNSld3TUZ5M1dvTnAwV3BpZXcxLU9RUDJsUDNfQjAzZWwxNmoycGFYcEhVM1l6bnJhQjNrYXNSNWZ1ODdlVVJET0hPblBDcVhqSi1SRFFQWlFvZUtwRTdkbWJlZlFnQkVydEQxeFJtamtpT0xSdGFOc0U4aGhSUFBoVkZz0gHTAUFVX3lxTE5vaTlSUVhqVmFSR2hGSzhwd2p5QnJ6ZzJPcGR0aENhbXA1MXhrbklBOGRIR1VZUUpGdGlyYnVYTUMxUDBWSEdJM0M5eU9OZ1M0eDRmbmJLVEI3b0tsRDdxX1p0aWVoSWtMSGJqNDJQYm1CUVNkZGRpVmNnWVlTZ2VNOGl6Z3I0dDBlcHMwQzRMUUEydnU1aXhPd2FNMXdfcHkyNUFEVEVNZE13TXhxVHhyZnViMFlqOEhpeGxLQUtnaWJHUFRHRzFnLTh6UktYNFlrdVE?oc=5\" target=\"_blank\" rel=\"nofollow noopener\">El papa comparte con las familias de las v\u00edctimas una \u00aboraci\u00f3n silenciosa\u00bb en el lugar de la explosi\u00f3n en Beirut en 2020<\/a>&nbsp;&nbsp;RTVE.es<\/li>\n<li><a href=\"https:\/\/news.google.com\/rss\/articles\/CBMirwFBVV95cUxONWdUbDB3aUZQYXNFc0JvbVRkdmxhbGpNNWNTVFlhX1VpMmZ6TGZGdjhiRDB3V2FhaWZyMTJ6bnF0Vm1KM2cyeWJBdkZYMGtBc3BUMUlmNU8zSTVfX1QxMmxEMmNqMXpPVzVULXZaWlFJa2VtSzZ4Sk9XZnZwd094TExJUER5TlRsMnJJQllRVDU3UzdDbXdibGJzZDdwN0ZYalV5dWVHYzlHeFJnTnQ0?oc=5\" target=\"_blank\" rel=\"nofollow noopener\">El papa rezar\u00e1 por las v\u00edctimas de la explosi\u00f3n de Beirut, sin justicia un lustro despu\u00e9s<\/a>&nbsp;&nbsp;elDiario.es<\/li>\n<\/ol>\n","protected":false},"excerpt":{"rendered":"El cristianismo en el L\u00edbano: \u00abSin cristianos no hay convivencia entre comunidades\u00bb&nbsp;&nbsp;El Mundo Jos\u00e9 Luis Rest\u00e1n: Viaje al&hellip;\n","protected":false},"author":2,"featured_media":271418,"comment_status":"","ping_status":"","sticky":false,"template":"","format":"standard","meta":{"footnotes":""},"categories":[42],"tags":[17,18,209,13,14,11,61,62,63,64,19,20,13831,9,10,15,16,400,12,21,22,65,66,67],"class_list":{"0":"post-271417","1":"post","2":"type-post","3":"status-publish","4":"format-standard","5":"has-post-thumbnail","7":"category-internacional","8":"tag-breaking-news","9":"tag-breakingnews","10":"tag-cultura","11":"tag-featured-news","12":"tag-featurednews","13":"tag-headlines","14":"tag-internacional","15":"tag-international","16":"tag-international-news","17":"tag-internationalnews","18":"tag-latest-news","19":"tag-latestnews","20":"tag-libano","21":"tag-news","22":"tag-noticias","23":"tag-noticias-destacadas","24":"tag-noticiasdestacadas","25":"tag-papa-leon-xiv","26":"tag-titulares","27":"tag-ultimas-noticias","28":"tag-ultimasnoticias","29":"tag-world","30":"tag-world-news","31":"tag-worldnews"},"share_on_mastodon":{"url":"https:\/\/pubeurope.com\/@es\/115663366174672094","error":""},"_links":{"self":[{"href":"https:\/\/www.europesays.com\/es\/wp-json\/wp\/v2\/posts\/271417","targetHints":{"allow":["GET"]}}],"collection":[{"href":"https:\/\/www.europesays.com\/es\/wp-json\/wp\/v2\/posts"}],"about":[{"href":"https:\/\/www.europesays.com\/es\/wp-json\/wp\/v2\/types\/post"}],"author":[{"embeddable":true,"href":"https:\/\/www.europesays.com\/es\/wp-json\/wp\/v2\/users\/2"}],"replies":[{"embeddable":true,"href":"https:\/\/www.europesays.com\/es\/wp-json\/wp\/v2\/comments?post=271417"}],"version-history":[{"count":0,"href":"https:\/\/www.europesays.com\/es\/wp-json\/wp\/v2\/posts\/271417\/revisions"}],"wp:featuredmedia":[{"embeddable":true,"href":"https:\/\/www.europesays.com\/es\/wp-json\/wp\/v2\/media\/271418"}],"wp:attachment":[{"href":"https:\/\/www.europesays.com\/es\/wp-json\/wp\/v2\/media?parent=271417"}],"wp:term":[{"taxonomy":"category","embeddable":true,"href":"https:\/\/www.europesays.com\/es\/wp-json\/wp\/v2\/categories?post=271417"},{"taxonomy":"post_tag","embeddable":true,"href":"https:\/\/www.europesays.com\/es\/wp-json\/wp\/v2\/tags?post=271417"}],"curies":[{"name":"wp","href":"https:\/\/api.w.org\/{rel}","templated":true}]}}