{"id":271419,"date":"2025-12-04T21:14:09","date_gmt":"2025-12-04T21:14:09","guid":{"rendered":"https:\/\/www.europesays.com\/es\/271419\/"},"modified":"2025-12-04T21:14:09","modified_gmt":"2025-12-04T21:14:09","slug":"detenido-el-jefe-antidroga-de-la-policia-nacional-en-valladolid-en-una-operacion-contra-el-narcotrafico-espana","status":"publish","type":"post","link":"https:\/\/www.europesays.com\/es\/271419\/","title":{"rendered":"Detenido el jefe antidroga de la Polic\u00eda Nacional en Valladolid en una operaci\u00f3n contra el narcotr\u00e1fico | Espa\u00f1a"},"content":{"rendered":"<p class=\"\">El jefe de la brigada antidroga de la Polic\u00eda Nacional de Valladolid, Luis F., ha sido detenido la ma\u00f1ana de este jueves en el marco de una operaci\u00f3n contra el narcotr\u00e1fico por quedarse supuestamente con parte de los alijos decomisados. El alto cargo policial es pareja de Marta Sanz, edil y portavoz del PP en Arroyo de la Encomienda, municipio del alfoz (periferia) de Valladolid, donde ambos resid\u00edan en una vivienda que ha sido registrada por los agentes en el operativo.<\/p>\n<p class=\"\">Fuentes cercanas al caso y al matrimonio, afirman que el detenido llevaba un alto tren de vida y miembros de la Comisar\u00eda de Valladolid afirman que no les ha resultado particularmente sorprendente que uno de sus responsables haya sido detenido en la operaci\u00f3n, coordinada por el Juzgado de Instrucci\u00f3n 3 de Valladolid y siguiendo \u00f3rdenes de las direcciones policiales de Madrid. <\/p>\n<p class=\"\">La actuaci\u00f3n se ha producido en la ma\u00f1ana de este jueves con la llegada de la Polic\u00eda Nacional a la vivienda del responsable de la brigada antidroga en la capital de Castilla y Le\u00f3n, casa que ha sido inspeccionada en busca de pruebas antes de llevarse detenido al alto cargo policial, presuntamente por quedarse con parte de los decomisos de drogas ejecutados por sus compa\u00f1eros. El dispositivo tambi\u00e9n ha entrado en la comisar\u00eda de Las Delicias, cuyas taquillas han sido inspeccionadas. Fuentes policiales especifican que el detenido tambi\u00e9n era el coordinador de seguridad dentro de la Polic\u00eda para los partidos de f\u00fatbol disputados en el estadio Jos\u00e9 Zorrilla, del Real Valladolid. <\/p>\n<p class=\"\">La Subdelegaci\u00f3n del Gobierno de Valladolid ha admitido que se ha desarrollado una operaci\u00f3n amplia contra las sustancias estupefacientes y su tr\u00e1fico en la capital castellano y leonesa, pero no han especificado qui\u00e9nes est\u00e1n implicados en un proceso policial que incluye cinco atestados.<\/p>\n<p class=\"\">Hace poco m\u00e1s de un a\u00f1o, en noviembre de 2024, la Unidad de Asuntos Internos detuvo a otro alto cargo de la Polic\u00eda Nacional tambi\u00e9n por su supuesta relaci\u00f3n con el narcotr\u00e1fico. El arrestado fue el jefe de la Unidad de Delincuencia Econ\u00f3mica y Fiscal (UDEF) de Madrid, <a href=\"https:\/\/elpais.com\/espana\/madrid\/2024-11-20\/el-policia-detenido-con-varios-millones-de-euros-en-su-casa-se-hizo-socio-de-un-confidente.html\" target=\"_self\" rel=\"nofollow noopener\" title=\"https:\/\/elpais.com\/espana\/madrid\/2024-11-20\/el-policia-detenido-con-varios-millones-de-euros-en-su-casa-se-hizo-socio-de-un-confidente.html\">\u00d3scar S. G., que se encargaba de los delitos relacionados con el blanqueo de capitales.<\/a> El responsable policial ten\u00eda guardados 19 millones de euros en bolsas de billetes de 500 y de 50, que hab\u00eda emparedado en su vivienda. <\/p>\n","protected":false},"excerpt":{"rendered":"El jefe de la brigada antidroga de la Polic\u00eda Nacional de Valladolid, Luis F., ha sido detenido la&hellip;\n","protected":false},"author":2,"featured_media":271420,"comment_status":"","ping_status":"","sticky":false,"template":"","format":"standard","meta":{"footnotes":""},"categories":[8],"tags":[17,18,3590,15705,25,24,13,14,11,19,20,17922,7337,9,10,15,16,11739,23,12,21,22,1607],"class_list":{"0":"post-271419","1":"post","2":"type-post","3":"status-publish","4":"format-standard","5":"has-post-thumbnail","7":"category-espana","8":"tag-breaking-news","9":"tag-breakingnews","10":"tag-castilla-y-leon","11":"tag-detenciones","12":"tag-es","13":"tag-espana","14":"tag-featured-news","15":"tag-featurednews","16":"tag-headlines","17":"tag-latest-news","18":"tag-latestnews","19":"tag-narcotraficantes","20":"tag-narcotrafico","21":"tag-news","22":"tag-noticias","23":"tag-noticias-destacadas","24":"tag-noticiasdestacadas","25":"tag-policia-nacional","26":"tag-spain","27":"tag-titulares","28":"tag-ultimas-noticias","29":"tag-ultimasnoticias","30":"tag-valladolid"},"share_on_mastodon":{"url":"https:\/\/pubeurope.com\/@es\/115663370071972855","error":""},"_links":{"self":[{"href":"https:\/\/www.europesays.com\/es\/wp-json\/wp\/v2\/posts\/271419","targetHints":{"allow":["GET"]}}],"collection":[{"href":"https:\/\/www.europesays.com\/es\/wp-json\/wp\/v2\/posts"}],"about":[{"href":"https:\/\/www.europesays.com\/es\/wp-json\/wp\/v2\/types\/post"}],"author":[{"embeddable":true,"href":"https:\/\/www.europesays.com\/es\/wp-json\/wp\/v2\/users\/2"}],"replies":[{"embeddable":true,"href":"https:\/\/www.europesays.com\/es\/wp-json\/wp\/v2\/comments?post=271419"}],"version-history":[{"count":0,"href":"https:\/\/www.europesays.com\/es\/wp-json\/wp\/v2\/posts\/271419\/revisions"}],"wp:featuredmedia":[{"embeddable":true,"href":"https:\/\/www.europesays.com\/es\/wp-json\/wp\/v2\/media\/271420"}],"wp:attachment":[{"href":"https:\/\/www.europesays.com\/es\/wp-json\/wp\/v2\/media?parent=271419"}],"wp:term":[{"taxonomy":"category","embeddable":true,"href":"https:\/\/www.europesays.com\/es\/wp-json\/wp\/v2\/categories?post=271419"},{"taxonomy":"post_tag","embeddable":true,"href":"https:\/\/www.europesays.com\/es\/wp-json\/wp\/v2\/tags?post=271419"}],"curies":[{"name":"wp","href":"https:\/\/api.w.org\/{rel}","templated":true}]}}