{"id":271421,"date":"2025-12-04T21:15:15","date_gmt":"2025-12-04T21:15:15","guid":{"rendered":"https:\/\/www.europesays.com\/es\/271421\/"},"modified":"2025-12-04T21:15:15","modified_gmt":"2025-12-04T21:15:15","slug":"tres-nuevas-empresas-se-suman-al-patronato-de-la-fundacion-princesa-de-girona","status":"publish","type":"post","link":"https:\/\/www.europesays.com\/es\/271421\/","title":{"rendered":"Tres nuevas empresas se suman al Patronato de la Fundaci\u00f3n Princesa de Girona"},"content":{"rendered":"<p>Tres nuevas empresas se suman al Patronato de la Fundaci\u00f3n Princesa de Girona<\/p>\n<p>La Fundaci\u00f3n refuerza su compromiso con el talento joven con la incorporaci\u00f3n de tres nuevas compa\u00f1\u00edas en su principal \u00f3rgano de gobierno, representaci\u00f3n y administraci\u00f3n.<\/p>\n<p style=\"font-weight: 400;\">Amazon Web Services (AWS); Grifols, S.A y NTT Data Spain, SLU se incorporan al Patronato de la Fundaci\u00f3n Princesa de Girona. Con la incorporaci\u00f3n de estas tres compa\u00f1\u00edas a su principal \u00f3rgano de gobierno, la Fundaci\u00f3n Princesa de Girona fortalece su compromiso de inspirar, formar, preparar y movilizar el talento joven con el apoyo de empresas de nuestro pa\u00eds.<\/p>\n<p style=\"font-weight: 400;\">La entrada de estas nuevas corporaciones ha sido aprobada hoy durante la trig\u00e9simo s\u00e9ptima reuni\u00f3n del Patronato que se ha celebrado en el Palacio Real y que ha estado presidida por SS.MM. los Reyes. Despu\u00e9s de la jornada de hoy, el Patronato cuenta un total de 113 miembros.<\/p>\n<p style=\"font-weight: 400;\"><strong>Amazon Web Services (AWS). <\/strong>Representado por Suzana Curic, Country Leader AWS Iberia.<br \/>Amazon Web Services (AWS) es la nube m\u00e1s adoptada y completa del mundo, ofreciendo m\u00e1s de 200\u00a0servicios integrales de centros de datos a nivel global. Millones de clientes, incluso las empresas emergentes que crecen m\u00e1s r\u00e1pido, las compa\u00f1\u00edas m\u00e1s grandes y los organismos gubernamentales l\u00edderes, est\u00e1n usando AWS para reducir los costes, aumentar su agilidad e innovar de forma m\u00e1s r\u00e1pida.<\/p>\n<p style=\"font-weight: 400;\"><strong>Grifols. <\/strong>Representado por Raimon Grifols, vicepresidente y consejero de Grifols.<br \/>Grifols es una compa\u00f1\u00eda global l\u00edder en el sector de la salud. Sus innovadores medicamentos derivados del plasma, otros productos biofarmac\u00e9uticos y soluciones en medicina transfusional permiten mejorar la calidad de vida de millones de pacientes en todo el mundo.<\/p>\n<p style=\"font-weight: 400;\">Desde su fundaci\u00f3n en 1909, su profundo y creciente conocimiento cient\u00edfico del plasma, diagn\u00f3stico y ciencias de la vida, junto con su liderazgo \u00e9tico y los m\u00e1s altos est\u00e1ndares de calidad y seguridad en la industria, contribuyen a mejorar la salud de la sociedad y a hacerla m\u00e1s sostenible.<\/p>\n<p style=\"font-weight: 400;\"><strong>NTT Data Spain, SLU.<\/strong> Representado por Victor L\u00f3pez-Barrantes, Country Manager de la sociedad y consejero<br \/>Multinacional que ofrece desde servicios de consultor\u00eda estrat\u00e9gica hasta tecnolog\u00edas de vanguardia, desarrollando experiencias que transforman organizaciones, revolucionan industrias y dan forma a una sociedad mejor para todos.<\/p>\n","protected":false},"excerpt":{"rendered":"Tres nuevas empresas se suman al Patronato de la Fundaci\u00f3n Princesa de Girona La Fundaci\u00f3n refuerza su compromiso&hellip;\n","protected":false},"author":2,"featured_media":271422,"comment_status":"","ping_status":"","sticky":false,"template":"","format":"standard","meta":{"footnotes":""},"categories":[5],"tags":[17,18,25,24,13,14,11,19,20,9,10,15,16,23,12,21,22],"class_list":{"0":"post-271421","1":"post","2":"type-post","3":"status-publish","4":"format-standard","5":"has-post-thumbnail","7":"category-titulares","8":"tag-breaking-news","9":"tag-breakingnews","10":"tag-es","11":"tag-espana","12":"tag-featured-news","13":"tag-featurednews","14":"tag-headlines","15":"tag-latest-news","16":"tag-latestnews","17":"tag-news","18":"tag-noticias","19":"tag-noticias-destacadas","20":"tag-noticiasdestacadas","21":"tag-spain","22":"tag-titulares","23":"tag-ultimas-noticias","24":"tag-ultimasnoticias"},"share_on_mastodon":{"url":"https:\/\/pubeurope.com\/@es\/115663373778447067","error":""},"_links":{"self":[{"href":"https:\/\/www.europesays.com\/es\/wp-json\/wp\/v2\/posts\/271421","targetHints":{"allow":["GET"]}}],"collection":[{"href":"https:\/\/www.europesays.com\/es\/wp-json\/wp\/v2\/posts"}],"about":[{"href":"https:\/\/www.europesays.com\/es\/wp-json\/wp\/v2\/types\/post"}],"author":[{"embeddable":true,"href":"https:\/\/www.europesays.com\/es\/wp-json\/wp\/v2\/users\/2"}],"replies":[{"embeddable":true,"href":"https:\/\/www.europesays.com\/es\/wp-json\/wp\/v2\/comments?post=271421"}],"version-history":[{"count":0,"href":"https:\/\/www.europesays.com\/es\/wp-json\/wp\/v2\/posts\/271421\/revisions"}],"wp:featuredmedia":[{"embeddable":true,"href":"https:\/\/www.europesays.com\/es\/wp-json\/wp\/v2\/media\/271422"}],"wp:attachment":[{"href":"https:\/\/www.europesays.com\/es\/wp-json\/wp\/v2\/media?parent=271421"}],"wp:term":[{"taxonomy":"category","embeddable":true,"href":"https:\/\/www.europesays.com\/es\/wp-json\/wp\/v2\/categories?post=271421"},{"taxonomy":"post_tag","embeddable":true,"href":"https:\/\/www.europesays.com\/es\/wp-json\/wp\/v2\/tags?post=271421"}],"curies":[{"name":"wp","href":"https:\/\/api.w.org\/{rel}","templated":true}]}}