{"id":271425,"date":"2025-12-04T21:23:09","date_gmt":"2025-12-04T21:23:09","guid":{"rendered":"https:\/\/www.europesays.com\/es\/271425\/"},"modified":"2025-12-04T21:23:09","modified_gmt":"2025-12-04T21:23:09","slug":"el-ucam-murcia-un-rival-que-trae-buenos-recuerdos-al-san-pablo-burgos","status":"publish","type":"post","link":"https:\/\/www.europesays.com\/es\/271425\/","title":{"rendered":"El UCAM Murcia, un rival que trae buenos recuerdos al San Pablo Burgos"},"content":{"rendered":"<p>A la octava fue la vencida. En la primera temporada de la historia del <a href=\"https:\/\/www.diariodeburgos.es\/seccion\/san+pablo+burgos\" target=\"_blank\" rel=\"nofollow noopener\">San Pablo Burgos<\/a> en la <a href=\"https:\/\/www.diariodeburgos.es\/tags\/54258\/liga+acb\" target=\"_blank\" rel=\"nofollow noopener\">ACB<\/a> las alegr\u00edas tardaron en llegar. De hecho, en su debut all\u00e1 por 2017 el equipo burgal\u00e9s perdi\u00f3 en las siete primeras jornadas y no estren\u00f3 su casillero de triunfos hasta que <a href=\"https:\/\/www.diariodeburgos.es\/noticia\/zc245f5f6-de5d-dc40-cddb0f50b72a1e0f\/201711\/a-la-octava-llego-la-primera\" target=\"_blank\" rel=\"nofollow noopener\">super\u00f3 al UCAM Murcia un 11 de noviembre en el Coliseum (89-86)<\/a>. Un recuerdo que la afici\u00f3n mantiene muy vivo y que sirve de motivaci\u00f3n en el presente, pues ser\u00e1 el equipo universitario el que visite el pabell\u00f3n burgal\u00e9s este s\u00e1bado a las 18:00 horas y, de nuevo, el San Pablo necesita poner a una fat\u00eddica racha de siete derrotas.<\/p>\n<p>Goran Huskic, Deon Thompson, \u00c1lex Barrera, Sebas Saiz, Javi Vega, Corey Fischer, Thomas Schreiner, \u00c1lex L\u00f3pez, Edu Mart\u00ednez, Deividas Gailius y Tedas Sedekerskis. Aquellos fueron los 11 jugadores que participaron directamente en la primera victoria del San Pablo en la m\u00e1xima categor\u00eda. Aquellos fueron los jugadores, adem\u00e1s de un John Jenkins que aquel d\u00eda no tuvo oportunidad, que hicieron olvidar un fatal inicio de temporada con una noche en la que el Coliseum disfrut\u00f3 de una remontada brutal.<\/p>\n<p><strong>En aquel agradable recuerdo, Huskic fue el l\u00edder<\/strong>. El p\u00edvot serbio, actualmente en el Obradoiro de un Diego Epifanio &#8216;Epi&#8217; que precisamente era el entrenador del bloque castellano en aquella temporada 2017\/18, acab\u00f3 dicho partido con 18 puntos, 6 rebotes, 2 tapones y un total de 26 cr\u00e9ditos de valoraci\u00f3n. Tuvo la inestimable ayuda de Deon Thompson, que a\u00f1adi\u00f3 14 puntos y 5 rebotes para alcanzar los 23 cr\u00e9ditos.<\/p>\n<p>Sus actuaciones permitieron a la afici\u00f3n presente en el Coliseum a confiar, a <strong>creer en una salvaci\u00f3n que muchos ya hab\u00edan descartado<\/strong> a pesar de que no se hab\u00eda llegado todav\u00eda a diciembre. Las siete derrotas iniciales invitaban al pesimismo, pero nada m\u00e1s lejos de la realidad: el San Pablo a partir de entonces levant\u00f3 el vuelo y gan\u00f3 de manera mucho m\u00e1s regular para sellar la permanencia en la <a href=\"https:\/\/www.diariodeburgos.es\/tags\/46071\/liga+endesa\" target=\"_blank\" rel=\"nofollow noopener\">ACB<\/a> con 13 triunfos.<\/p>\n<p>Se pueden trazar muchos paralelismos entre aquel inicio de curso y la actual temporada, en la que curiosamente el San Pablo volver\u00e1 a jugar este s\u00e1bado ante el <a href=\"https:\/\/www.diariodeburgos.es\/tags\/47076\/ucam+murcia\" target=\"_blank\" rel=\"nofollow noopener\">UCAM Murcia<\/a> en su intento por cortar una racha de siete derrotas que ha multiplicado las dudas en el proyecto. Lejos, muy lejos queda la victoria en la jornada inaugural frente al B\u00e0squet Girona (97-79) lograda hace ya dos meses. Desde entonces solo se han cosechado decepciones y por ello este partido es m\u00e1s que importante y podr\u00eda confirmar a Bruno Savignani en el banquillo o volver a disparar los rumores respecto a su salida del club.<\/p>\n<p><strong>Otros cinco triunfos.<\/strong> No solo en aquella temporada 2017\/18 los burgaleses ganaron a los murcianos. De hecho, el San Pablo se ha impuesto al UCAM Murcia en cinco ocasiones m\u00e1s en contexto <a href=\"https:\/\/www.diariodeburgos.es\/seccion\/baloncesto+-+liga+endesa\/baloncesto\/deportes\" target=\"_blank\" rel=\"nofollow noopener\">ACB<\/a>, al menos una vez por temporada. En total, los dos equipos se han enfrentado en nueve ocasiones y los azulones han salido victoriosos en seis de ellas. Hist\u00f3ricamente es un rival que se ha dado bien y al que se ha ganado en todos cursos.<\/p>\n<p>La victoria m\u00e1s abultada cosechada por el equipo burgal\u00e9s ante este rival lleg\u00f3 en la segunda temporada en la \u00e9lite y precisamente en el Coliseum (84-73), una sensaci\u00f3n que la afici\u00f3n local espera poder repetir este s\u00e1bado. Son numerosos los buenos recuerdos frente a este rival y tras esta novena jornada podr\u00eda haber otro m\u00e1s.<\/p>\n","protected":false},"excerpt":{"rendered":"A la octava fue la vencida. En la primera temporada de la historia del San Pablo Burgos en&hellip;\n","protected":false},"author":2,"featured_media":271426,"comment_status":"","ping_status":"","sticky":false,"template":"","format":"standard","meta":{"footnotes":""},"categories":[269],"tags":[21684,299,298,45346,14681,3920,168,25,24,831,3919,23,167,3918],"class_list":{"0":"post-271425","1":"post","2":"type-post","3":"status-publish","4":"format-standard","5":"has-post-thumbnail","7":"category-baloncesto","8":"tag-alex-lopez","9":"tag-baloncesto","10":"tag-basketball","11":"tag-basquet-girona","12":"tag-bruno-savignani","13":"tag-coliseum","14":"tag-deportes","15":"tag-es","16":"tag-espana","17":"tag-liga-acb","18":"tag-san-pablo-burgos","19":"tag-spain","20":"tag-sports","21":"tag-ucam-murcia"},"share_on_mastodon":{"url":"https:\/\/pubeurope.com\/@es\/115663405434648064","error":""},"_links":{"self":[{"href":"https:\/\/www.europesays.com\/es\/wp-json\/wp\/v2\/posts\/271425","targetHints":{"allow":["GET"]}}],"collection":[{"href":"https:\/\/www.europesays.com\/es\/wp-json\/wp\/v2\/posts"}],"about":[{"href":"https:\/\/www.europesays.com\/es\/wp-json\/wp\/v2\/types\/post"}],"author":[{"embeddable":true,"href":"https:\/\/www.europesays.com\/es\/wp-json\/wp\/v2\/users\/2"}],"replies":[{"embeddable":true,"href":"https:\/\/www.europesays.com\/es\/wp-json\/wp\/v2\/comments?post=271425"}],"version-history":[{"count":0,"href":"https:\/\/www.europesays.com\/es\/wp-json\/wp\/v2\/posts\/271425\/revisions"}],"wp:featuredmedia":[{"embeddable":true,"href":"https:\/\/www.europesays.com\/es\/wp-json\/wp\/v2\/media\/271426"}],"wp:attachment":[{"href":"https:\/\/www.europesays.com\/es\/wp-json\/wp\/v2\/media?parent=271425"}],"wp:term":[{"taxonomy":"category","embeddable":true,"href":"https:\/\/www.europesays.com\/es\/wp-json\/wp\/v2\/categories?post=271425"},{"taxonomy":"post_tag","embeddable":true,"href":"https:\/\/www.europesays.com\/es\/wp-json\/wp\/v2\/tags?post=271425"}],"curies":[{"name":"wp","href":"https:\/\/api.w.org\/{rel}","templated":true}]}}