{"id":271429,"date":"2025-12-04T21:25:17","date_gmt":"2025-12-04T21:25:17","guid":{"rendered":"https:\/\/www.europesays.com\/es\/271429\/"},"modified":"2025-12-04T21:25:17","modified_gmt":"2025-12-04T21:25:17","slug":"la-actriz-veronica-sanchez-recuerda-como-acabo-en-el-cine-con-los-reyes-felipe-y-letizia","status":"publish","type":"post","link":"https:\/\/www.europesays.com\/es\/271429\/","title":{"rendered":"La actriz Ver\u00f3nica S\u00e1nchez recuerda c\u00f3mo acab\u00f3 en el cine con los reyes Felipe y Letizia"},"content":{"rendered":"<p id=\"eyDCjc_n8f\" data-wc=\"143\">La actriz Ver\u00f3nica S\u00e1nchez ha compartido en el p\u00f3dcast Amigos alegres, de Hoy por Hoy,\u00a0en la Cadena Ser,\u00a0<strong>conducido por \u00c1ngels Barcel\u00f3 junto a Luis Alegre,<\/strong> director del Festival de Cine \u00d3pera Prima Ciudad de Tudela, al que hace unos d\u00edas <a class=\"hm-link ho-link\" href=\"https:\/\/www.hola.com\/realeza\/casa_espanola\/20251125869353\/reina-letizia-alejandro-amenabar-tudela-navarra-festival-cine\/\" data-mrf-recirculation=\"article-body-link\" rel=\"nofollow noopener\" target=\"_blank\">acudi\u00f3 la reina Letizia.\u00a0<\/a>Durante este espacio con Barcel\u00f3 y Alegre, \u00a0la sevillana comparti\u00f3 algunos de los momentos m\u00e1s sorprendentes y divertidos de su vida. Una conversaci\u00f3n \u00edntima en la que se mezclaron recuerdos personales, an\u00e9cdotas con grandes nombres y confesiones sobre su trayectoria profesional de la actriz, que ahora triunfa con Las hijas de la criada, la nueva serie de \u00e9poca de Antena 3,<strong>\u00a0basada en la<\/strong><strong>\u00a0<\/strong><a class=\"hm-link ho-link\" href=\"https:\/\/www.hola.com\/actualidad\/20251202870828\/sonsoles-onega-el-hormiguero-la-hija-de-la-criada\/\" data-mrf-recirculation=\"article-body-link\" rel=\"nofollow noopener\" target=\"_blank\">novela hom\u00f3nima de Sonsoles \u00d3nega,<\/a> ganadora del Premio Planeta 2023. Se estren\u00f3 en exclusiva en ATRESplayer Premium, el pasado 30 de noviembre de 2025 y llegar\u00e1 pr\u00f3ximamente al prime time de Antena 3.<\/p>\n<p> <img src=\"https:\/\/www.europesays.com\/es\/wp-content\/uploads\/2025\/12\/8558c8ce9fc9-interior-veronica-sanchez-z.jpg\"   width=\"843\" height=\"1024\" loading=\"lazy\" decoding=\"async\" alt=\"interior veronica sanchez\" fetchpriority=\"auto\" class=\"image ho-image\"\/>\u00a9 GtresonlineVer\u00f3nica S\u00e1nchez<\/p>\n<p> <img src=\"https:\/\/www.europesays.com\/es\/wp-content\/uploads\/2025\/12\/8d4e127b0172-lhdlckeyarthorz-1cleanup.jpg\"   width=\"1024\" height=\"585\" loading=\"lazy\" decoding=\"async\" alt=\"Las series de Ver\u00f3nica S\u00e1nchez que tienes que ver mientras esperas \u2018Las hijas de la criada\u2019\" fetchpriority=\"auto\" class=\"image ho-image\"\/>\u00a9 AtresmediaVer\u00f3nica S\u00e1nchez protagoniza &#8216;Las hijas de la criada&#8217;, basada en la novela hom\u00f3nima de Sonsoles \u00d3nega<\/p>\n<p id=\"eRv1ZEqPdsF\" data-wc=\"55\">La <strong>an\u00e9cdota m\u00e1s sorprendente tuvo como protagonistas a los Reyes de Espa\u00f1a, Felipe y Letizia.<\/strong> Ver\u00f3nica S\u00e1nchez cont\u00f3 c\u00f3mo un d\u00eda Luis Alegre la invit\u00f3 al cine, asegur\u00e1ndole que ir\u00eda acompa\u00f1ado de \u201cunos amigos\u201d.\u00a0Intrigada, ella quiso saber si se trataba de gente del mundo del cine, y \u00e9l respondi\u00f3 con un enigm\u00e1tico\u00a0\u201cno, exactamente\u201d.<\/p>\n<p id=\"eLxIouopAx8\" data-wc=\"61\">La sorpresa lleg\u00f3 en los Cines Verdi, donde hab\u00edan quedado para ver\u00a0Elegy, <strong>de Isabel Coixet, con Pen\u00e9lope Cruz como protagonista.\u00a0<\/strong>All\u00ed aparecieron nada menos que los Reyes. \u201cEran Felipe y Letizia, te lo juro. Esos eran sus amigos\u201d, record\u00f3 entre risas la actriz, a\u00fan incr\u00e9dula por la naturalidad con la que Alegre la hab\u00eda llevado a un plan tan inesperado.<\/p>\n<p> <img src=\"https:\/\/www.europesays.com\/es\/wp-content\/uploads\/2025\/12\/ca6c1250a71b-gettyimages-2204780971.jpg\"   width=\"683\" height=\"1024\" loading=\"lazy\" decoding=\"async\" alt=\"Ver\u00f3nica S\u00e1nchez est\u00e1 triunfando con 'Las hijas de la criada'\" fetchpriority=\"auto\" class=\"image ho-image\"\/>\u00a9 Getty ImagesVer\u00f3nica S\u00e1nchez est\u00e1 triunfando con &#8216;Las hijas de la criada&#8217;<\/p>\n<p id=\"efPtIGAPXuN\" data-wc=\"66\">Ver\u00f3nica confes\u00f3 que incluso lleg\u00f3 a preguntarle por la profesi\u00f3n de \u201csus amigos\u201d. \u201cElla es periodista\u201d, respondi\u00f3 el director de cine, guardando silencio sobre \u00e9l. El desconcierto de la actriz fue total.\u00a0\u201cMe resulta inolvidable la cara de Ver\u00f3nica cuando vio a Felipe y Letizia. Flip\u00f3\u201d, a\u00f1adi\u00f3 Alegre, divertido al recordar aquel momento que se convirti\u00f3 en una de las an\u00e9cdotas m\u00e1s memorables de su amistad.<\/p>\n<p>Concierto y cena con Lenny Kravitz<\/p>\n<p id=\"eAUUvuPhBQ7\" data-wc=\"120\">Esta no ha sido la \u00fanica vez Alegre la llev\u00f3 a un encuentro inesperado. En otra ocasi\u00f3n, Ver\u00f3nica cont\u00f3 que \u00e9l estaba en Zaragoza y le propuso asistir <strong>al concierto de Lenny Kravitz,<\/strong> que tocaba en la ciudad ma\u00f1a. La actriz no dud\u00f3 en coger el AVE y disfrutar de un espect\u00e1culo vibrante. Lo que no imaginaba era que c\u00f3mo iba a terminar la noche. \u00abRecuerdo que le pregunt\u00e9: &#8216;\u00bfY ahora qu\u00e9 hacemos? Y \u00e9l me solt\u00f3: &#8216;Cenamos con Lenny'\u00bb, reconoci\u00f3 sorprendida a la vez que divertida. De hecho, la actriz record\u00f3 c\u00f3mo su madre, consciente de las sorpresas que suele deparar Luis, le aconseja siempre arreglarse bien antes de salir con \u00e9l porque\u00a0\u201cno sabes lo que puede pasar\u201d.<\/p>\n<p> <img src=\"https:\/\/www.europesays.com\/es\/wp-content\/uploads\/2025\/12\/84e28f992cdf-dlu579842011.jpg\"   width=\"1024\" height=\"675\" loading=\"lazy\" decoding=\"async\" alt=\"Lenny Kravitz y Almudena Fern\u00e1ndez se reencuentran en Madrid 14 a\u00f1os despu\u00e9s de su relaci\u00f3n \" fetchpriority=\"auto\" class=\"image ho-image\"\/>\u00a9 GTRESLenny Kravitz en concierto<br \/>\nPaco Umbral<\/p>\n<p id=\"e1NK_aLDL4P\" data-wc=\"81\"><strong>Las aventuras con Luis Alegre tambi\u00e9n estuvieron a punto de llevar a Ver\u00f3nica S\u00e1nchez a conocer a Paco Umbral.\u00a0<\/strong>La actriz record\u00f3 c\u00f3mo, tras un rodaje al que hab\u00eda acudido en ch\u00e1ndal, qued\u00f3 con su amigo en el Caf\u00e9 Gij\u00f3n, un lugar que ambos frecuentan por el ambiente literario y la historia que respira. En medio de la conversaci\u00f3n, Alegre le pregunt\u00f3 por el libro que m\u00e1s la hab\u00eda impactado \u00faltimamente. \u00abMortal y rosa, de Paco Umbral\u201d, respondi\u00f3 ella sin dudar.<\/p>\n<p> <img src=\"https:\/\/www.europesays.com\/es\/wp-content\/uploads\/2025\/12\/b236e735dc15-vero-atresmedia.jpg\"   width=\"1024\" height=\"597\" loading=\"lazy\" decoding=\"async\" alt=\"La interpretaci\u00f3n de Ver\u00f3nica S\u00e1nchez como \u00c1ngela es brillante\" fetchpriority=\"auto\" class=\"image ho-image\"\/>\u00a9 AtresmediaVer\u00f3nica S\u00e1nchez protagoniz\u00f3 la serie  &#8216;\u00c1ngela&#8217;<\/p>\n<p id=\"e-epI6ETKzQ\" data-wc=\"48\">La reacci\u00f3n de Luis fue inmediata: sac\u00f3 el tel\u00e9fono y llam\u00f3 al escritor para decirle que estaba con Ver\u00f3nica. \u201cCasi acabo en casa de Paco Umbral y en ch\u00e1ndal\u201d, relat\u00f3 divertida la actriz, quien reconoci\u00f3 que las invitaciones de su amigo terminan siempre en encuentros memorables e inesperados.<\/p>\n<p> <img src=\"https:\/\/www.europesays.com\/es\/wp-content\/uploads\/2025\/12\/a3afabfeedf9-gettyimages-2181897426.jpg\"   width=\"682\" height=\"1024\" loading=\"lazy\" decoding=\"async\" alt=\"Ver\u00f3nica S\u00e1nchez est\u00e1 atravesando una excelente racha profesional\" fetchpriority=\"auto\" class=\"image ho-image\"\/>\u00a9 WireImageVer\u00f3nica S\u00e1nchez est\u00e1 atravesando una excelente racha profesional<\/p>\n<p id=\"esrgoHLZIfb\" data-wc=\"120\">M\u00e1s all\u00e1 de las an\u00e9cdotas divertidas, Ver\u00f3nica tambi\u00e9n abri\u00f3 su coraz\u00f3n para hablar de aspectos \u00edntimos de su vida. <strong>Confes\u00f3 su pasi\u00f3n por la filosof\u00eda y por autores como Nietzsche,\u00a0<\/strong>pero sobre todo por la lectura, que desde ni\u00f1a se convirti\u00f3 en su refugio frente a la timidez y las dificultades para relacionarse. En la adolescencia, un desamor la llev\u00f3 a pasar un momento complicado, hasta que su padre, sin saber c\u00f3mo ayudarla, le regal\u00f3 una colecci\u00f3n de cl\u00e1sicos coleccionables que vend\u00eda en el quiosco, que marcaron su formaci\u00f3n.\u00a0\u201cLa lectura es una buena soluci\u00f3n para el mal de amores\u201d, record\u00f3 con humor, subrayando que a\u00fan hoy \u00absigo leyendo mucho\u00bb y para ella sigue siendo un refugio y una necesidad.<\/p>\n<p>Antonio Resines y el salto a &#8216;Los Serrano&#8217;<\/p>\n<p id=\"eFAU-25dJf3\" data-wc=\"69\">Ver\u00f3nica S\u00e1nchez record\u00f3 que sus comienzos en la interpretaci\u00f3n no fueron f\u00e1ciles. Se present\u00f3 de manera casi despreocupada a <strong>un casting que result\u00f3 ser para una pel\u00edcula de Fernando Colomo.\u00a0<\/strong>Aquella oportunidad la convirti\u00f3 en protagonista de Al sur de Granada\u00a0(2003), un papel que marc\u00f3 el inicio de su carrera y la situ\u00f3 en el mapa del cine espa\u00f1ol, aunque todav\u00eda era una desconocida para el gran p\u00fablico.<\/p>\n<p> <img src=\"https:\/\/www.europesays.com\/es\/wp-content\/uploads\/2025\/12\/ea00fdb5f516-vernica-snchez-1.jpg\"   width=\"682\" height=\"1024\" loading=\"lazy\" decoding=\"async\" alt=\"Ver\u00f3nica S\u00e1nchez da vida a Elena en 'La Favorita 1922?, la nueva serie de \u00e9poca de Telecinco\" fetchpriority=\"auto\" class=\"image ho-image\"\/>\u00a9 Luis Miguel Gonzalez \/ MediasetVer\u00f3nica S\u00e1nchez, caracterizada como Elena en &#8216;La Favorita 1922&#8217;<\/p>\n<p id=\"eDbsXWKQPA8\" data-wc=\"141\"><strong>Durante ese rodaje conoci\u00f3 a Antonio Resines<\/strong>, quien se convirti\u00f3 en una figura clave en su trayectoria. El actor, impresionado por su talento, decidi\u00f3 proponerla para el casting de la serie Los Serrano.\u00a0\u201cTe he propuesto para el casting de una serie que voy a hacer, para que seas mi hija. Hazlo bien porque si la cagas, es culpa tuya. Yo he dado tu nombre para que te llamen\u201d, recuerda la actriz. Gracias a Resines, Ver\u00f3nica consigui\u00f3 el papel de su hija en la ficci\u00f3n, un personaje que la catapult\u00f3 a la popularidad y la convirti\u00f3 en uno de los rostros m\u00e1s reconocibles de la televisi\u00f3n de la \u00e9poca. Sobre aquella \u00e9poca televisiva, Ver\u00f3nica reconoci\u00f3 que el final de Los Serrano no convenci\u00f3 a nadie: \u201cSi en algo los espa\u00f1oles estamos de acuerdo es en que no fue un buen final\u201d.<\/p>\n<p> <img src=\"https:\/\/www.europesays.com\/es\/wp-content\/uploads\/2025\/08\/b2e5c9d6c7fc-los-serrano-personajes-sofa-haciendo-fotomediaset.jpg\"   width=\"1024\" height=\"682\" loading=\"lazy\" decoding=\"async\" alt=\"Foto grupal de personajes de la serie 'Los Serrano'\" fetchpriority=\"auto\" class=\"image ho-image\"\/>\u00a9 GlobomediaFoto grupal de &#8216;Los Serrano&#8217;<\/p>\n<p> <img src=\"https:\/\/www.europesays.com\/es\/wp-content\/uploads\/2025\/12\/a4687b8f8311-gettyimages-98016098.jpg\"   width=\"1024\" height=\"680\" loading=\"lazy\" decoding=\"async\" alt=\" Fran Perea y Ver\u00f3nica S\u00e1nchez, en 'Los Serrano' \" fetchpriority=\"auto\" class=\"image ho-image\"\/>\u00a9 Cover\/Getty Images Fran Perea y Ver\u00f3nica S\u00e1nchez, en &#8216;Los Serrano&#8217; <\/p>\n<p id=\"e3nmE0isKXU\" data-wc=\"115\">Con todas estas vivencias, Ver\u00f3nica S\u00e1nchez dibuj\u00f3 el retrato de una actriz que ha sabido convertir cada encuentro inesperado en una experiencia inolvidable y cada oportunidad profesional en un paso firme dentro de su carrera. De los planes privados con los Reyes a las cenas con estrellas internacionales, pasando por su refugio en la lectura y el impulso decisivo de figuras como Colomo o Resines, su historia refleja una trayectoria marcada por la sorpresa, la pasi\u00f3n y la constancia. Hoy se ha consolidado como una int\u00e9rprete vers\u00e1til y muy \u00a0querida por el p\u00fablico. Prueba de ello son sus \u00faltimos \u00e9xitos: las series Sky Rojo,\u00a0\u00c1ngela,\u00a0La favorita 1922 y ahora, Las hijas de la criada.<\/p>\n","protected":false},"excerpt":{"rendered":"La actriz Ver\u00f3nica S\u00e1nchez ha compartido en el p\u00f3dcast Amigos alegres, de Hoy por Hoy,\u00a0en la Cadena Ser,\u00a0conducido&hellip;\n","protected":false},"author":2,"featured_media":271430,"comment_status":"","ping_status":"","sticky":false,"template":"","format":"standard","meta":{"footnotes":""},"categories":[174],"tags":[517,255,146,147,25,24,256,23,807],"class_list":{"0":"post-271429","1":"post","2":"type-post","3":"status-publish","4":"format-standard","5":"has-post-thumbnail","7":"category-famosos","8":"tag-actualidad","9":"tag-celebrities","10":"tag-entertainment","11":"tag-entretenimiento","12":"tag-es","13":"tag-espana","14":"tag-famosos","15":"tag-spain","16":"tag-television"},"share_on_mastodon":{"url":"https:\/\/pubeurope.com\/@es\/115663414449516806","error":""},"_links":{"self":[{"href":"https:\/\/www.europesays.com\/es\/wp-json\/wp\/v2\/posts\/271429","targetHints":{"allow":["GET"]}}],"collection":[{"href":"https:\/\/www.europesays.com\/es\/wp-json\/wp\/v2\/posts"}],"about":[{"href":"https:\/\/www.europesays.com\/es\/wp-json\/wp\/v2\/types\/post"}],"author":[{"embeddable":true,"href":"https:\/\/www.europesays.com\/es\/wp-json\/wp\/v2\/users\/2"}],"replies":[{"embeddable":true,"href":"https:\/\/www.europesays.com\/es\/wp-json\/wp\/v2\/comments?post=271429"}],"version-history":[{"count":0,"href":"https:\/\/www.europesays.com\/es\/wp-json\/wp\/v2\/posts\/271429\/revisions"}],"wp:featuredmedia":[{"embeddable":true,"href":"https:\/\/www.europesays.com\/es\/wp-json\/wp\/v2\/media\/271430"}],"wp:attachment":[{"href":"https:\/\/www.europesays.com\/es\/wp-json\/wp\/v2\/media?parent=271429"}],"wp:term":[{"taxonomy":"category","embeddable":true,"href":"https:\/\/www.europesays.com\/es\/wp-json\/wp\/v2\/categories?post=271429"},{"taxonomy":"post_tag","embeddable":true,"href":"https:\/\/www.europesays.com\/es\/wp-json\/wp\/v2\/tags?post=271429"}],"curies":[{"name":"wp","href":"https:\/\/api.w.org\/{rel}","templated":true}]}}