{"id":271431,"date":"2025-12-04T21:26:12","date_gmt":"2025-12-04T21:26:12","guid":{"rendered":"https:\/\/www.europesays.com\/es\/271431\/"},"modified":"2025-12-04T21:26:12","modified_gmt":"2025-12-04T21:26:12","slug":"creo-en-el-arte-y-su-magia-y-su-capacidad-de-llegar-al-corazon-y-a-la-emocion-asi-lo-vivo","status":"publish","type":"post","link":"https:\/\/www.europesays.com\/es\/271431\/","title":{"rendered":"Creo en el arte y su magia y su capacidad de llegar al coraz\u00f3n y a la emoci\u00f3n. As\u00ed lo vivo"},"content":{"rendered":"<p>            Carmen Terreros: \u00abCreo en el arte y su magia y su capacidad de llegar al coraz\u00f3n y a la emoci\u00f3n. As\u00ed lo vivo\u00bb                <\/p>\n<p>Carmen Terreros: \u00abCreo en el arte y su magia y su capacidad de llegar al coraz\u00f3n y a la emoci\u00f3n. As\u00ed lo vivo\u00bb<\/p>\n<p class=\"epigraph\">La galerista zaragozana celebra dos d\u00e9cadas de su proyecto con una muestra colectiva: 20 a\u00f1os. 20 piezas, que resumen su pasi\u00f3n por la creaci\u00f3n<\/p>\n<p class=\"paragraph\">Carmen Terreros dice que \u00abel arte me estimula, me emociona y me ayuda a vivir. Me encanta ver el trabajo de los artistas. Me emocionan sus logros, su mirada, su sentido de la composici\u00f3n, su pasi\u00f3n por el color y la geometr\u00eda, sus visiones\u00bb, afirma esta zaragozana que lleva dos d\u00e9cadas al frente de una galer\u00eda: fund\u00f3 la primera en 2005, en la plaza de Santa Cruz, y en 2020, en la calle San F\u00e9lix 6, la segunda, donde expone ahora la muestra colectiva 20 a\u00f1os. 20 piezas: pintura, sobre todo, pero tambi\u00e9n escultura.<\/p>\n<p>            Conforme a los criterios de<br \/>\n            <a class=\"trustproject_img\" id=\"trustproject_img\" href=\"https:\/\/thetrustproject.org\/\" target=\"_blank\" rel=\"nofollow noopener\" aria-label=\"Trust Project\"><img decoding=\"async\" loading=\"lazy\" src=\"https:\/\/www.heraldo.es\/images\/Trust-Logo-Horizontal.svg\" alt=\"Logo Trust Project\" width=\"200\" height=\"34\"\/><\/a><\/p>\n<p>                <img decoding=\"async\" loading=\"lazy\" src=\"https:\/\/www.europesays.com\/es\/wp-content\/uploads\/2025\/08\/anton-castro.jpeg\" class=\"author-image\" width=\"120\" height=\"120\" alt=\"Ant\u00f3n Castro\"\/><\/p>\n<p>        <a href=\"https:\/\/www.henneo.com\/\" title=\"Grupo Henneo\" class=\"logo\" rel=\"nofollow noopener\" target=\"_blank\"><br \/>\n            <img decoding=\"async\" src=\"https:\/\/www.heraldo.es\/images\/logo_henneo_gris.svg\" alt=\"Logo Henneo\" width=\"559\" height=\"389\" loading=\"lazy\"\/><br \/>\n        <\/a><\/p>\n<p>\u00a9 HERALDO DE ARAGON EDITORA, S.L.U.<br \/>Tel\u00e9fono 976 765 000 \/ &#8211; P\u00ba. Independencia, 29, 50001 Zaragoza &#8211; CIF: B99288763 &#8211; Inscrita en el Registro Mercantil de Zaragoza al Tomo 3796, Libro 0, Folio 177, Secci\u00f3n 8, Hoja Z-50564<br \/>Queda prohibida toda reproducci\u00f3n sin permiso escrito de la empresa a los efectos del art\u00edculo 32.1, p\u00e1rrafo segundo, de la Ley de Propiedad Intelectual<\/p>\n<p>\n                P\u00ba Independencia, 29, 50001 Zaragoza<br \/> Tel\u00e9fono 976 765 000\n            <\/p>\n<p>                    Actualmente tu navegador no permite ejecutar JavaScript. Para poder disfrutar de nuestro contenido es necesario que lo permita.<br \/>\n                                        <img decoding=\"async\" loading=\"lazy\" alt=\"Heraldo logo\" src=\"https:\/\/dkumiip2e9ary.cloudfront.net\/xalok\/heraldo\/especiales\/hola-de-nuevo\/logo-heraldo.svg\" width=\"215\" height=\"43\"\/><\/p>\n","protected":false},"excerpt":{"rendered":"Carmen Terreros: \u00abCreo en el arte y su magia y su capacidad de llegar al coraz\u00f3n y a&hellip;\n","protected":false},"author":2,"featured_media":271432,"comment_status":"","ping_status":"","sticky":false,"template":"","format":"standard","meta":{"footnotes":""},"categories":[173],"tags":[229,233,231,230,3386,66624,4835,232,234,18266,146,147,25,24,660,2518,23],"class_list":{"0":"post-271431","1":"post","2":"type-post","3":"status-publish","4":"format-standard","5":"has-post-thumbnail","7":"category-arte-y-diseno","8":"tag-arte","9":"tag-arte-y-diseno","10":"tag-arts","11":"tag-arts-and-design","12":"tag-capacidad","13":"tag-carmen-terreros","14":"tag-corazon","15":"tag-design","16":"tag-diseno","17":"tag-emocion","18":"tag-entertainment","19":"tag-entretenimiento","20":"tag-es","21":"tag-espana","22":"tag-llegar","23":"tag-magia","24":"tag-spain"},"share_on_mastodon":{"url":"https:\/\/pubeurope.com\/@es\/115663417574794271","error":""},"_links":{"self":[{"href":"https:\/\/www.europesays.com\/es\/wp-json\/wp\/v2\/posts\/271431","targetHints":{"allow":["GET"]}}],"collection":[{"href":"https:\/\/www.europesays.com\/es\/wp-json\/wp\/v2\/posts"}],"about":[{"href":"https:\/\/www.europesays.com\/es\/wp-json\/wp\/v2\/types\/post"}],"author":[{"embeddable":true,"href":"https:\/\/www.europesays.com\/es\/wp-json\/wp\/v2\/users\/2"}],"replies":[{"embeddable":true,"href":"https:\/\/www.europesays.com\/es\/wp-json\/wp\/v2\/comments?post=271431"}],"version-history":[{"count":0,"href":"https:\/\/www.europesays.com\/es\/wp-json\/wp\/v2\/posts\/271431\/revisions"}],"wp:featuredmedia":[{"embeddable":true,"href":"https:\/\/www.europesays.com\/es\/wp-json\/wp\/v2\/media\/271432"}],"wp:attachment":[{"href":"https:\/\/www.europesays.com\/es\/wp-json\/wp\/v2\/media?parent=271431"}],"wp:term":[{"taxonomy":"category","embeddable":true,"href":"https:\/\/www.europesays.com\/es\/wp-json\/wp\/v2\/categories?post=271431"},{"taxonomy":"post_tag","embeddable":true,"href":"https:\/\/www.europesays.com\/es\/wp-json\/wp\/v2\/tags?post=271431"}],"curies":[{"name":"wp","href":"https:\/\/api.w.org\/{rel}","templated":true}]}}