{"id":271433,"date":"2025-12-04T21:28:14","date_gmt":"2025-12-04T21:28:14","guid":{"rendered":"https:\/\/www.europesays.com\/es\/271433\/"},"modified":"2025-12-04T21:28:14","modified_gmt":"2025-12-04T21:28:14","slug":"el-hormiguero-recibira-a-salva-reina-alejo-sauras-edurne-manuel-carrasco-dan-brown-e-isabel-preysler","status":"publish","type":"post","link":"https:\/\/www.europesays.com\/es\/271433\/","title":{"rendered":"El Hormiguero recibir\u00e1 a Salva Reina, Alejo Sauras, Edurne, Manuel Carrasco, Dan Brown e Isabel Preysler"},"content":{"rendered":"<p>El Hormiguero sigue sorprendiendo cada semana con sus invitados. Esta vez, Pablo Motos ha desvelado que tendr\u00e1 el placer de entrevistar a <b>Salva Reina<\/b>, <b>Alejo Sauras<\/b>, <b>Edurne<\/b>, <b>Manuel Carrasco <\/b>y <b>Dan Brown<\/b>. Adem\u00e1s, tambi\u00e9n contar\u00e1 con la presencia de <b>Isabel Preysler<\/b>, que se unir\u00e1 a la tertulia del jueves.<\/p>\n<p>Lunes: Salva Reina y Alejo Sauras<\/p>\n<p>Arrancamos la semana con la visita de los actores Salva Reina y Alejo Sauras. Nos van a hablar de su participaci\u00f3n en la serie Atasco, cuya tercera temporada se estrena en Prime Video el pr\u00f3ximo 22 de diciembre. Con un reparto estelar de m\u00e1s de veinticinco actores, esta nueva entrega se sumerge en un atasco navide\u00f1o donde ocurren aventuras sorprendentes, c\u00f3micas y emotivas sobre el asfalto.<\/p>\n<p><img loading=\"lazy\" decoding=\"async\" title=\"Salva Reina y Alejo Sauras en El Hormiguero\" alt=\"Salva Reina y Alejo Sauras en El Hormiguero\" width=\"480\" height=\"270\" src=\"https:\/\/www.europesays.com\/es\/wp-content\/uploads\/2025\/12\/salva-reina-alejo-sauras-hormiguero_70.jpg\"\/> Salva Reina y Alejo Sauras en El Hormiguero | antena3.com Martes: Edurne<\/p>\n<p>Viene a vernos la cantante Edurne para presentarnos su primer disco navide\u00f1o, Navidad junto a ti, que acaba de publicarse. Se trata de una mezcla de cl\u00e1sicos navide\u00f1os y canciones originales con el brillo y la emoci\u00f3n de su voz.<\/p>\n<p><img loading=\"lazy\" decoding=\"async\" title=\"Edurne en El Hormiguero\" alt=\"Edurne en El Hormiguero\" width=\"480\" height=\"270\" src=\"https:\/\/www.europesays.com\/es\/wp-content\/uploads\/2025\/12\/edurne-hormiguero_70.jpg\"\/> Edurne en El Hormiguero | antena3.com Mi\u00e9rcoles: Manuel Carrasco<\/p>\n<p>Recibimos a otro de nuestros grandes artistas, al cantante Manuel Carrasco. Con \u00e9l vamos a recordar la espectacular gira que ha llevado a cabo en los \u00faltimos meses para presentar su \u00faltimo disco Pueblo Salvaje II. Carrasco nos va a dar alguna pincelada de todo lo que tiene previsto para el a\u00f1o pr\u00f3ximo.<\/p>\n<p><img loading=\"lazy\" decoding=\"async\" title=\"Manuel Carrasco en El Hormiguero\" alt=\"Manuel Carrasco en El Hormiguero\" width=\"480\" height=\"270\" src=\"https:\/\/www.europesays.com\/es\/wp-content\/uploads\/2025\/12\/manuel-carrasco-hormiguero_70.jpg\"\/> Manuel Carrasco en El Hormiguero | antena3.com Jueves: Dan Brown e Isabel Preysler<\/p>\n<p>Nos viene a ver de nuevo el escritor estadounidense Dan Brown quien triunfa a nivel internacional con su nueva novela El \u00faltimo secreto. Se trata de la nueva aventura de su m\u00edtico personaje, el profesor Robert Langdon. Adem\u00e1s, ese d\u00eda se unir\u00e1 a nuestra tertulia de los jueves Isabel Preysler.<\/p>\n<p><img loading=\"lazy\" decoding=\"async\" title=\"Dan Brown e Isabel Preysler en El Hormiguero\" alt=\"Dan Brown e Isabel Preysler en El Hormiguero\" width=\"480\" height=\"270\" src=\"https:\/\/www.europesays.com\/es\/wp-content\/uploads\/2025\/12\/dan-brown-isabel-preysler-hormiguero_70.jpg\"\/> Dan Brown e Isabel Preysler en El Hormiguero | antena3.com <\/p>\n","protected":false},"excerpt":{"rendered":"El Hormiguero sigue sorprendiendo cada semana con sus invitados. Esta vez, Pablo Motos ha desvelado que tendr\u00e1 el&hellip;\n","protected":false},"author":2,"featured_media":271434,"comment_status":"","ping_status":"","sticky":false,"template":"","format":"standard","meta":{"footnotes":""},"categories":[171],"tags":[146,147,25,24,23,214],"class_list":{"0":"post-271433","1":"post","2":"type-post","3":"status-publish","4":"format-standard","5":"has-post-thumbnail","7":"category-tv","8":"tag-entertainment","9":"tag-entretenimiento","10":"tag-es","11":"tag-espana","12":"tag-spain","13":"tag-tv"},"share_on_mastodon":{"url":"https:\/\/pubeurope.com\/@es\/115663426578370388","error":""},"_links":{"self":[{"href":"https:\/\/www.europesays.com\/es\/wp-json\/wp\/v2\/posts\/271433","targetHints":{"allow":["GET"]}}],"collection":[{"href":"https:\/\/www.europesays.com\/es\/wp-json\/wp\/v2\/posts"}],"about":[{"href":"https:\/\/www.europesays.com\/es\/wp-json\/wp\/v2\/types\/post"}],"author":[{"embeddable":true,"href":"https:\/\/www.europesays.com\/es\/wp-json\/wp\/v2\/users\/2"}],"replies":[{"embeddable":true,"href":"https:\/\/www.europesays.com\/es\/wp-json\/wp\/v2\/comments?post=271433"}],"version-history":[{"count":0,"href":"https:\/\/www.europesays.com\/es\/wp-json\/wp\/v2\/posts\/271433\/revisions"}],"wp:featuredmedia":[{"embeddable":true,"href":"https:\/\/www.europesays.com\/es\/wp-json\/wp\/v2\/media\/271434"}],"wp:attachment":[{"href":"https:\/\/www.europesays.com\/es\/wp-json\/wp\/v2\/media?parent=271433"}],"wp:term":[{"taxonomy":"category","embeddable":true,"href":"https:\/\/www.europesays.com\/es\/wp-json\/wp\/v2\/categories?post=271433"},{"taxonomy":"post_tag","embeddable":true,"href":"https:\/\/www.europesays.com\/es\/wp-json\/wp\/v2\/tags?post=271433"}],"curies":[{"name":"wp","href":"https:\/\/api.w.org\/{rel}","templated":true}]}}