{"id":271435,"date":"2025-12-04T21:29:11","date_gmt":"2025-12-04T21:29:11","guid":{"rendered":"https:\/\/www.europesays.com\/es\/271435\/"},"modified":"2025-12-04T21:29:11","modified_gmt":"2025-12-04T21:29:11","slug":"los-jonas-brothers-y-el-reto-de-crecer-con-anillos-de-castidad-era-extrano-el-interes-en-nuestra-vida-sexual","status":"publish","type":"post","link":"https:\/\/www.europesays.com\/es\/271435\/","title":{"rendered":"Los Jonas Brothers y el reto de crecer con anillos de castidad: \u201cEra extra\u00f1o el inter\u00e9s en nuestra vida sexual\u201d"},"content":{"rendered":"<p><img alt=\"Los hermanos firmaron su primer\" class=\"global-image\" decoding=\"async\" fetchpriority=\"high\" height=\"1080\" loading=\"eager\" src=\"https:\/\/www.europesays.com\/es\/wp-content\/uploads\/2025\/12\/TG4B6KTLVJEATKEQZCQJ5HRHC4.jpg\" width=\"1920\"\/>Los hermanos firmaron su primer contrato discogr\u00e1fico siendo a\u00fan preadolescentes: Nick ten\u00eda solo 12 a\u00f1os.(Cr\u00e9dito: Shutterstock)<\/p>\n<p class=\"paragraph\">Dos d\u00e9cadas despu\u00e9s de irrumpir en la industria musical como uno de los grupos juveniles m\u00e1s influyentes de la era Disney, los <a rel=\"noopener noreferrer nofollow\" href=\"https:\/\/www.infobae.com\/entretenimiento\/2025\/10\/23\/la-vision-que-guia-a-los-jonas-brothers-en-una-etapa-de-madurez-ahora-cada-uno-tiene-su-espacio-para-volver-y-hacerlo-mejor-juntos\/\" target=\"_blank\" title=\"https:\/\/www.infobae.com\/entretenimiento\/2025\/10\/23\/la-vision-que-guia-a-los-jonas-brothers-en-una-etapa-de-madurez-ahora-cada-uno-tiene-su-espacio-para-volver-y-hacerlo-mejor-juntos\/\">Jonas Brothers <\/a>han comentado la forma en que su vida privada fue tratada durante sus a\u00f1os de mayor exposici\u00f3n medi\u00e1tica. <\/p>\n<p class=\"paragraph\">A mediados de los 2000, mientras sus carreras despegaron tras firmar con Hollywood Records, los tabloides segu\u00edan con \u00e1vida curiosidad los romances de<b> Nick, Joe y Kevin<\/b>; y adem\u00e1s manifestaron un inter\u00e9s casi obsesivo hacia los anillos de pureza que el tr\u00edo llevaba en la mano. <\/p>\n<p class=\"paragraph\">Esos accesorios eran un s\u00edmbolo con el que promet\u00edan abstinencia sexual, y era una pr\u00e1ctica com\u00fan en la iglesia que frecuentaban desde la infancia.<\/p>\n<p class=\"paragraph\"><b>\u201cHab\u00eda mucho inter\u00e9s en nuestra vida sexual durante nuestros a\u00f1os de adolescentes, lo cual era extra\u00f1o\u201d<\/b>, coment\u00f3 Joe Jonas a Variety.<\/p>\n<p><img alt=\"Nick subray\u00f3 que preguntarle a\" class=\"global-image\" decoding=\"async\" fetchpriority=\"low\" height=\"2891\" loading=\"lazy\" src=\"https:\/\/www.europesays.com\/es\/wp-content\/uploads\/2025\/12\/345CAA2EUBBXFDD4IDPOUZFZIY.jpg\" width=\"1920\"\/>Nick subray\u00f3 que preguntarle a un menor de 14 a\u00f1os por su vida sexual estar\u00eda \u201ccompletamente fuera de los l\u00edmites\u201d en la era actual. (Cr\u00e9dito: Shutterstock)<\/p>\n<p class=\"paragraph\">Durante ese tiempo, los m\u00fasicos hab\u00edan sido vinculados sentimentalmente a <b>Taylor Swift, Demi Lovato, Miley Cyrus o Selena Gomez.<\/b> Y en las entrevistas nunca faltaba la pregunta sobre las sortijas. <\/p>\n<p class=\"paragraph\"> Nick Jonas describe esa cobertura como <b>\u201cmuy inapropiada\u201d<\/b> y asegura que ese tipo de interrogatorios ser\u00edan impensables hoy: \u201cNo creo que las mismas conversaciones intrusivas sobre adolescentes famosos ser\u00edan toleradas ahora\u201d.<\/p>\n<p class=\"paragraph\"><b>\u201cSi fuimos una peque\u00f1a parte de corregir el curso y evitar que la gente se interese tanto en la vida sexual de adolescentes, entonces me alegra que hayamos pasado por lo que pasamos. Pero s\u00ed, fue una \u00e9poca bizarra\u201d<\/b>, afirm\u00f3.<\/p>\n<p class=\"paragraph\">Las declaraciones recientes coinciden con lo que Nick y Joe ya hab\u00edan contado meses antes en el p\u00f3dcast Podcrushed, de Penn Badgley, en julio pasado. <\/p>\n<p class=\"paragraph\">Joe explic\u00f3 en ese momento que la pr\u00e1ctica de los anillos de pureza proven\u00eda de su comunidad religiosa y era \u201clo que todos de nuestra edad hac\u00edan a los 10, 11 a\u00f1os\u201d, pero que los medios exageraban la narrativa.<\/p>\n<p><img alt=\"Nick reflexion\u00f3 que, pese a\" class=\"global-image\" decoding=\"async\" fetchpriority=\"low\" height=\"1080\" loading=\"lazy\" src=\"https:\/\/www.europesays.com\/es\/wp-content\/uploads\/2025\/12\/W2TJTD4JA5FMFEEDTLRM6U4J6M.jpg\" width=\"1920\"\/>Nick reflexion\u00f3 que, pese a lo inc\u00f3modo, su experiencia ayud\u00f3 a cuestionar la forma en que los medios trataban a adolescentes famosos (Instagram\/@jonasbrothers)<\/p>\n<p class=\"paragraph\"><b>\u201cUna persona en una entrevista \u2014cuando tienes 15 o 16 a\u00f1os\u2014 te preguntaba sobre eso y t\u00fa pensabas: \u2018No quiero hablar de esto\u2019. Y luego dec\u00edan: \u2018Bueno, voy a escribir que ustedes est\u00e1n en un culto\u2019\u201d<\/b>, record\u00f3 Joe. Nick a\u00f1adi\u00f3 que preguntarle a un menor de 14 a\u00f1os por su vida sexual era algo que hoy \u201cestar\u00eda completamente fuera de los l\u00edmites\u201d.<\/p>\n<p class=\"paragraph\">Antes de poder mirar con distancia su adolescencia, los Jonas Brothers atravesaron una ruptura dolorosa. En 2013, en pleno \u00e9xito comercial, anunciaron su separaci\u00f3n. <\/p>\n<p class=\"paragraph\">Kevin recuerda en Variety que, tras convertirse en padre por primera vez, se dio cuenta de que no hab\u00eda procesado lo que signific\u00f3 dejar el grupo. <b>\u201cMe di cuenta de que estaba lidiando con depresi\u00f3n y ansiedad\u2026 Mi esposa me sac\u00f3 de ese lugar\u201d<\/b>, confes\u00f3.<\/p>\n<p class=\"paragraph\">Para muchos fans, la reuni\u00f3n parec\u00eda imposible. Sin embargo, en febrero de 2019 sorprendieron al mundo con su regreso. Su primer sencillo tras seis a\u00f1os de silencio, \u201cSucker\u201d, debut\u00f3 directamente en el n\u00famero 1 del Billboard Hot 100, marcando un renacer que super\u00f3 sus propios r\u00e9cords.<\/p>\n<p><img alt=\"Nick, Joe y Kevin Jonas\" class=\"global-image\" decoding=\"async\" fetchpriority=\"low\" height=\"3323\" loading=\"lazy\" src=\"https:\/\/www.europesays.com\/es\/wp-content\/uploads\/2025\/12\/7M3WWBOAJ5GBPHEAH5SQDSW3OI.JPG\" width=\"4984\"\/>Nick, Joe y Kevin Jonas durante su homenaje en el TCL Chinese Theatre, donde plasmaron sus huellas tras 20 a\u00f1os de carrera (REUTERS\/Mario Anzuoni)<\/p>\n<p class=\"paragraph\">A dos d\u00e9cadas del inicio de su carrera, el presente profesional de los Jonas Brothers es positivo.<\/p>\n<p class=\"paragraph\">En agosto de 2025 lanzaron su s\u00e9ptimo \u00e1lbum, <b>Greetings From Your Hometown<\/b>, y en noviembre estrenaron en Disney+ su pel\u00edcula navide\u00f1a <b>A Very Jonas Christmas<\/b>. Este 3 de diciembre fueron homenajeados en una ceremonia de impresi\u00f3n de huellas en el ic\u00f3nico CL Chinese Theatre de Hollywood, un reconocimiento reservado para figuras culturales de influencia. <\/p>\n","protected":false},"excerpt":{"rendered":"Los hermanos firmaron su primer contrato discogr\u00e1fico siendo a\u00fan preadolescentes: Nick ten\u00eda solo 12 a\u00f1os.(Cr\u00e9dito: Shutterstock) Dos d\u00e9cadas&hellip;\n","protected":false},"author":2,"featured_media":271436,"comment_status":"","ping_status":"","sticky":false,"template":"","format":"standard","meta":{"footnotes":""},"categories":[170],"tags":[66625,46291,66626,889,26319,66627,13360,66628,66629,9368,146,147,25,24,52064,36588,324,11348,203,4417,184,185,50857,66630,25475,22254,66631,66632,23,37188],"class_list":{"0":"post-271435","1":"post","2":"type-post","3":"status-publish","4":"format-standard","5":"has-post-thumbnail","7":"category-musica","8":"tag-66625","9":"tag-46291","10":"tag-66626","11":"tag-america","12":"tag-angeles","13":"tag-apr","14":"tag-awards","15":"tag-brother","16":"tag-brothers","17":"tag-choice","18":"tag-entertainment","19":"tag-entretenimiento","20":"tag-es","21":"tag-espana","22":"tag-fselect","23":"tag-joe","24":"tag-jonas","25":"tag-kevin","26":"tag-kids","27":"tag-los","28":"tag-music","29":"tag-musica","30":"tag-nick","31":"tag-nickelodeon","32":"tag-not-performing","33":"tag-personality","34":"tag-sibling","35":"tag-siblings","36":"tag-spain","37":"tag-with-others"},"share_on_mastodon":{"url":"https:\/\/pubeurope.com\/@es\/115663430217852464","error":""},"_links":{"self":[{"href":"https:\/\/www.europesays.com\/es\/wp-json\/wp\/v2\/posts\/271435","targetHints":{"allow":["GET"]}}],"collection":[{"href":"https:\/\/www.europesays.com\/es\/wp-json\/wp\/v2\/posts"}],"about":[{"href":"https:\/\/www.europesays.com\/es\/wp-json\/wp\/v2\/types\/post"}],"author":[{"embeddable":true,"href":"https:\/\/www.europesays.com\/es\/wp-json\/wp\/v2\/users\/2"}],"replies":[{"embeddable":true,"href":"https:\/\/www.europesays.com\/es\/wp-json\/wp\/v2\/comments?post=271435"}],"version-history":[{"count":0,"href":"https:\/\/www.europesays.com\/es\/wp-json\/wp\/v2\/posts\/271435\/revisions"}],"wp:featuredmedia":[{"embeddable":true,"href":"https:\/\/www.europesays.com\/es\/wp-json\/wp\/v2\/media\/271436"}],"wp:attachment":[{"href":"https:\/\/www.europesays.com\/es\/wp-json\/wp\/v2\/media?parent=271435"}],"wp:term":[{"taxonomy":"category","embeddable":true,"href":"https:\/\/www.europesays.com\/es\/wp-json\/wp\/v2\/categories?post=271435"},{"taxonomy":"post_tag","embeddable":true,"href":"https:\/\/www.europesays.com\/es\/wp-json\/wp\/v2\/tags?post=271435"}],"curies":[{"name":"wp","href":"https:\/\/api.w.org\/{rel}","templated":true}]}}