{"id":271441,"date":"2025-12-04T21:34:10","date_gmt":"2025-12-04T21:34:10","guid":{"rendered":"https:\/\/www.europesays.com\/es\/271441\/"},"modified":"2025-12-04T21:34:10","modified_gmt":"2025-12-04T21:34:10","slug":"el-western-con-mujeres-del-creador-de-hijos-de-la-anarquia","status":"publish","type":"post","link":"https:\/\/www.europesays.com\/es\/271441\/","title":{"rendered":"el western con mujeres del creador de &#8216;Hijos de la anarqu\u00eda&#8217;"},"content":{"rendered":"<p class=\"c-paragraph\">Seg\u00fan los medios estadounidenses, un orfe\u00f3n de Harley Davisons ruge en el horizonte.<b> Kurt Sutter<\/b>, creador de <b>Hijos de la anarqu\u00eda<\/b>, planea una ficci\u00f3n sobre bandas moteras neozelandesas protagonizada por<b> <a href=\"https:\/\/www.20minutos.es\/cinemania\/noticias\/jason-momoa-javier-bardem-me-guino-ojo-me-entro-risilla-floja_6235672_0.html\" rel=\"nofollow noopener\" target=\"_blank\">Jason Momoa<\/a><\/b>. Por el momento, no hay confirmaci\u00f3n oficial ni fecha: solo un t\u00edtulo, Nomad. Porque Kurt Sutter, desde que abandon\u00f3 (o lo echaron, nunca qued\u00f3 demasiado claro) la secuela de Hijos de la anarqu\u00eda, Mayans M.C., ha sido un n\u00f3mada cuyos pasos resultan dif\u00edciles de seguir.<\/p>\n<p class=\"c-paragraph\">Kurt Sutter comenz\u00f3 su carrera de la mejor forma posible: con una de las series polic\u00edacas m\u00e1s excepcionales (y no son pocas) que se han emitido, <b>The Shield<\/b>. Despu\u00e9s, lleg\u00f3 <b>Hijos de la anarqu\u00eda<\/b>, subtitulada (con grandilocuencia para algunos, con justicia para otros) como <a href=\"https:\/\/www.20minutos.es\/cinemania\/series\/que-fue-actores-los-soprano-despues-estreno-hbo-5223087\/\" rel=\"nofollow noopener\" target=\"_blank\">Los Soprano<\/a> del mundo de las motos.\u00a0 Sus siete temporadas pueden verse en Disney+, mientras que las cinco de su secuela, adem\u00e1s, est\u00e1n en Movistar Plus+ y HBO Max.\u00a0<\/p>\n<p class=\"c-paragraph\">Ahora, Sutter prueba suerte con el western, un g\u00e9nero en el que nunca se hab\u00eda zambullido (aunque en las escenas de acci\u00f3n de Hijos de la anarqu\u00eda hubiera mucho de western). Su t\u00edtulo es <b>Los abandonados <\/b>y su primera temporada, <b>disponible en <a href=\"https:\/\/www.20minutos.es\/cinemania\/noticias\/pelicula-superheroes-pedro-pascal-llega-netflix-wonder-woman-1984-los-cuatro-fantasticos_6663193_0.html\" rel=\"nofollow noopener\" target=\"_blank\">Netflix<\/a> desde el 4 de diciembre<\/b>, se compone de 10 cap\u00edtulos.<\/p>\n<p>\u00bfDe qu\u00e9 trata &#8216;Los abandonados&#8217;?<\/p>\n<p class=\"c-paragraph\">\u00bfQu\u00e9 es un western? Si nos ce\u00f1imos a la definici\u00f3n m\u00e1s perezosa, g\u00e9nero de vaqueros, indios, forajidos, sheriffs y plantas rodantes. Si abrimos el foco, la frontera entre la civilizaci\u00f3n y la jungla y el d\u00eda a d\u00eda del hombre al margen de la ley. De eso trataba Hijos de la anarqu\u00eda, protagonizada por un <b><a href=\"https:\/\/www.20minutos.es\/cinemania\/series\/ed-gein-asesino-biografo-carnicero-plainfield-critica-serie-ryan-murphy-netflix_6537088_0.html\" rel=\"nofollow noopener\" target=\"_blank\">Charlie Hunnam <\/a><\/b>que nunca estuvo mejor, y de eso trata Los abandonados. Con la salvedad de que <b>Los abandonados<\/b>, adem\u00e1s, tiene todo lo citado al principio: o sea, vaqueros (quiz\u00e1 alg\u00fan indio), forajidos, sheriffs y estepicursores.\u00a0<\/p>\n<p class=\"c-paragraph\">Desarrollada en Oreg\u00f3n en 1850, Los abandonados sigue a una comunidad que pretende ser expulsada de sus tierras por unos terratenientes y habr\u00e1n de recurrir a las armas para recuperarlas. El protagonismo femenino, con <b>Lena Headey <\/b>(Juego de tronos) y<b> Gillian Anderson<\/b> (Expediente X) aproxima esta serie a otro \u00e9xito de Netflix<b>, Godless<\/b>; mientras que la conservaci\u00f3n con sangre (ajena), sudor y l\u00e1grimas de unos tierras la aproxima a <b>Yellowstone<\/b>. De hecho, Oreg\u00f3n habr\u00eda sido el t\u00edtulo original de Yellowstone seg\u00fan 1883, pero una mala bala quiso que a la primera Dutton la enterrasen en Montana. Y lo dem\u00e1s es historia. \u00a0\u00a0\u00a0<\/p>\n","protected":false},"excerpt":{"rendered":"Seg\u00fan los medios estadounidenses, un orfe\u00f3n de Harley Davisons ruge en el horizonte. Kurt Sutter, creador de Hijos&hellip;\n","protected":false},"author":2,"featured_media":271442,"comment_status":"","ping_status":"","sticky":false,"template":"","format":"standard","meta":{"footnotes":""},"categories":[91],"tags":[146,147,25,24,66636,66635,66634,152,267,23,6879,66633],"class_list":{"0":"post-271441","1":"post","2":"type-post","3":"status-publish","4":"format-standard","5":"has-post-thumbnail","7":"category-entretenimiento","8":"tag-entertainment","9":"tag-entretenimiento","10":"tag-es","11":"tag-espana","12":"tag-gillian-anderson","13":"tag-lena-headey","14":"tag-los-abandonados","15":"tag-netflix","16":"tag-planseo","17":"tag-spain","18":"tag-streaming","19":"tag-yellowstone"},"share_on_mastodon":{"url":"https:\/\/pubeurope.com\/@es\/115663448518434837","error":""},"_links":{"self":[{"href":"https:\/\/www.europesays.com\/es\/wp-json\/wp\/v2\/posts\/271441","targetHints":{"allow":["GET"]}}],"collection":[{"href":"https:\/\/www.europesays.com\/es\/wp-json\/wp\/v2\/posts"}],"about":[{"href":"https:\/\/www.europesays.com\/es\/wp-json\/wp\/v2\/types\/post"}],"author":[{"embeddable":true,"href":"https:\/\/www.europesays.com\/es\/wp-json\/wp\/v2\/users\/2"}],"replies":[{"embeddable":true,"href":"https:\/\/www.europesays.com\/es\/wp-json\/wp\/v2\/comments?post=271441"}],"version-history":[{"count":0,"href":"https:\/\/www.europesays.com\/es\/wp-json\/wp\/v2\/posts\/271441\/revisions"}],"wp:featuredmedia":[{"embeddable":true,"href":"https:\/\/www.europesays.com\/es\/wp-json\/wp\/v2\/media\/271442"}],"wp:attachment":[{"href":"https:\/\/www.europesays.com\/es\/wp-json\/wp\/v2\/media?parent=271441"}],"wp:term":[{"taxonomy":"category","embeddable":true,"href":"https:\/\/www.europesays.com\/es\/wp-json\/wp\/v2\/categories?post=271441"},{"taxonomy":"post_tag","embeddable":true,"href":"https:\/\/www.europesays.com\/es\/wp-json\/wp\/v2\/tags?post=271441"}],"curies":[{"name":"wp","href":"https:\/\/api.w.org\/{rel}","templated":true}]}}