{"id":271444,"date":"2025-12-04T21:37:08","date_gmt":"2025-12-04T21:37:08","guid":{"rendered":"https:\/\/www.europesays.com\/es\/271444\/"},"modified":"2025-12-04T21:37:08","modified_gmt":"2025-12-04T21:37:08","slug":"europa-empieza-a-asumir-que-ucrania-debera-sacrificar-territorio-si-quiere-terminar-la-guerra-internacional","status":"publish","type":"post","link":"https:\/\/www.europesays.com\/es\/271444\/","title":{"rendered":"Europa empieza a asumir que Ucrania deber\u00e1 sacrificar territorio si quiere terminar la guerra | Internacional"},"content":{"rendered":"<p class=\"\">La sensaci\u00f3n de impotencia crece en Europa respecto al papel que puede desarrollar en el proceso de paz en Ucrania. <a href=\"https:\/\/elpais.com\/internacional\/2025-12-04\/putin-mantiene-que-su-ejercito-tomara-el-control-de-donbas-y-la-region-de-nueva-rusia.html\" target=\"_self\" rel=\"nofollow noopener\" title=\"https:\/\/elpais.com\/internacional\/2025-12-04\/putin-mantiene-que-su-ejercito-tomara-el-control-de-donbas-y-la-region-de-nueva-rusia.html\">Las negociaciones entre Rusia y Estados Unidos<\/a>, pese a estar en un punto muerto, no dan lugar al optimismo. Preocupan especialmente las garant\u00edas de seguridad y la creciente convicci\u00f3n de que el pa\u00eds que sufre una invasi\u00f3n a gran escala desde hace casi cuatro a\u00f1os puede verse abocada a hacer grandes concesiones territoriales ante su invasor. <\/p>\n<p class=\"\">Nadie en Bruselas, ninguno de los aliados europeos de Ucrania, reconoce p\u00fablicamente que el pa\u00eds tendr\u00e1 que hacer esos sacrificios. Pero esta idea empieza a extenderse discretamente como un mal menor. Fue esta una percepci\u00f3n que sobrevol\u00f3 la reuni\u00f3n celebrada este mi\u00e9rcoles en Bruselas entre algunos de los enviados de seguridad de Francia, Alemania, Finlandia, Italia y el Reino Unido y el jefe de la delegaci\u00f3n de Ucrania para las conversaciones de paz, Rustem Umerov. <\/p>\n<p class=\"\">El encuentro, seg\u00fan fuentes diplom\u00e1ticas y el propio Umerov, \u201cfue productivo\u201d, pero puso de relieve algunos matices de postura de los pa\u00edses aliados respecto a los territorios que reclama Rusia para poner fin a la guerra. Pese a que el presidente de Francia, Emmanuel Macron, hab\u00eda dicho dos d\u00edas antes que \u201csolo Ucrania puede discutir sobre sus territorios, porque son los suyos\u201d, la idea generalizada comienza a moverse. <\/p>\n<p class=\"\">Algunos representantes europeos dieron a entender, sin citar la cuesti\u00f3n directamente, que ser\u00eda imposible llegar a la paz sin una gran parte de esos sacrificios que reclama Rusia. De hecho, <a href=\"https:\/\/elpais.com\/internacional\/2025-10-02\/alexander-stubb-presidente-de-finlandia-que-a-trump-se-le-agote-la-paciencia-con-putin-invita-al-optimismo.html\" target=\"_self\" rel=\"nofollow noopener\" title=\"https:\/\/elpais.com\/internacional\/2025-10-02\/alexander-stubb-presidente-de-finlandia-que-a-trump-se-le-agote-la-paciencia-con-putin-invita-al-optimismo.html\">el presidente de Finlandia, Alexander Stubb<\/a>, prepar\u00f3 a sus ciudadanos para \u201cuna paz injusta\u201d en una entrevista este jueves y alert\u00f3 de esa concesi\u00f3n de territorios que formar\u00eda parte del acuerdo. Umerov, por su parte, se remiti\u00f3 a la dificultad que entra\u00f1ar\u00eda aceptar algo as\u00ed, no solo por los problemas emocionales, de seguridad y pol\u00edticos, sino porque adem\u00e1s esos territorios est\u00e1n incluidos en la Constituci\u00f3n ucrania.<\/p>\n<p class=\"\">La noci\u00f3n de que Ucrania acepte p\u00e9rdidas territoriales, cada vez m\u00e1s asumida en Europa, genera mucha resistencia en los pa\u00edses b\u00e1lticos y Polonia. Aunque fueran p\u00e9rdidas temporales, si es que el acuerdo congelara el estatus de alguno de esos lugares. Esos pa\u00edses del este de Europa ven esta cesi\u00f3n no solo como algo enormemente delicado, sino como una seria amenaza para su integridad territorial. Varios informes de inteligencia de Estados europeos han advertido de que Rusia podr\u00eda intentar alg\u00fan tipo de agresi\u00f3n contra un pa\u00eds europeo en los pr\u00f3ximos cinco a\u00f1os.<\/p>\n<p class=\"\"><a href=\"https:\/\/elpais.com\/internacional\/2025-12-01\/macron-cree-que-solo-ucrania-puede-decidir-sobre-su-territorio-y-zelenski-pide-que-no-se-premie-a-rusia-por-la-guerra.html\" target=\"_self\" rel=\"nofollow noopener\" title=\"https:\/\/elpais.com\/internacional\/2025-12-01\/macron-cree-que-solo-ucrania-puede-decidir-sobre-su-territorio-y-zelenski-pide-que-no-se-premie-a-rusia-por-la-guerra.html\">Macron,<\/a> por su parte, cree que Washington podr\u00eda estar a punto de \u201ctraicionar\u201d a Ucrania, seg\u00fan la transcripci\u00f3n publicada por la revista alemana Der Spiegel de una llamada del pasado lunes entre l\u00edderes europeos que elaboraban una estrategia sobre c\u00f3mo proteger a Kiev. En la conversaci\u00f3n participaron, adem\u00e1s de Macron; el canciller alem\u00e1n, Friedrich Merz; el secretario general de la OTAN, Mark Rutte; el presidente finland\u00e9s, Stubb y <a href=\"https:\/\/elpais.com\/internacional\/2025-11-30\/zelenski-inicia-su-presidencia-en-solitario-en-un-momento-crucial-de-la-guerra.html\" target=\"_self\" rel=\"nofollow noopener\" title=\"https:\/\/elpais.com\/internacional\/2025-11-30\/zelenski-inicia-su-presidencia-en-solitario-en-un-momento-crucial-de-la-guerra.html\">el presidente ucranio, Volod\u00edmir Zelenski<\/a>. Los l\u00edderes debatieron sobre las negociaciones de paz lideradas por Estados Unidos con Kiev y con Mosc\u00fa. Ahora que Washington ha recortado su apoyo econ\u00f3mico al pa\u00eds invadido y que el presidente Donald Trump est\u00e1 empe\u00f1ado en lograr un acuerdo de paz, casi a cualquier coste, la sensaci\u00f3n creciente es que Ucrania se vea abocada a hacer grandes concesiones territoriales. Pero todos, seg\u00fan los detalles publicados por Der Spiegel, estuvieron de acuerdo en que no pod\u00eda dejarse a Ucrania, pa\u00eds candidato a la UE, en manos de Estados Unidos y Rusia.<\/p>\n<p class=\"\">\u201cExiste la posibilidad de que Estados Unidos traicione a Ucrania en la cuesti\u00f3n del territorio sin ofrecer claridad sobre las garant\u00edas de seguridad\u201d, habr\u00eda dicho Macron, seg\u00fan Der Spiegel, a\u00f1adiendo que exist\u00eda \u201cun gran peligro\u201d para Zelenski. Fuentes del palacio del El\u00edseo, sin embargo, matizan a EL PA\u00cdS que la oficina del jefe del Estado franc\u00e9s tiene su propio resumen del intercambio \u201cen el que esa palabra [traicionar] no aparece\u201d. Adem\u00e1s, estas fuentes a\u00f1aden que la posici\u00f3n de Macron sobre las conversaciones de paz \u201cno es diferente en privado\u201d de lo que expresa p\u00fablicamente. <\/p>\n<p class=\"\">\u201cLa posici\u00f3n francesa es que nada debe decidirse sobre Ucrania y Europa sin que ambas sean plenamente parte de la negociaci\u00f3n. En este contexto, ciertos aspectos de la propuesta estadounidense a\u00fan requieren clarificaci\u00f3n. M\u00e1s a\u00fan porque los estadounidenses se han reunido recientemente con los rusos\u201d, insisten. <\/p>\n<p class=\"\">La realidad, sin embargo, es que <a href=\"https:\/\/www.google.com\/search?q=coalicion+voluntarios+el+pais&amp;oq=coalicion+voluntarios+el+pais&amp;gs_lcrp=EgZjaHJvbWUyBggAEEUYOTIHCAEQIRigATIHCAIQIRigATIHCAMQIRigAdIBCDU2MDFqMGo0qAIAsAIB&amp;sourceid=chrome&amp;ie=UTF-8\" target=\"_self\" rel=\"nofollow noopener\" title=\"https:\/\/www.google.com\/search?q=coalicion+voluntarios+el+pais&amp;oq=coalicion+voluntarios+el+pais&amp;gs_lcrp=EgZjaHJvbWUyBggAEEUYOTIHCAEQIRigATIHCAIQIRigATIHCAMQIRigAdIBCDU2MDFqMGo0qAIAsAIB&amp;sourceid=chrome&amp;ie=UTF-8\">entre la coalici\u00f3n de voluntarios que apoya a Ucrania<\/a> cada vez cunde m\u00e1s la impresi\u00f3n de que las autoridades de Kiev deber\u00e1n hacer grandes concesiones para poner fin a la guerra. La clave ahora es qu\u00e9 garant\u00edas de seguridad estar\u00e1 dispuesto a ofrecer Estados Unidos en el marco de ese acuerdo para evitar que el Kremlin inicie una nueva agresi\u00f3n, tal y como se\u00f1al\u00f3 el propio Macron en la conversaci\u00f3n con el resto de l\u00edderes, en unas declaraciones que no han sido matizadas. <\/p>\n<p class=\"\">La conversaci\u00f3n de Bruselas del mi\u00e9rcoles se produjo despu\u00e9s del fracaso de las negociaciones mantenidas en Mosc\u00fa por los enviados de Estados Unidos, Steve Witkoff y Jared Kushner. La cita originalmente deb\u00eda contar con los representantes de Washington y el propio Zelenski, pero vistos los resultados de la reuni\u00f3n en Mosc\u00fa, se rebaj\u00f3 la relevancia de sus protagonistas.<\/p>\n<p class=\"\">En un comunicado, el ucranio Umerov hizo un balance positivo del encuentro, pero insisti\u00f3 expl\u00edcitamente en el asunto que preocupaba a Macron en la reuni\u00f3n del lunes. \u201cTambi\u00e9n nos centramos por separado en las garant\u00edas de seguridad. Juntos, debemos elaborar un marco de garant\u00edas de seguridad que sea real y eficaz para la seguridad a largo plazo de Ucrania y de toda Europa\u201d, remarc\u00f3 en la red social X.<\/p>\n<p class=\"\">La presi\u00f3n de Washington a Ucrania es inmensa; los aliados europeos son conscientes de ello. Europa tiene claro tambi\u00e9n que est\u00e1 pr\u00e1cticamente sola en el sost\u00e9n al pa\u00eds invadido y que estar\u00e1 tambi\u00e9n a cargo de la factura de la reconstrucci\u00f3n. El argumento que empieza a extenderse, una especie de m\u00fasica de consuelo, se\u00f1ala que Ucrania ya ha ganado la guerra porque Rusia no ha logrado sus objetivos: conquistar el pa\u00eds vecino e instalar un Gobierno t\u00edtere para mantener a Ucrania bajo su esfera de influencia. <\/p>\n<p class=\"\">Ahora, casi cuatro a\u00f1os despu\u00e9s del inicio de la guerra a gran escala, se empieza a calentar el debate sobre qu\u00e9 concesiones tendr\u00e1 que hacer Ucrania para poner fin al conflicto, c\u00f3mo puede apoyar Europa y c\u00f3mo puede el Gobierno de Zelenski vender esas cesiones en casa, en un pa\u00eds que ha perdido a miles de personas en la guerra imperialista del Kremlin. La respuesta est\u00e1 en esas garant\u00edas de seguridad que tratan de dise\u00f1ar ahora los aliados, agrupados en la coalici\u00f3n de voluntarios de apoyo a Kiev (liderada por Par\u00eds y Londres) que quiere involucrar lo m\u00e1ximo posible a Estados Unidos Otra respuesta est\u00e1 en la UE: la adhesi\u00f3n de Ucrania al club comunitario puede ser la contrapartida para que Kiev acepte algunas de las duras concesiones.<\/p>\n","protected":false},"excerpt":{"rendered":"La sensaci\u00f3n de impotencia crece en Europa respecto al papel que puede desarrollar en el proceso de paz&hellip;\n","protected":false},"author":2,"featured_media":271445,"comment_status":"","ping_status":"","sticky":false,"template":"","format":"standard","meta":{"footnotes":""},"categories":[42],"tags":[17,18,730,629,700,13,14,317,69,7082,11,61,62,63,64,19,20,10729,9,10,15,16,1614,12,7081,21,22,65,66,67],"class_list":{"0":"post-271444","1":"post","2":"type-post","3":"status-publish","4":"format-standard","5":"has-post-thumbnail","7":"category-internacional","8":"tag-breaking-news","9":"tag-breakingnews","10":"tag-emmanuel-macron","11":"tag-estados-unidos","12":"tag-europa","13":"tag-featured-news","14":"tag-featurednews","15":"tag-francia","16":"tag-guerra","17":"tag-guerra-de-rusia-en-ucrania","18":"tag-headlines","19":"tag-internacional","20":"tag-international","21":"tag-international-news","22":"tag-internationalnews","23":"tag-latest-news","24":"tag-latestnews","25":"tag-negociaciones-paz","26":"tag-news","27":"tag-noticias","28":"tag-noticias-destacadas","29":"tag-noticiasdestacadas","30":"tag-rusia","31":"tag-titulares","32":"tag-ucrania","33":"tag-ultimas-noticias","34":"tag-ultimasnoticias","35":"tag-world","36":"tag-world-news","37":"tag-worldnews"},"share_on_mastodon":{"url":"","error":"Validation failed: Text character limit of 500 exceeded"},"_links":{"self":[{"href":"https:\/\/www.europesays.com\/es\/wp-json\/wp\/v2\/posts\/271444","targetHints":{"allow":["GET"]}}],"collection":[{"href":"https:\/\/www.europesays.com\/es\/wp-json\/wp\/v2\/posts"}],"about":[{"href":"https:\/\/www.europesays.com\/es\/wp-json\/wp\/v2\/types\/post"}],"author":[{"embeddable":true,"href":"https:\/\/www.europesays.com\/es\/wp-json\/wp\/v2\/users\/2"}],"replies":[{"embeddable":true,"href":"https:\/\/www.europesays.com\/es\/wp-json\/wp\/v2\/comments?post=271444"}],"version-history":[{"count":0,"href":"https:\/\/www.europesays.com\/es\/wp-json\/wp\/v2\/posts\/271444\/revisions"}],"wp:featuredmedia":[{"embeddable":true,"href":"https:\/\/www.europesays.com\/es\/wp-json\/wp\/v2\/media\/271445"}],"wp:attachment":[{"href":"https:\/\/www.europesays.com\/es\/wp-json\/wp\/v2\/media?parent=271444"}],"wp:term":[{"taxonomy":"category","embeddable":true,"href":"https:\/\/www.europesays.com\/es\/wp-json\/wp\/v2\/categories?post=271444"},{"taxonomy":"post_tag","embeddable":true,"href":"https:\/\/www.europesays.com\/es\/wp-json\/wp\/v2\/tags?post=271444"}],"curies":[{"name":"wp","href":"https:\/\/api.w.org\/{rel}","templated":true}]}}