{"id":271448,"date":"2025-12-04T21:39:12","date_gmt":"2025-12-04T21:39:12","guid":{"rendered":"https:\/\/www.europesays.com\/es\/271448\/"},"modified":"2025-12-04T21:39:12","modified_gmt":"2025-12-04T21:39:12","slug":"el-psoe-se-suma-a-junts-y-pp-en-multirreincidencia-dos-dias-despues-del-guino-de-sanchez-a-puigdemont","status":"publish","type":"post","link":"https:\/\/www.europesays.com\/es\/271448\/","title":{"rendered":"El PSOE se suma a Junts y PP en multirreincidencia dos d\u00edas despu\u00e9s del gui\u00f1o de S\u00e1nchez a Puigdemont"},"content":{"rendered":"<p style=\"\">Fumata blanca en la sala Peces-Barba del Congreso. La ponencia encargada de debatir la proposici\u00f3n de ley contra la multirreincidencia en hurtos, registrada por <a href=\"https:\/\/www.abc.es\/espana\/cataluna\/inmigracion-balanza-fiscal-catalan-europa-cuatro-peajes-20251204041035-nt.html\" target=\"_self\" data-voc-vtm-id=\"in-text-traffic\" title=\"Junts\" rel=\"nofollow noopener\">Junts<\/a>, ha aprobado este jueves el informe de la norma y la ha elevado a la Comisi\u00f3n de Justicia  &#8230; tras sendos pactos del proponente de la iniciativa con PP y PSOE, con quienes ha firmado por separado enmiendas transaccionales. <\/p>\n<p class=\"voc-p\" style=\"\">\u00abEs un acuerdo ex\u00f3tico\u00bb, ha reconocido uno de los ponentes de la ley a la salida de la reuni\u00f3n a puerta cerrada que han mantenido los diputados encargados de discutirla. Este empuj\u00f3n llega solo dos d\u00edas despu\u00e9s de que el presidente del Gobierno, Pedro S\u00e1nchez, lanzase un gui\u00f1o al pr\u00f3fugo Carles Puigdemont en dos entrevistas en Catalu\u00f1a, en las que reconoci\u00f3 \u00abincumplimientos\u00bb con su formaci\u00f3n, pero se comprometi\u00f3 a corregirlos. La portavoz de Junts en el Congreso, <a href=\"https:\/\/www.abc.es\/espana\/cataluna\/nogueras-responde-sanchez-junts-semana-pasada-20251203092014-nt.html\" target=\"_self\" data-voc-vtm-id=\"in-text-traffic\" title=\"M\u00edriam Nogueras\" rel=\"nofollow noopener\">M\u00edriam Nogueras<\/a>, le respondi\u00f3 que su partido sigue donde estaba, en la ruptura con el PSOE, pero de momento ya hay un avance en una de las exigencias que pon\u00eda sobre la mesa la derecha separatista catalana: endurecer las penas contra la multirreincidencia en hurtos.<\/p>\n<p class=\"voc-p\" style=\"\">El Pleno del Congreso tom\u00f3 en consideraci\u00f3n esta ley en septiembre del a\u00f1o pasado, pero el PSOE y Sumar la dejaron en un caj\u00f3n, ampliando el plazo para registrar enmiendas hasta febrero, cuando Puigdemont amagaba con vincular la legislatura a que S\u00e1nchez se sometiese a una cuesti\u00f3n de confianza. Entonces se cerr\u00f3 la pr\u00f3rroga para proponer cambios, pero la ponencia no se reuni\u00f3 hasta meses despu\u00e9s y no ha llegado a un acuerdo hasta este jueves. Seg\u00fan fuentes parlamentarias, la Comisi\u00f3n de Justicia se reunir\u00e1 dentro de dos semanas para aprobar el dictamen y que el Pleno lo pueda debatir en febrero. La ley plantea en l\u00edneas generales un endurecimiento de las penas a los reincidentes en hurtos.<\/p>\n<p class=\"voc-p\" style=\"\">Tanto desde el PSOE como desde el PP han subrayado que no han acordado nada entre ellos y que se han limitado a pactar con Junts, aunque el apoyo de los dos partidos mayoritarios al texto ya garantiza su aprobaci\u00f3n. A los populares les viene bien que salga adelante esta iniciativa, porque es uno de los compromisos de Alberto N\u00fa\u00f1ez Feij\u00f3o para garantizar la seguridad en Espa\u00f1a, mientras que a los socialistas les supone una v\u00eda de acercamiento a Puigdemont. Bildu y Podemos, seg\u00fan fuentes presentes en la cita, han rechazado el informe de la ponencia, mientras que Sumar -que s\u00ed ha exhibido cierto malestar- y ERC no se han posicionado.<\/p>\n<p class=\"voc-p\" style=\"\">El informe de la ponencia incorpora seis enmiendas transaccionales de las que Junts ha pactado cuatro con el PP y dos con el PSOE. Una de las acordadas con los populares persigue el denominado \u00abpetaqueo\u00bb, que es la pr\u00e1ctica de almacenar o transportar combustible para las lanchas dedicadas al narcotr\u00e1fico. Curiosamente, Vox ya defendi\u00f3 esa medida en una ley que decay\u00f3 en junio por el voto en contra de los independentistas. Tanto los de Santiago Abascal como el PNV se han posicionado a favor del texto.<\/p>\n<p class=\"voc-title\">Las dos grandes formaciones niegan haber pactado entre ellas y dicen que solo lo han hecho con los separatistas<\/p>\n<p class=\"voc-p\" style=\"\">La ley de Junts modifica el C\u00f3digo Penal para endurecer las penas en los delitos de hurtos. Hasta ahora, si se acumulaban tres delitos leves -inferiores a 400 euros-, se impon\u00eda pena de seis a dieciocho meses de c\u00e1rcel siempre que el montante superase esa cantidad econ\u00f3mica. Esta norma plantea que se castigue as\u00ed aunque los tres hurtos leves no rebasen los 400 euros. Adem\u00e1s, en el art\u00edculo 235, que contempla penas agravadas de uno a tres a\u00f1os de prisi\u00f3n, se modifica el apartado siete para que entren en esa categor\u00eda los culpables de tres delitos \u00abmenos graves o graves\u00bb y se a\u00f1ade un d\u00e9cimo para el robo de dispositivos m\u00f3viles. Ese \u00faltimo punto ha sido uno de los enmendados para que solo afecte a los personales y no a los que se venden en tiendas. Tambi\u00e9n se ha transaccionado un endurecimiento id\u00e9ntico para los delitos de estafa.<\/p>\n","protected":false},"excerpt":{"rendered":"Fumata blanca en la sala Peces-Barba del Congreso. La ponencia encargada de debatir la proposici\u00f3n de ley contra&hellip;\n","protected":false},"author":2,"featured_media":271449,"comment_status":"","ping_status":"","sticky":false,"template":"","format":"standard","meta":{"footnotes":""},"categories":[5],"tags":[17,18,987,960,1563,25,24,13,14,8018,11,5216,19,20,1464,59278,9,10,15,16,25863,956,1699,5667,199,23,12,21,22],"class_list":{"0":"post-271448","1":"post","2":"type-post","3":"status-publish","4":"format-standard","5":"has-post-thumbnail","7":"category-titulares","8":"tag-breaking-news","9":"tag-breakingnews","10":"tag-despues","11":"tag-dias","12":"tag-dos","13":"tag-es","14":"tag-espana","15":"tag-featured-news","16":"tag-featurednews","17":"tag-guino","18":"tag-headlines","19":"tag-junts","20":"tag-latest-news","21":"tag-latestnews","22":"tag-ley","23":"tag-multirreincidencia","24":"tag-news","25":"tag-noticias","26":"tag-noticias-destacadas","27":"tag-noticiasdestacadas","28":"tag-pactan","29":"tag-pp","30":"tag-psoe","31":"tag-puigdemont","32":"tag-sanchez","33":"tag-spain","34":"tag-titulares","35":"tag-ultimas-noticias","36":"tag-ultimasnoticias"},"share_on_mastodon":{"url":"https:\/\/pubeurope.com\/@es\/115663468216475296","error":""},"_links":{"self":[{"href":"https:\/\/www.europesays.com\/es\/wp-json\/wp\/v2\/posts\/271448","targetHints":{"allow":["GET"]}}],"collection":[{"href":"https:\/\/www.europesays.com\/es\/wp-json\/wp\/v2\/posts"}],"about":[{"href":"https:\/\/www.europesays.com\/es\/wp-json\/wp\/v2\/types\/post"}],"author":[{"embeddable":true,"href":"https:\/\/www.europesays.com\/es\/wp-json\/wp\/v2\/users\/2"}],"replies":[{"embeddable":true,"href":"https:\/\/www.europesays.com\/es\/wp-json\/wp\/v2\/comments?post=271448"}],"version-history":[{"count":0,"href":"https:\/\/www.europesays.com\/es\/wp-json\/wp\/v2\/posts\/271448\/revisions"}],"wp:featuredmedia":[{"embeddable":true,"href":"https:\/\/www.europesays.com\/es\/wp-json\/wp\/v2\/media\/271449"}],"wp:attachment":[{"href":"https:\/\/www.europesays.com\/es\/wp-json\/wp\/v2\/media?parent=271448"}],"wp:term":[{"taxonomy":"category","embeddable":true,"href":"https:\/\/www.europesays.com\/es\/wp-json\/wp\/v2\/categories?post=271448"},{"taxonomy":"post_tag","embeddable":true,"href":"https:\/\/www.europesays.com\/es\/wp-json\/wp\/v2\/tags?post=271448"}],"curies":[{"name":"wp","href":"https:\/\/api.w.org\/{rel}","templated":true}]}}