{"id":271452,"date":"2025-12-04T21:47:08","date_gmt":"2025-12-04T21:47:08","guid":{"rendered":"https:\/\/www.europesays.com\/es\/271452\/"},"modified":"2025-12-04T21:47:08","modified_gmt":"2025-12-04T21:47:08","slug":"la-clausula-por-amor-al-juego-que-tenia-michael-jordan-2","status":"publish","type":"post","link":"https:\/\/www.europesays.com\/es\/271452\/","title":{"rendered":"La cl\u00e1usula \u201cpor amor al juego\u201d que ten\u00eda Michael Jordan"},"content":{"rendered":"<p>\n        <a href=\"https:\/\/www.noticiasdegipuzkoa.eus\/tags\/michael-jordan\/\" title=\"Michael Jordan\" class=\"link copy\" rel=\"nofollow noopener\" target=\"_blank\"><strong>Michael Jordan<\/strong><\/a><strong> aparc\u00f3 el baloncesto en 2003<\/strong>, cuando jugaba para los Washington Wizards. Pero de la leyenda de los <strong>Chicago Bulls<\/strong>, ganador de seis anillos de la <a href=\"https:\/\/www.noticiasdegipuzkoa.eus\/tags\/nba\/\" title=\"NBA\" class=\"link copy\" rel=\"nofollow noopener\" target=\"_blank\">NBA<\/a>, <strong>a\u00fan se pueden descubrir secretos<\/strong>. En una entrevista concedida a la NBC, la leyenda del baloncesto revel\u00f3 que <strong>su contrato pose\u00eda una cl\u00e1usula especial durante su etapa en Chicago titulada \u201cpor amor al juego\u201d<\/strong>.\n<\/p>\n<blockquote class=\"twitter-tweet\" data-lang=\"es\" wp_automatic_readability=\"4.4262295081967\">\n<p lang=\"en\" dir=\"ltr\">MJ had a clause that protected his contract in case he got injured playing pick up ball \ud83d\ude2e\ud83d\udcdd <a href=\"https:\/\/t.co\/9lMBewAp6z\" rel=\"nofollow\">pic.twitter.com\/9lMBewAp6z<\/a><\/p>\n<p>\u2014 Bleacher Report (@BleacherReport) <a href=\"https:\/\/twitter.com\/BleacherReport\/status\/1996347856199012398?ref_src=twsrc%5Etfw\" rel=\"nofollow noopener\" target=\"_blank\">3 de diciembre de 2025<\/a><\/p><\/blockquote>\n<p class=\"article-body__text \">\n        \u00bfEn qu\u00e9 consist\u00eda esta condici\u00f3n? Si Jordan se encontraba a alguien jugando al baloncesto, pod\u00eda sumarse a la fiesta sin sufrir sanci\u00f3n alguna por parte de la franquicia de Chicago. \u2018\u2018Estoy bastante seguro de que la mayor\u00eda de contratos no tienen este tipo de cl\u00e1usula, &#8216;por amor al juego&#8217;. <strong>Si iba conduciendo contigo por la calle y ve\u00eda un partido de baloncesto al lado de la carretera, pod\u00eda ir a jugarlo y, si me lesionaba, mi salario estaba garantizado\u2019\u2019<\/strong>, ha revelado a sus 62 a\u00f1os en el de Brooklyn.\n<\/p>\n<p class=\"article-body__text \">\n        Este apartado figuraba en el contrato debido precisamente a su pasi\u00f3n por el juego. <strong>\u201cMe encanta tanto el baloncesto que jam\u00e1s dejar\u00eda que nadie me quitara la oportunidad de jugar\u201d<\/strong>, ha comentado Air Jordan, que observa un enorme contraste con la \u00e9poca actual.\n<\/p>\n<p class=\"article-photo__footer\">\n            Michael Jordan, en el a\u00f1o 2003 antes de retirarse en los Washington Wizards, tiende la mano al actor Jack Nicholson.            KEVORK DJANSEZIAN        <\/p>\n<p>  Cr\u00edtico con los jugadores actuales<\/p>\n<p class=\"article-body__text \">\n        \u201cA diferencia de ahora, donde no lo tienes. <strong>Los jugadores probablemente no juegan<\/strong>. Ahora reciben atenci\u00f3n individualizada con su entrenador. Sales y tiras 100 o 1000 tiros\u201d ha manifestado, tomando como ejemplo a otro jugador del pasado. <strong>\u201cLarry Bird se tom\u00f3 un verano entero para trabajar su mano izquierda\u201d<\/strong>.\n<\/p>\n<p class=\"article-body__text \">\n        En este sentido, Jordan se ha mostrado cr\u00edtico con la \u00e9poca actual. <strong>\u201cEs dif\u00edcil tener hambre cuando la tienes. As\u00ed de simple. Mi objetivo mental era hacer mi trabajo, ser el mejor jugador de baloncesto que pueda ser\u201d<\/strong>, ha repasado, haciendo referencia adem\u00e1s al af\u00e1n de notoriedad de los jugadores actuales. \u201cAhora todo el mundo tiene que tener un logo. Primero puse el trabajo, y luego la marca evolucion\u00f3 gracias a \u00e9l. La gente recuerda a <a href=\"https:\/\/www.noticiasdegipuzkoa.eus\/tags\/michael-jordan\/\" title=\"Michael Jordan\" class=\"link copy\" rel=\"nofollow noopener\" target=\"_blank\">Michael Jordan<\/a> por lo que hizo en la pista de baloncesto y no por la parte comercial\u201d, ha concluido.\n<\/p>\n<p>  Juicio contra la NASCAR<\/p>\n<p class=\"article-body__text \">\n        Cabe recordar que Jordan ha tenido hace solo unas horas una aparici\u00f3n p\u00fablica debido a una <strong>causa judicial que tiene abierta contra la NASCAR<\/strong>. El exjugador de baloncesto ha emprendido una lucha contra lo que considera que es una competici\u00f3n que representa un monopolio en el automovilismo. Cabe recordar que Jordan posee la <strong>escuder\u00eda 23XI Racing<\/strong>, que toma parte en el campeonato.\n<\/p>\n<p>            <script async src=\"https:\/\/platform.twitter.com\/widgets.js\" charset=\"utf-8\"><\/script><\/p>\n","protected":false},"excerpt":{"rendered":"Michael Jordan aparc\u00f3 el baloncesto en 2003, cuando jugaba para los Washington Wizards. Pero de la leyenda de&hellip;\n","protected":false},"author":2,"featured_media":271402,"comment_status":"","ping_status":"","sticky":false,"template":"","format":"standard","meta":{"footnotes":""},"categories":[269],"tags":[1733,299,298,1724,17015,168,25,24,1444,2514,1725,23,167,8736],"class_list":{"0":"post-271452","1":"post","2":"type-post","3":"status-publish","4":"format-standard","5":"has-post-thumbnail","7":"category-baloncesto","8":"tag-amor","9":"tag-baloncesto","10":"tag-basketball","11":"tag-chicago-bulls","12":"tag-clausula","13":"tag-deportes","14":"tag-es","15":"tag-espana","16":"tag-juego","17":"tag-michael","18":"tag-nba","19":"tag-spain","20":"tag-sports","21":"tag-tenia"},"share_on_mastodon":{"url":"https:\/\/pubeurope.com\/@es\/115663499724736634","error":""},"_links":{"self":[{"href":"https:\/\/www.europesays.com\/es\/wp-json\/wp\/v2\/posts\/271452","targetHints":{"allow":["GET"]}}],"collection":[{"href":"https:\/\/www.europesays.com\/es\/wp-json\/wp\/v2\/posts"}],"about":[{"href":"https:\/\/www.europesays.com\/es\/wp-json\/wp\/v2\/types\/post"}],"author":[{"embeddable":true,"href":"https:\/\/www.europesays.com\/es\/wp-json\/wp\/v2\/users\/2"}],"replies":[{"embeddable":true,"href":"https:\/\/www.europesays.com\/es\/wp-json\/wp\/v2\/comments?post=271452"}],"version-history":[{"count":0,"href":"https:\/\/www.europesays.com\/es\/wp-json\/wp\/v2\/posts\/271452\/revisions"}],"wp:featuredmedia":[{"embeddable":true,"href":"https:\/\/www.europesays.com\/es\/wp-json\/wp\/v2\/media\/271402"}],"wp:attachment":[{"href":"https:\/\/www.europesays.com\/es\/wp-json\/wp\/v2\/media?parent=271452"}],"wp:term":[{"taxonomy":"category","embeddable":true,"href":"https:\/\/www.europesays.com\/es\/wp-json\/wp\/v2\/categories?post=271452"},{"taxonomy":"post_tag","embeddable":true,"href":"https:\/\/www.europesays.com\/es\/wp-json\/wp\/v2\/tags?post=271452"}],"curies":[{"name":"wp","href":"https:\/\/api.w.org\/{rel}","templated":true}]}}