{"id":271455,"date":"2025-12-04T21:49:13","date_gmt":"2025-12-04T21:49:13","guid":{"rendered":"https:\/\/www.europesays.com\/es\/271455\/"},"modified":"2025-12-04T21:49:13","modified_gmt":"2025-12-04T21:49:13","slug":"tension-en-y-ahora-sonsoles-marta-sanchez-se-enfrenta-a-sonsoles-onega-en-directo","status":"publish","type":"post","link":"https:\/\/www.europesays.com\/es\/271455\/","title":{"rendered":"Tensi\u00f3n en \u2018Y ahora Sonsoles\u2019: Marta S\u00e1nchez se enfrenta a Sonsoles \u00d3nega en directo"},"content":{"rendered":"<p class=\"\">Este <b>mi\u00e9rcoles 3 diciembre<\/b>, <b>\u2018Y ahora Sonsoles\u2019 <\/b>recibi\u00f3 la visita de la \u00fanica e inigualable <b>Marta S\u00e1nchez<\/b>. La cantante madrile\u00f1a se pas\u00f3 por el plat\u00f3 del programa emitido en Antena 3 para presentar <b>\u201840 a\u00f1os, 1985-2025\u2019<\/b>, un disco con el que la artista pretende <b>homenajear y rendir tributo<\/b> a las cuatro d\u00e9cadas que lleva ligada al mundo de la m\u00fasica y los escenarios.<\/p>\n<p class=\"\">Sin embargo, la visita de Marta S\u00e1nchez a uno de los programas insignia de Atresmedia <b>no estuvo ajena a la pol\u00e9mica<\/b>. Todo comenz\u00f3 cuando el equipo del formato, tirando de hemeroteca, <b>record\u00f3 el titular de una entrevista que la cantante concedi\u00f3 en \u2018El Mundo\u2019<\/b>, la cual fue realizada por uno de los colaboradores del formato (I\u00f1ako D\u00edaz-Guerra) y en la que hac\u00eda alusi\u00f3n a una <b>portada que protagoniz\u00f3 en la revista \u2018Intervi\u00fa\u2019 en el a\u00f1o 1991<\/b>: <b>\u201c\u00bfSabes por qu\u00e9 mi desnudo vendi\u00f3 un mill\u00f3n de revistas? Porque estaba muy buena\u201d<\/b>, se pod\u00eda leer.<\/p>\n<p class=\"\">Visiblemente molesta, Marta S\u00e1nchez no tuvo reparo alguno en criticar la elecci\u00f3n de dicho titular: <b>\u201cQuiero aclarar algo, yo no dije todo eso. Es un truco muy bueno para vender en la prensa, pero muy injusto para el protagonista\u201d<\/b>, comenz\u00f3 para, posteriormente, mostrar su disconformidad con el hecho de que, en cada entrevista que concede, casi siempre le preguntan por su portada en \u2018Intervi\u00fa\u2019, el himno de Espa\u00f1a o su concierto para las tropas espa\u00f1olas en el golfo p\u00e9rsico:<b> \u201cEs una y otra vez contra lo mismo\u201d<\/b>.<\/p>\n<p class=\"\">La artista confes\u00f3 que, debido a ello, a veces no puede evitar contestar con cierta desgana: <b>\u201cYa no sabes qu\u00e9 contestar. \u00bfQu\u00e9 digo? Es que ya me cans\u00f3\u201d<\/b>, a\u00f1adi\u00f3. Inmediatamente despu\u00e9s, y volviendo a hacer referencia a su portada en la revista, afirm\u00f3 que, tras producirse la entrevista, ambos quedaron en que el titular que finalmente se utiliz\u00f3 no ver\u00eda la luz: <b>\u201cMe dijo que no me preocupase que me iba a cuidar much\u00edsimo\u201d<\/b>, confes\u00f3 la int\u00e9rprete.<\/p>\n<p>\u201cPerd\u00f3n, no me hab\u00eda enterado\u201d<\/p>\n<p class=\"\"><b>\u201cMe dijeron que me iban a ense\u00f1ar las fotos para elegirlas, pero no sucedi\u00f3. Eso es otra cosa que sucede mucho en la prensa\u201d<\/b>, continu\u00f3 Marta S\u00e1nchez, tirando m\u00e1s le\u00f1a contra I\u00f1ako D\u00edaz-Guerra. Ante sus palabras, Sonsoles le comunic\u00f3 a la artista que I\u00f1ako formaba parte del equipo de \u2018Y ahora Sonsoles\u2019, algo que la cantante no le pareci\u00f3 importarle mucho: <b>\u201cMe da igual. No la hagas, no la temas. Lo siento\u201d<\/b>, contest\u00f3.<\/p>\n<p>Noticias relacionadas<a href=\"https:\/\/as.com\/tikitakas\/television\/susanna-griso-lanza-un-aviso-a-silvia-intxaurrondo-por-su-papel-en-rtve-veremos-el-camino-es-muy-largo-f202512-n\/\" class=\"s_m_w\" title=\"La presentadora de Antena 3 ha querido dejar un mensaje a la de TVE en referencia a su liderato en las audiencias.\" data-tb-link=\"\" rel=\"nofollow noopener\" target=\"_blank\"><img decoding=\"async\" src=\"https:\/\/www.europesays.com\/es\/wp-content\/uploads\/2025\/12\/1764884952_550_5UFLQ7JJANERXPL6EQXMSYXSTM.jpg\" alt=\"Susanna Griso lanza un aviso a Silvia Intxaurrondo por su papel en RTVE: \u201cVeremos, el camino es muy largo\u201d\" class=\"\" height=\"9\" width=\"16\"   loading=\"lazy\" data-tb-thumbnail=\"\"\/><\/a><a href=\"https:\/\/as.com\/tikitakas\/television\/cristina-pedroche-y-chicote-no-estaran-solos-en-las-campanadas-de-atresmedia-el-inesperado-nuevo-fichaje-f202512-n\/\" class=\"s_m_w\" title=\"El grupo audiovisual contar\u00e1 este a\u00f1o con un invitado especial durante la retransmisi\u00f3n de Nochevieja en la Puerta del Sol de Madrid.\" data-tb-link=\"\" rel=\"nofollow noopener\" target=\"_blank\"><img decoding=\"async\" src=\"https:\/\/www.europesays.com\/es\/wp-content\/uploads\/2025\/12\/1764884953_683_OA4NW2E6ANOPDPAVSFQ77XR3ZU.jpg\" alt=\"Cristina Pedroche y Chicote no estar\u00e1n solos en las Campanadas de Atresmedia: el inesperado nuevo fichaje\" class=\"\" height=\"9\" width=\"16\"   loading=\"lazy\" data-tb-thumbnail=\"\"\/><\/a><\/p>\n<p class=\"\">A continuaci\u00f3n, se emiti\u00f3 un nuevo v\u00eddeo sobre la portada de la madrile\u00f1a en la revista \u2018Intervi\u00fa\u2019, tras el cual, Sonsoles \u00d3nega mostr\u00f3 su sorpresa: <b>\u201cQu\u00e9 dolor, yo me he enterado hoy que fue un chantaje. Yo creo que no todo el mundo sabe que fue un chantaje\u201d<\/b>, expres\u00f3. <b>\u201cMadre m\u00eda, lo he contado 10.000 veces\u2026 Ya lo hab\u00e9is contado, preg\u00fantame otras cosas\u201d<\/b>, sali\u00f3 al paso Marta, obligando a la presentadora a disculparse: <b>\u201cPerd\u00f3n, no me hab\u00eda enterado\u201d<\/b>, admiti\u00f3, dando por concluido este breve desencuentro entre televisiva y cantante.<\/p>\n<p class=\"\"><b>\u00a1Tus opiniones importan!<\/b> Comenta en los art\u00edculos y suscr\u00edbete gratis a nuestra <a href=\"https:\/\/asfan.as.com\/newsletters\/\" target=\"_blank\" rel=\"nofollow noopener\" title=\"https:\/\/asfan.as.com\/newsletters\/\">newsletter<\/a> y a las alertas informativas en la <a href=\"https:\/\/as.com\/aplicacion-de-as-n\/\" target=\"_blank\" rel=\"nofollow noopener\" title=\"https:\/\/as.com\/aplicacion-de-as-n\/\">App<\/a> o el canal de <a href=\"https:\/\/www.whatsapp.com\/channel\/0029VaAasdA7j6g745nz9M10\" target=\"_blank\" rel=\"nofollow noopener\" title=\"https:\/\/www.whatsapp.com\/channel\/0029VaAasdA7j6g745nz9M10\">WhatsApp<\/a>. \u00bfBuscas licenciar contenido? Haz clic <a href=\"https:\/\/profesional.elpais.com\/landing-sindicacion?utm_medium=interno&amp;utm_source=crosslinking&amp;utm_campaign=sindicacion_as_pie_articulos\" target=\"_blank\" rel=\"nofollow noopener\" title=\"https:\/\/profesional.elpais.com\/landing-sindicacion?utm_medium=interno&amp;utm_source=crosslinking&amp;utm_campaign=sindicacion_as_pie_articulos\">aqu\u00ed<\/a><\/p>\n","protected":false},"excerpt":{"rendered":"Este mi\u00e9rcoles 3 diciembre, \u2018Y ahora Sonsoles\u2019 recibi\u00f3 la visita de la \u00fanica e inigualable Marta S\u00e1nchez. La&hellip;\n","protected":false},"author":2,"featured_media":271456,"comment_status":"","ping_status":"","sticky":false,"template":"","format":"standard","meta":{"footnotes":""},"categories":[174],"tags":[255,146,147,25,24,256,23],"class_list":{"0":"post-271455","1":"post","2":"type-post","3":"status-publish","4":"format-standard","5":"has-post-thumbnail","7":"category-famosos","8":"tag-celebrities","9":"tag-entertainment","10":"tag-entretenimiento","11":"tag-es","12":"tag-espana","13":"tag-famosos","14":"tag-spain"},"share_on_mastodon":{"url":"https:\/\/pubeurope.com\/@es\/115663508022683985","error":""},"_links":{"self":[{"href":"https:\/\/www.europesays.com\/es\/wp-json\/wp\/v2\/posts\/271455","targetHints":{"allow":["GET"]}}],"collection":[{"href":"https:\/\/www.europesays.com\/es\/wp-json\/wp\/v2\/posts"}],"about":[{"href":"https:\/\/www.europesays.com\/es\/wp-json\/wp\/v2\/types\/post"}],"author":[{"embeddable":true,"href":"https:\/\/www.europesays.com\/es\/wp-json\/wp\/v2\/users\/2"}],"replies":[{"embeddable":true,"href":"https:\/\/www.europesays.com\/es\/wp-json\/wp\/v2\/comments?post=271455"}],"version-history":[{"count":0,"href":"https:\/\/www.europesays.com\/es\/wp-json\/wp\/v2\/posts\/271455\/revisions"}],"wp:featuredmedia":[{"embeddable":true,"href":"https:\/\/www.europesays.com\/es\/wp-json\/wp\/v2\/media\/271456"}],"wp:attachment":[{"href":"https:\/\/www.europesays.com\/es\/wp-json\/wp\/v2\/media?parent=271455"}],"wp:term":[{"taxonomy":"category","embeddable":true,"href":"https:\/\/www.europesays.com\/es\/wp-json\/wp\/v2\/categories?post=271455"},{"taxonomy":"post_tag","embeddable":true,"href":"https:\/\/www.europesays.com\/es\/wp-json\/wp\/v2\/tags?post=271455"}],"curies":[{"name":"wp","href":"https:\/\/api.w.org\/{rel}","templated":true}]}}