{"id":271457,"date":"2025-12-04T21:50:22","date_gmt":"2025-12-04T21:50:22","guid":{"rendered":"https:\/\/www.europesays.com\/es\/271457\/"},"modified":"2025-12-04T21:50:22","modified_gmt":"2025-12-04T21:50:22","slug":"diecisiete-estatuas-de-oviedo-llevaran-informacion-inclusiva-en-su-codigo-qr","status":"publish","type":"post","link":"https:\/\/www.europesays.com\/es\/271457\/","title":{"rendered":"Diecisiete estatuas de Oviedo llevar\u00e1n informaci\u00f3n inclusiva en su c\u00f3digo QR"},"content":{"rendered":"<p>El D\u00eda Internacional de la Discapacidad se celebr\u00f3 este mi\u00e9rcoles en <a href=\"https:\/\/www.elcomercio.es\/oviedo\/\" target=\"_blank\" title=\"Oviedo\" data-voc-vtm-id=\"in-text-traffic\" data-mrf-link=\"www.elcomercio.es\" rel=\"nofollow noopener\">Oviedo<\/a> con un acto de conmemoraci\u00f3n con la instalaci\u00f3n de un c\u00f3digo QR  &#8230; en el que se explica la historia de la estatua de forma inclusiva. Alumnos del CEIP de Fozaneldi, Apada-Asturias y la Asociaci\u00f3n de Padres y Amigos de Personas con Discapacidad Auditiva accesible se colocaron junto a la escultura de la &#8216;Bella Lola&#8217;. Les acompa\u00f1\u00f3 el alcalde, Alfredo Canteli, y la concejala delegada de Pol\u00edticas Sociales, Mar\u00eda Velasco.<\/p>\n<p class=\"v-p\">El primer edil, ayudado por la peque\u00f1a Lola, una de las alumnas, fue el encargado de instalar el QR, que se colocar\u00e1 en otras 16 estatuas de la ciudad. Agradeci\u00f3 a los presentes la presencia: \u00abSois un ejemplo del Oviedo que queremos, el inclusivo, una ciudad para todos\u00bb.<\/p>\n<p class=\"v-p\">Velasco explic\u00f3 que \u00abhoy los ni\u00f1os del colegio de Fozaneldi han colocado un QR en esta estatua y a lo largo de estos d\u00edas se ir\u00e1n colocando 16 m\u00e1s con una informaci\u00f3n de lectura sencilla, f\u00e1cil y unos v\u00eddeos subtitulados tanto en lengua de signos como con palabras para explicar qu\u00e9 es la escultura en qu\u00e9 est\u00e1 hecha y cu\u00e1l es su descripci\u00f3n. Queremos que con esto sea una acci\u00f3n sencilla, cultural, de accesibilidad para todas las personas. Muchas gracias a Apada que han sido los creadores del contenido de los QR\u00bb.<\/p>\n<p class=\"v-p\">Dos de los alumnos, Rodrigo y Nicole, han sido los encargados de leer un comunicado explicando este gesto. \u00abEn este d\u00eda queremos dar las gracias por hacer visible un proyecto que naci\u00f3 del estudio de las estatuas de Oviedo y su relaci\u00f3n con la necesidad de dar a conocer la importancia de que todos somos diferentes\u00bb. Su compa\u00f1ero a\u00f1adi\u00f3 que \u00abcon la instalaci\u00f3n de un c\u00f3digo QR en la escultura creada por Carmen Fraile permitir\u00e1 que las personas que visiten nuestra ciudad tengan acceso a la informaci\u00f3n de las mismas de manera f\u00e1cil y sencilla\u00bb.<\/p>\n","protected":false},"excerpt":{"rendered":"El D\u00eda Internacional de la Discapacidad se celebr\u00f3 este mi\u00e9rcoles en Oviedo con un acto de conmemoraci\u00f3n con&hellip;\n","protected":false},"author":2,"featured_media":271458,"comment_status":"","ping_status":"","sticky":false,"template":"","format":"standard","meta":{"footnotes":""},"categories":[173],"tags":[229,233,231,230,14708,232,66637,234,146,147,25,24,2754,66638,1667,47624,1796,23],"class_list":{"0":"post-271457","1":"post","2":"type-post","3":"status-publish","4":"format-standard","5":"has-post-thumbnail","7":"category-arte-y-diseno","8":"tag-arte","9":"tag-arte-y-diseno","10":"tag-arts","11":"tag-arts-and-design","12":"tag-codigo","13":"tag-design","14":"tag-diecisiete","15":"tag-diseno","16":"tag-entertainment","17":"tag-entretenimiento","18":"tag-es","19":"tag-espana","20":"tag-estatuas","21":"tag-inclusiva","22":"tag-informacion","23":"tag-llevaran","24":"tag-oviedo","25":"tag-spain"},"share_on_mastodon":{"url":"https:\/\/pubeurope.com\/@es\/115663511406469817","error":""},"_links":{"self":[{"href":"https:\/\/www.europesays.com\/es\/wp-json\/wp\/v2\/posts\/271457","targetHints":{"allow":["GET"]}}],"collection":[{"href":"https:\/\/www.europesays.com\/es\/wp-json\/wp\/v2\/posts"}],"about":[{"href":"https:\/\/www.europesays.com\/es\/wp-json\/wp\/v2\/types\/post"}],"author":[{"embeddable":true,"href":"https:\/\/www.europesays.com\/es\/wp-json\/wp\/v2\/users\/2"}],"replies":[{"embeddable":true,"href":"https:\/\/www.europesays.com\/es\/wp-json\/wp\/v2\/comments?post=271457"}],"version-history":[{"count":0,"href":"https:\/\/www.europesays.com\/es\/wp-json\/wp\/v2\/posts\/271457\/revisions"}],"wp:featuredmedia":[{"embeddable":true,"href":"https:\/\/www.europesays.com\/es\/wp-json\/wp\/v2\/media\/271458"}],"wp:attachment":[{"href":"https:\/\/www.europesays.com\/es\/wp-json\/wp\/v2\/media?parent=271457"}],"wp:term":[{"taxonomy":"category","embeddable":true,"href":"https:\/\/www.europesays.com\/es\/wp-json\/wp\/v2\/categories?post=271457"},{"taxonomy":"post_tag","embeddable":true,"href":"https:\/\/www.europesays.com\/es\/wp-json\/wp\/v2\/tags?post=271457"}],"curies":[{"name":"wp","href":"https:\/\/api.w.org\/{rel}","templated":true}]}}