{"id":271459,"date":"2025-12-04T21:52:13","date_gmt":"2025-12-04T21:52:13","guid":{"rendered":"https:\/\/www.europesays.com\/es\/271459\/"},"modified":"2025-12-04T21:52:13","modified_gmt":"2025-12-04T21:52:13","slug":"juanra-bonet-deja-antena-3-y-vuelve-a-mediaset-para-presentar-el-nuevo-alla-tu-sin-jesus-vazquez","status":"publish","type":"post","link":"https:\/\/www.europesays.com\/es\/271459\/","title":{"rendered":"Juanra Bonet deja Antena 3 y vuelve a Mediaset para presentar el nuevo &#8216;All\u00e1 t\u00fa&#8217; sin Jes\u00fas V\u00e1zquez"},"content":{"rendered":"<p><img loading=\"lazy\" decoding=\"async\" src=\"https:\/\/www.europesays.com\/es\/wp-content\/uploads\/2025\/08\/david.jpg\" itemtype=\"\/\/schema.org\/ImageObject\" itemprop=\"url\" alt=\"David Saiz\" width=\"64\" height=\"64\" pinger-seen=\"true\"\/><\/p>\n<p><b>Juanra Bonet<\/b> vuelve a Telecinco para presentar la nueva edici\u00f3n de All\u00e1 t\u00fa, un formato por el que Mediaset sigue apostando, a pesar de que las \u00faltimas temporadas no consiguieron grandes datos de audiencia.<\/p>\n<p>El conductor deja Antena 3, donde ha trabajado los \u00faltimos a\u00f1os como responsable de algunos de sus concursos m\u00e1s conocidos. Estuvo al frente de Boom, \u00bfQui\u00e9n quiere ser millonario?, El c\u00edrculo de los famosos, Atrapa un mill\u00f3n, Traitors o Juego de pelotas. Tambi\u00e9n ha sido copresentador de La Voz Kids con <b>Eva Gonz\u00e1lez.<\/b><\/p>\n<p>En All\u00e1 t\u00fa sustituir\u00e1 a <b>Jes\u00fas V\u00e1zquez<\/b>, que era el presentador habitual de este formato que produce Gestmusic y que llegar\u00e1 \u00abpr\u00f3ximamente\u00bb a Telecinco. De esta manera, Bonet vuelve a Mediaset 12 a\u00f1os despu\u00e9s de su \u00faltimo trabajo.<\/p>\n<p>Juanra Bonet se hizo popular como presentador y reportero de Caiga Quien Caiga, y despu\u00e9s triunf\u00f3 al frente de Lo sabe, no lo sabe, un formato que ahora est\u00e1 en manos de <b>Xuso Jones<\/b>. En 2014, dej\u00f3 la cadena para fichar por Antena 3, donde present\u00f3 con gran \u00e9xito Boom.<\/p>\n<p>WhatsApp<a href=\"https:\/\/api.whatsapp.com\/send?text=https:\/\/www.eleconomista.es\/informalia\/television\/noticias\/13677570\/12\/25\/juanra-bonet-deja-antena-3-y-vuelve-a-mediaset-para-presentar-el-nuevo-alla-tu-sin-jesus-vazquez.html?utm_source%3Dwhatsapp%26utm_medium%3Dshare_button&amp;id=1648118629957_whatsapp\" target=\"_blank\" data-action=\"share\/whatsapp\/share\" aria-label=\"Compartir en Whatsapp\" rel=\"nofollow noopener\"><\/a>Facebook<a id=\"fb-share\" href=\"#\" target=\"_blank\" rel=\"noopener noreferrer\" aria-label=\"Compartir en Facebook\"><\/a>Twitter<a href=\"https:\/\/twitter.com\/share?text=Juanra+Bonet+deja+Antena+3+y+vuelve+a+Mediaset+para+presentar+el+nuevo+%27All%C3%A1+t%C3%BA%27+sin+Jes%C3%BAs+V%C3%A1zquez&amp;url=https:\/\/www.eleconomista.es\/informalia\/television\/noticias\/13677570\/12\/25\/juanra-bonet-deja-antena-3-y-vuelve-a-mediaset-para-presentar-el-nuevo-alla-tu-sin-jesus-vazquez.html&amp;via=Informalia&amp;id=1648118839245_twitter\" target=\"_blank\" aria-label=\"Compartir en Twitter\" rel=\"nofollow noopener\"><\/a>Linkedin<a onclick=\"return abrirLinkedin();\" href=\"https:\/\/www.linkedin.com\/shareArticle?text=Juanra+Bonet+deja+Antena+3+y+vuelve+a+Mediaset+para+presentar+el+nuevo+%27All%C3%A1+t%C3%BA%27+sin+Jes%C3%BAs+V%C3%A1zquez&amp;url=https:\/\/www.eleconomista.es\/informalia\/television\/noticias\/13677570\/12\/25\/juanra-bonet-deja-antena-3-y-vuelve-a-mediaset-para-presentar-el-nuevo-alla-tu-sin-jesus-vazquez.html&amp;mini=true\" target=\"_blank\" aria-label=\"Compartir en linkedin\" rel=\"nofollow noopener\"><\/a>Beloud<a href=\"https:\/\/beloud.com\/share?text=Juanra+Bonet+deja+Antena+3+y+vuelve+a+Mediaset+para+presentar+el+nuevo+%27All%C3%A1+t%C3%BA%27+sin+Jes%C3%BAs+V%C3%A1zquez&amp;url=https:\/\/www.eleconomista.es\/informalia\/television\/noticias\/13677570\/12\/25\/juanra-bonet-deja-antena-3-y-vuelve-a-mediaset-para-presentar-el-nuevo-alla-tu-sin-jesus-vazquez.html&amp;via=Informalia&amp;id=1648118839245_beloud\" target=\"_blank\" aria-label=\"Compartir en beloud\" rel=\"nofollow noopener\"><\/a>Bluesky<a href=\"https:\/\/bsky.app\/intent\/compose?text=https:\/\/bsky.app\/intent\/compose?text=https:\/\/www.eleconomista.es\/informalia\/television\/noticias\/13677570\/12\/25\/juanra-bonet-deja-antena-3-y-vuelve-a-mediaset-para-presentar-el-nuevo-alla-tu-sin-jesus-vazquez.html&amp;url=https:\/\/www.eleconomista.es\/informalia\/television\/noticias\/13677570\/12\/25\/juanra-bonet-deja-antena-3-y-vuelve-a-mediaset-para-presentar-el-nuevo-alla-tu-sin-jesus-vazquez.html&amp;via=elEconomistaes&amp;id=1648118839245_bluesky\" target=\"_blank\" aria-label=\"Compartir en bluesky\" rel=\"nofollow noopener\"><\/a><\/p>\n<p><script async src=\"https:\/\/platform.twitter.com\/widgets.js\" charset=\"utf-8\"><\/script><\/p>\n","protected":false},"excerpt":{"rendered":"Juanra Bonet vuelve a Telecinco para presentar la nueva edici\u00f3n de All\u00e1 t\u00fa, un formato por el que&hellip;\n","protected":false},"author":2,"featured_media":271460,"comment_status":"","ping_status":"","sticky":false,"template":"","format":"standard","meta":{"footnotes":""},"categories":[171],"tags":[146,147,25,24,23,807,214],"class_list":{"0":"post-271459","1":"post","2":"type-post","3":"status-publish","4":"format-standard","5":"has-post-thumbnail","7":"category-tv","8":"tag-entertainment","9":"tag-entretenimiento","10":"tag-es","11":"tag-espana","12":"tag-spain","13":"tag-television","14":"tag-tv"},"share_on_mastodon":{"url":"https:\/\/pubeurope.com\/@es\/115663519651335067","error":""},"_links":{"self":[{"href":"https:\/\/www.europesays.com\/es\/wp-json\/wp\/v2\/posts\/271459","targetHints":{"allow":["GET"]}}],"collection":[{"href":"https:\/\/www.europesays.com\/es\/wp-json\/wp\/v2\/posts"}],"about":[{"href":"https:\/\/www.europesays.com\/es\/wp-json\/wp\/v2\/types\/post"}],"author":[{"embeddable":true,"href":"https:\/\/www.europesays.com\/es\/wp-json\/wp\/v2\/users\/2"}],"replies":[{"embeddable":true,"href":"https:\/\/www.europesays.com\/es\/wp-json\/wp\/v2\/comments?post=271459"}],"version-history":[{"count":0,"href":"https:\/\/www.europesays.com\/es\/wp-json\/wp\/v2\/posts\/271459\/revisions"}],"wp:featuredmedia":[{"embeddable":true,"href":"https:\/\/www.europesays.com\/es\/wp-json\/wp\/v2\/media\/271460"}],"wp:attachment":[{"href":"https:\/\/www.europesays.com\/es\/wp-json\/wp\/v2\/media?parent=271459"}],"wp:term":[{"taxonomy":"category","embeddable":true,"href":"https:\/\/www.europesays.com\/es\/wp-json\/wp\/v2\/categories?post=271459"},{"taxonomy":"post_tag","embeddable":true,"href":"https:\/\/www.europesays.com\/es\/wp-json\/wp\/v2\/tags?post=271459"}],"curies":[{"name":"wp","href":"https:\/\/api.w.org\/{rel}","templated":true}]}}