{"id":271467,"date":"2025-12-04T21:56:08","date_gmt":"2025-12-04T21:56:08","guid":{"rendered":"https:\/\/www.europesays.com\/es\/271467\/"},"modified":"2025-12-04T21:56:08","modified_gmt":"2025-12-04T21:56:08","slug":"ilustre-colegio-oficial-de-medicos-de-madrid-3","status":"publish","type":"post","link":"https:\/\/www.europesays.com\/es\/271467\/","title":{"rendered":"Ilustre Colegio Oficial de M\u00e9dicos de Madrid"},"content":{"rendered":"<p><strong>INFORMACI\u00d3N SOBRE PROTECCI\u00d3N DE DATOS<\/strong><\/p>\n<p>Los datos personales que facilite ser\u00e1n tratados por el Ilustre Colegio Oficial de M\u00e9dicos de Madrid (ICOMEM), con el fin de gestionar su solicitud, dar cumplimiento a las leyes de colegios profesionales, as\u00ed como a los propios estatutos del ICOMEM, facilitando la gesti\u00f3n de las diferentes actividades llevadas a cabo por el ICOMEM.&#13;<br \/>\n&#13;\n<\/p>\n<p>Adem\u00e1s de la correspondencia que estatutariamente deba remitirse desde el Colegio a fin de mantenerle informado de las actividades y servicios comunes de inter\u00e9s para los colegiados, sus datos ser\u00e1n tratados, si lo desea, para recibir peri\u00f3dicamente comunicaciones informativas, por v\u00eda electr\u00f3nica o convencional, de car\u00e1cter profesional, formativo, cultural, asistencial, econ\u00f3mico, de previsi\u00f3n u an\u00e1logos, que a juicio del ICOMEM pudieran resultar de su inter\u00e9s, autorizando expresamente el tratamiento de sus datos para esta finalidad.&#13;<br \/>\n&#13;\n<\/p>\n<p>Asimismo, le informamos que sus datos profesionales (por ejemplo, n\u00famero de colegiado, fecha de incorporaci\u00f3n, situaci\u00f3n de ejercicio profesional, tel\u00e9fono fijo o m\u00f3vil, domicilio profesional, correo electr\u00f3nico, todos \u00e9stos de car\u00e1cter profesional, as\u00ed como, en su caso, horario de trabajo o consultas) ser\u00e1n incluidos en el censo de colegiados o gu\u00eda colegial que, en su caso, fuere editada en papel y\/o electr\u00f3nicamente a trav\u00e9s del sitio web <a href=\"http:\/\/www.icomem.es\/\" rel=\"nofollow noopener\" target=\"_blank\">www.icomem.es<\/a>.&#13;<br \/>\n&#13;\n<\/p>\n<p>La base jur\u00eddica para el tratamiento de los datos personales depender\u00e1 de los datos personales implicados y de la actividad de tratamiento en cuesti\u00f3n. As\u00ed, podemos tratar su informaci\u00f3n personal sobre la base de: i) el cumplimiento de una misi\u00f3n realizada en inter\u00e9s p\u00fablico o en el ejercicio de poderes p\u00fablicos conferidos al responsable del tratamiento (ordenaci\u00f3n profesional y control deontol\u00f3gico); ii) el consentimiento del colegiado; iii) satisfacci\u00f3n de intereses leg\u00edtimos perseguidos por el responsable del tratamiento; o iv) el cumplimiento de una obligaci\u00f3n legal (derivadas de la Ley 2\/1974 de Colegios Profesionales y Ley de Colegios Profesionales de la Comunidad de Madrid).&#13;<br \/>\n&#13;\n<\/p>\n<p>Sus datos se conservar\u00e1n mientras siga colegiado y, en todo caso, por el tiempo que estemos obligados a su conservaci\u00f3n en cumplimiento de una obligaci\u00f3n legal.&#13;<br \/>\n&#13;\n<\/p>\n<p>En cumplimiento de las leyes de colegios profesionales y los estatutos colegiales, sus datos personales podr\u00edan ser cedidos al Consejo General de Colegios Oficiales de M\u00e9dicos de Espa\u00f1a y resto de organizaciones colegiales de car\u00e1cter supraprovincial y, en su caso, a otras entidades p\u00fablicas o privadas para la prestaci\u00f3n de un servicio o la organizaci\u00f3n conjunta de actividades de inter\u00e9s para el colectivo m\u00e9dico; cumpliendo siempre para ello los requisitos establecidos por la legislaci\u00f3n vigente.&#13;<br \/>\n&#13;\n<\/p>\n<p>La gesti\u00f3n de la cuota colegial conlleva, necesariamente, la comunicaci\u00f3n de sus datos a la entidad bancaria o financiera con la que trabaja el ICOMEM para que proceda al cargo en cuenta de las cantidades adeudadas.<\/p>\n<p>Para ser incluido en los seguros de vida y asistencia en viajes que el ICOMEM tiene contratados cubriendo a todos sus colegiados y beneficiarios, sus datos personales y de los beneficiarios que nos comunique ser\u00e1n tratados por el ICOMEM y son comunicados a las compa\u00f1\u00edas aseguradoras con las que, en cada momento, se contraten las referidas p\u00f3lizas. Actualmente, se tienen contratadas con las siguientes:&#13;<br \/>\n&#13;\n<\/p>\n<ul>&#13;<\/p>\n<li><strong>Para el contrato de seguro de vida<\/strong>:&#13;<br \/>\n    GENERALI ESPA\u00d1A S.A. DE SEGUROS Y REASEGUROS , con CIF n\u00ba A28007268 y domicilio social en la C\/ Orense, 2 28020&#13;<br \/>\n    Madrid. P\u00f3liza n\u00ba G-W9-427000184.<\/li>\n<p>&#13;\n<\/ul>\n<p>\nEste seguro se comercializa bajo la mediaci\u00f3n y direcci\u00f3n de este seguro se comercializa bajo la mediaci\u00f3n de Uniteco Profesional, con CIF n\u00ba B-79325395 y docimicilio en la C\/ Pez volador 22 28007 Madrid, email:<br \/>\n<a class=\"moz-txt-link-abbreviated\" href=\"https:\/\/www.icomem.es\/mailto:atencion.cliente@uniteco.es\" rel=\"nofollow noopener\" target=\"_blank\">atencion.cliente@uniteco.es<\/a>.<\/p>\n<ul>&#13;<\/p>\n<li><strong>Para el contrato de seguro de asistencia en viaje<\/strong>: Este seguro se comercializa bajo la mediaci\u00f3n y direcci\u00f3n de Intermundial XXI, S.L. Corredur\u00eda de Seguros (R.M. de Madrid, HM 180.298, S 8\u00aa, L0, F149, T11.482. C.I.F.- B-81577231. Autorizada R.D.G.S. y F.P n\u00ba J-1541. R.C. y cauci\u00f3n seg\u00fan L26\/06 MSRP). La compa\u00f1\u00eda aseguradora, que act\u00faa en Espa\u00f1a a trav\u00e9s de la agencia de suscripci\u00f3n MANA UW, es White Horse Insurance Ireland dac Part of Thomas Cook Group plc, company registered in Ireland No 306045. White Horse Insurance Ireland dac is regulated by the Central Bank of Ireland.<\/li>\n<p>&#13;\n<\/ul>\n<p>\nAsimismo, sus datos pueden ser cedidos a los proveedores de servicios a los que el ICOMEM recurra para, tales como servicios de corredur\u00eda, siempre cumpliendo para ello los requisitos establecidos por la legislaci\u00f3n vigente.<\/p>\n<p>El tratamiento responde a la libre y leg\u00edtima aceptaci\u00f3n de una relaci\u00f3n jur\u00eddica (colegiaci\u00f3n) cuyo desarrollo, cumplimiento y control implica necesariamente la conexi\u00f3n de dicho tratamiento con ficheros de terceros, en la medida que est\u00e1n directamente implicados en la gesti\u00f3n de los seguros colectivos.&#13;<br \/>\n&#13;\n<\/p>\n<p><strong>Informaci\u00f3n Paquete ICOMEM-MEDICINA PRIVADA<\/strong>&#13;\n<\/p>\n<p>Adem\u00e1s, le informamos que el ICOMEM ha negociado a favor de los nuevos m\u00e9dicos colegiados en Madrid que vayan a desarrollar su ejercicio libre y tengan, de  acuerdo con la normativa vigente, derecho a optar entre el RETA y MUTUAL M\u00c9DICA, los siguientes productos:&#13;<br \/>\n&#13;\n<\/p>\n<ul>&#13;<\/p>\n<li>Un producto gratuito durante el primer a\u00f1o con la Mutua &#8216;Mutual M\u00e9dica&#8217; que incluye un seguro de ILT, uno de asistencia en viajes, y alg\u00fan servicio al colegiado de ayuda inform\u00e1tica.<\/li>\n<p>&#13;\n<\/ul>\n<p>\nLos datos de contacto de <strong>Mutual M\u00e9dica, Mutualidad de Previsi\u00f3n Social a Prima Fija<\/strong> son los siguientes: CIF : V08475766<br \/> Domicilio Postal: Via Laietana, 31. C.P. 08003 de Barcelona<br \/> Tel\u00e9fonos: 933197800<br \/> Mail: <a href=\"https:\/\/www.icomem.es\/mailto:infomutual@mutualmedica.com\" rel=\"nofollow noopener\" target=\"_blank\">infomutual@mutualmedica.com<\/a> &#8211; DPO: <a href=\"https:\/\/www.icomem.es\/mailto:lopd@mutualmedica.com\" rel=\"nofollow noopener\" target=\"_blank\">lopd@mutualmedica.com<\/a><\/p>\n<ul>&#13;<\/p>\n<li>Un seguro de R.C. a precio fijo durante todo el periodo MIR de la Mutua PSN.<\/li>\n<p>&#13;\n<\/ul>\n<p>Los datos de contacto de <strong>Previsi\u00f3n Sanitaria Nacional, PSN, Mutua de Seguros y Reaseguros a Prima Fija (en adelante, PSN) <\/strong> son los siguientes: CIF: A-78920105<br \/> Domicilio C\/ G\u00e9nova, n\u00ba 26, 28004 de Madrid<br \/>\n<br \/>\nTel\u00e9fono: 902.100.062 y 91.061.67.90.<br \/> Mail: <a href=\"https:\/\/www.icomem.es\/mailto:informacion@grupopsn.es\" rel=\"nofollow noopener\" target=\"_blank\">informacion@grupopsn.es<\/a> &#8211; D.P.D: <a href=\"https:\/\/www.icomem.es\/mailto:protecciondedatos@grupopsn.es\" rel=\"nofollow noopener\" target=\"_blank\">protecciondedatos@grupopsn.es<\/a><\/p>\n<p><strong>Si est\u00e1 interesado en cualquiera de estos dos productos, por favor, marque la correspondiente casilla que se facilitan<\/strong>, lo que supone que autoriza al ICOMEM para que pueda tratar sus datos con la finalidad de gestionar las p\u00f3lizas correspondientes.&#13;<br \/>\n&#13;\n<\/p>\n<p><strong>CONDICIONES DE USO DEL SERVICIO A TRAV\u00c9S DE WHATSAPP<\/strong><\/p>\n<p>Mediante la aceptaci\u00f3n de estas Condiciones de Uso, el Colegiado\/interesado (en adelante, usuario) acepta la plataforma \u201cWhatsApp\u201d, servicio prestado por WhatsApp Ireland Limited, como canal de comunicaci\u00f3n colegial.<br \/>Este canal permite la comunicaci\u00f3n entre el ICOMEM y el usuario, igual que otros medios que pone el ICOMEM a disposici\u00f3n de cualquier Colegiado\/interesado.&#13;\n<\/p>\n<p>Para su uso, es necesario disponer de acceso a Internet m\u00f3vil y tener una cuenta WhatsApp, para lo que habr\u00e1 aceptado previamente las Condiciones de uso y la Pol\u00edtica de Privacidad vigente en cada momento de esta plataforma.&#13;\n<\/p>\n<p>El usuario solicitar\u00e1 a ICOMEM ser atendido por este canal, aceptando en primer lugar las presentes Condiciones de Uso. Una vez aceptadas, el usuario podr\u00e1 usarlo como v\u00eda de contacto con el ICOMEM.&#13;\n<\/p>\n<p>Se informa al usuario, que las b\u00fasquedas realizadas a trav\u00e9s del sistema Whatsapp de comunicaci\u00f3n colegial, emplear\u00e1n terceros buscadores o motores de b\u00fasqueda externos, sin que ello signifique ceder, comunicar o compartir ning\u00fan dato de car\u00e1cter personal de los usuarios con tales buscadores.&#13;\n<\/p>\n<p>Se informa al usuario que en caso de que lo considere oportuno podr\u00e1 bloquear sus comunicaciones por esta v\u00eda con el ICOMEM, empleando para ello las funcionalidades que le permita WhatsApp. Tambi\u00e9n podr\u00e1 solicitar a ICOMEM el dejar de ser contactado por esta v\u00eda.&#13;\n<\/p>\n<p>Sin perjuicio de las condiciones establecidas por Whatsapp, ICOMEM informa que los datos de cualquier usuario ser\u00e1n tratados conforme a lo establecido en la Pol\u00edtica de Privacidad de ICOMEM, cuya informaci\u00f3n b\u00e1sica se recoge en la presente cl\u00e1usula.&#13;\n<\/p>\n<p>El ICOMEM es responsable del tratamiento de los datos personales del usuario.&#13;\n<\/p>\n<p>En ICOMEM se tratar\u00e1n los datos del usuario para las finalidades y servicios que corresponden a este Colegio profesional, as\u00ed como para otras finalidades que expresamente se puedan autorizar por el mismo.&#13;\n<\/p>\n<p>Los datos personales necesarios para la finalidad expuesta obran incluidos en ficheros informatizados de datos de car\u00e1cter personal titularidad de ICOMEM.&#13;\n<\/p>\n<p>Adicionalmente a los tratamientos recogidos en la Pol\u00edtica de Privacidad, al aceptar los presentes t\u00e9rminos y condiciones de uso del Servicio, el usuario es informado y autoriza a ICOMEM al tratamiento espec\u00edfico de los datos de las conversaciones y gestiones realizadas a trav\u00e9s de este medio de atenci\u00f3n, cuyo  tratamiento es necesario para la prestaci\u00f3n del Servicio.&#13;\n<\/p>\n<p>El usuario que se relacione con el ICOMEM a trav\u00e9s de esta aplicaci\u00f3n de mensajer\u00eda instant\u00e1nea debe hacerlo para los fines legales y colegiales autorizados y  aceptables. El ICOMEM no se responsabiliza de los contenidos ilegales, obscenos, falsos, difamatorios, amenazantes, intimidatorios o acosadores, que inciten al odio, ofensivos, o que promuevan o fomenten conductas ilegales y\/o inadecuadas. En definitiva, el ICOMEM no se hace responsable de los contenidos que se remitan al ICOMEM por esta v\u00eda ni del uso que cada usuario haga de este modo de comunicaci\u00f3n que se pone a disposici\u00f3n de los usuarios. La infracci\u00f3n de estas condiciones de uso dar\u00e1 lugar a que la comunicaci\u00f3n por este medio quede suspendida o inhabilitada a instancia del ICOMEM, sin perjuicio de las acciones legales o disciplinarias correspondientes. El ICOMEM solo recoger\u00e1 y tratar\u00e1 estos datos mientras sean necesarios para el objeto de la comunicaci\u00f3n, conserv\u00e1ndolos durante el tiempo  legalmente previsto para ello, especialmente teniendo en cuenta los plazos que, para la derivaci\u00f3n de responsabilidades, las obligaciones legales exijan.&#13;\n<\/p>\n<p>El ICOMEM no se responsabiliza del uso al que cada usuario destine los materiales puestos a disposici\u00f3n por esta v\u00eda ni de las actuaciones que realice en base a los mismos. Esto incluye cualquier actuaci\u00f3n que pueda suponer una violaci\u00f3n de cualquier tipo de norma, nacional o internacional, de los derechos de propiedad intelectual o industrial o de cualesquiera otros derechos de terceros. El ICOMEM no podr\u00e1 ser considerado responsable de cualesquiera da\u00f1os derivados de la utilizaci\u00f3n del presente medio de comunicaci\u00f3n, ni por cualquier actuaci\u00f3n realizada utilizando el contenido de la informaci\u00f3n que pueda suministrarse a trav\u00e9s del mismo, salvo que concurra dolo o negligencia grave en sus acciones u omisiones.&#13;\n<\/p>\n<p>El ICOMEM tendr\u00e1 derecho, sin que exista indemnizaci\u00f3n alguna al Usuario, a suspender temporalmente los servicios y contenidos de este medio de comunicaci\u00f3n para efectuar operaciones de mantenimiento, mejora o reparaci\u00f3n del mismo. As\u00ed mismo, se adoptan medidas de seguridad razonablemente adecuadas, teniendo en cuenta el estado de la t\u00e9cnica en cada momento, para detectar la existencia de virus. Sin embargo, el Usuario debe tener en cuenta que las medidas de seguridad de cualquier aplicaci\u00f3n de mensajer\u00eda no son totalmente fiables y que, por tanto, no puede garantizar la inexistencia de virus u otros elementos que puedan producir alteraciones en el tel\u00e9fono m\u00f3vil o los sistemas del Usuario (software y hardware) o en sus documentos y ficheros electr\u00f3nicos contenidos en los mismos. Derivado de lo anteriormente indicado, el ICOMEM no responde por los da\u00f1os y perjuicios que tales elementos pudieran ocasionar al Usuario o a terceros.&#13;\n<\/p>\n<p>El ICOMEM podr\u00e1 modificar estas condiciones con motivo de variaciones de las caracter\u00edsticas t\u00e9cnicas del sistema, debido a cambios tecnol\u00f3gicos que afecten al mismo, y por variaciones de las condiciones existentes decididas por su Junta Directiva, comunic\u00e1ndoselo previamente al usuario siempre que ello suponga nuevos  tratamientos de datos y\/o un cambio significativo de estas condiciones. Por ello, se recomienda la consulta peri\u00f3dica de estas condiciones. Si se contin\u00faa con la utilizaci\u00f3n de esta aplicaci\u00f3n de mensajer\u00eda instant\u00e1nea, una vez comunicado el cambio, se entender\u00e1 que se est\u00e1 de acuerdo con el mismo.&#13;\n<\/p>\n<p>Por otro lado, para cualquiera de las finalidades previstas en la Pol\u00edtica de Privacidad, ICOMEM podr\u00e1 encargar su tratamiento a proveedores de confianza. La relaci\u00f3n actualizada de las categor\u00edas de dichos proveedores, as\u00ed como de aquellos que realizan transferencias internacionales de datos en el ejercicio de sus funciones, obra en la web del ICOMEM. Asimismo, ICOMEM garantiza la adopci\u00f3n de las medidas necesarias para asegurar el tratamiento confidencial de dichos datos y le informa de la posibilidad de ejercitar, conforme a dicha normativa, los derechos de acceso, rectificaci\u00f3n, supresi\u00f3n, limitaci\u00f3n, oposici\u00f3n y portabilidad, dirigiendo un escrito a la direcci\u00f3n de correo electr\u00f3nico <a href=\"https:\/\/www.icomem.es\/mailto:icomem@icomem.es\" rel=\"nofollow noopener\" target=\"_blank\">protecciondatos@icomem.es<\/a>.&#13;<br \/>\n&#13;\n<\/p>\n<p><strong>EJERCICIO DE DERECHOS<\/strong><\/p>\n<p>Como titular de los datos personales, puede ejercitar los siguientes derechos:&#13;\n<\/p>\n<ul>&#13;<\/p>\n<li><strong>Derecho a retirar el consentimiento prestado <\/strong> para el tratamiento de sus datos personales con fines informativos en cualquier momento<\/li>\n<p>&#13;<\/p>\n<li><strong>Derecho de acceso <\/strong> a la informaci\u00f3n que se trata sobre su persona<\/li>\n<p>&#13;<\/p>\n<li><strong>Derecho de rectificaci\u00f3n<\/strong> de sus datos, en caso de que resultaran inexactos o incompletos<\/li>\n<p>&#13;<\/p>\n<li><strong>Derecho de supresi\u00f3n<\/strong>, cuando, entre otros motivos, sus datos ya no sean necesarios para los fines que fueron recogidos<\/li>\n<p>&#13;<\/p>\n<li><strong>Derecho de oposici\u00f3n al tratamiento<\/strong> de sus datos con fines informativos<\/li>\n<p>&#13;<\/p>\n<li><strong>Derecho de limitaci\u00f3n del tratamiento<\/strong> cuando, entre otras condiciones, se solicite la rectificaci\u00f3n u oposici\u00f3n al tratamiento<\/li>\n<p>&#13;<\/p>\n<li><strong>Derecho a la portabilidad de los datos<\/strong> que haya facilitado en un formato estructurado, de uso com\u00fan y lectura mec\u00e1nica;<\/li>\n<p>&#13;\n<\/ul>\n<p>\nPara ello, puede remitir solicitud por escrito, en la que debe hacer constar el derecho que quiere ejercitar, su nombre y apellidos, direcci\u00f3n a efectos de notificaciones, junto con una copia de su DNI u otro documento v\u00e1lido que acredite su identidad, dirigida al Delegado de Protecci\u00f3n de Datos del Ilustre Colegio Oficial de M\u00e9dicos de Madrid, en la direcci\u00f3n postal C\/ Santa Isabel, 51, CP 28012 de Madrid, o en la direcci\u00f3n de correo electr\u00f3nico <a href=\"https:\/\/www.icomem.es\/mailto:protecciondatos@icomem.es\" rel=\"nofollow noopener\" target=\"_blank\">protecciondatos@icomem.es<\/a><\/p>\n<p>Asimismo, le asiste el derecho a presentar una reclamaci\u00f3n ante la Agencia Espa\u00f1ola de Protecci\u00f3n de Datos (<a href=\"http:\/\/www.agpd.es\/\" rel=\"nofollow noopener\" target=\"_blank\">www.agpd.es<\/a>) si considera que el tratamiento no se ajusta a la normativa vigente o no ha obtenido satisfacci\u00f3n en el ejercicio de sus derechos.<\/p>\n","protected":false},"excerpt":{"rendered":"INFORMACI\u00d3N SOBRE PROTECCI\u00d3N DE DATOS Los datos personales que facilite ser\u00e1n tratados por el Ilustre Colegio Oficial de&hellip;\n","protected":false},"author":2,"featured_media":271468,"comment_status":"","ping_status":"","sticky":false,"template":"","format":"standard","meta":{"footnotes":""},"categories":[92],"tags":[25,24,165,166,23],"class_list":{"0":"post-271467","1":"post","2":"type-post","3":"status-publish","4":"format-standard","5":"has-post-thumbnail","7":"category-salud","8":"tag-es","9":"tag-espana","10":"tag-health","11":"tag-salud","12":"tag-spain"},"share_on_mastodon":{"url":"https:\/\/pubeurope.com\/@es\/115663535123851839","error":""},"_links":{"self":[{"href":"https:\/\/www.europesays.com\/es\/wp-json\/wp\/v2\/posts\/271467","targetHints":{"allow":["GET"]}}],"collection":[{"href":"https:\/\/www.europesays.com\/es\/wp-json\/wp\/v2\/posts"}],"about":[{"href":"https:\/\/www.europesays.com\/es\/wp-json\/wp\/v2\/types\/post"}],"author":[{"embeddable":true,"href":"https:\/\/www.europesays.com\/es\/wp-json\/wp\/v2\/users\/2"}],"replies":[{"embeddable":true,"href":"https:\/\/www.europesays.com\/es\/wp-json\/wp\/v2\/comments?post=271467"}],"version-history":[{"count":0,"href":"https:\/\/www.europesays.com\/es\/wp-json\/wp\/v2\/posts\/271467\/revisions"}],"wp:featuredmedia":[{"embeddable":true,"href":"https:\/\/www.europesays.com\/es\/wp-json\/wp\/v2\/media\/271468"}],"wp:attachment":[{"href":"https:\/\/www.europesays.com\/es\/wp-json\/wp\/v2\/media?parent=271467"}],"wp:term":[{"taxonomy":"category","embeddable":true,"href":"https:\/\/www.europesays.com\/es\/wp-json\/wp\/v2\/categories?post=271467"},{"taxonomy":"post_tag","embeddable":true,"href":"https:\/\/www.europesays.com\/es\/wp-json\/wp\/v2\/tags?post=271467"}],"curies":[{"name":"wp","href":"https:\/\/api.w.org\/{rel}","templated":true}]}}