{"id":271469,"date":"2025-12-04T21:57:09","date_gmt":"2025-12-04T21:57:09","guid":{"rendered":"https:\/\/www.europesays.com\/es\/271469\/"},"modified":"2025-12-04T21:57:09","modified_gmt":"2025-12-04T21:57:09","slug":"kike-quintana-insiste-en-que-hay-una-tercera-persona-en-la-relacion-de-alvaro-morata-y-alice-campello","status":"publish","type":"post","link":"https:\/\/www.europesays.com\/es\/271469\/","title":{"rendered":"Kike Quintana insiste en que \u00abhay una tercera persona\u00bb en la relaci\u00f3n de \u00c1lvaro Morata y Alice Campello"},"content":{"rendered":"<p class=\"c-paragraph\">Kike Quitana ha reiterado en\u00a0El tiempo justo <b>la existencia de \u00abuna tercera persona\u00bb en el matrimonio de <a href=\"https:\/\/www.20minutos.es\/tags\/deportes\/alvaro-morata.html\" title=\"\u00c1lvaro Morata\" rel=\"nofollow noopener\" target=\"_blank\">\u00c1lvaro Morata<\/a> y <a href=\"https:\/\/www.20minutos.es\/tags\/personas\/alice-campello.html\" title=\"Alice Campello\" rel=\"nofollow noopener\" target=\"_blank\">Alice Campello<\/a><\/b>. Pese a que diversos comunicadores han negado tal extremo, el colaborador ha insistido en sostener <a href=\"https:\/\/www.20minutos.es\/gente\/nuevos-detalles-sobre-crisis-morata-alice-campello-hay-una-tercera-persona-por-parte-alvaro_6905689_0.html\" title=\"Nuevos detalles sobre la crisis de Morata y Alice Campello: &quot;Hay una tercera persona por parte de \u00c1lvaro&quot;\" rel=\"nofollow noopener\" target=\"_blank\">la misma versi\u00f3n<\/a>, reforz\u00e1ndola con supuestas confirmaciones recibidas a trav\u00e9s de sus contactos.<\/p>\n<p class=\"c-paragraph\">\u00abMe ratifican que hay una tercera persona que <b>pertenece al c\u00edrculo profesional<\/b> de \u00c1lvaro Morata\u00bb, ha asegurado el tertuliano mientras le\u00eda la informaci\u00f3n en su tel\u00e9fono m\u00f3vil.<\/p>\n<p class=\"c-paragraph\">Aun as\u00ed, el comentarista ha vuelto a puntualizar que no se habr\u00eda producido ninguna \u00abinfidelidad\u00bb. \u00abLo que ha ocurrido es que \u00c1lvaro <b>ha encontrado en esa mujer un refuerzo emocional<\/b> en mitad del caos de su aventura profesional. Eso a Alice la ha desencajado\u00bb, ha se\u00f1alado.<\/p>\n<p class=\"c-paragraph\">Tambi\u00e9n ha afirmado que esta presencia <b>habr\u00eda generado incomodidad en la vida de la pareja<\/b>: \u00abEsta amistad especial no la entiende ni el papel que ha tomado esta mujer en la nueva vida de \u00c1lvaro. Ah\u00ed es donde comienza la crisis\u00bb.<\/p>\n<p class=\"c-paragraph\">El sobrino de <a href=\"https:\/\/www.20minutos.es\/tags\/personas\/ana-rosa-quintana.html\" title=\"Ana Rosa Quintana\" rel=\"nofollow noopener\" target=\"_blank\">Ana Rosa<\/a>\u00a0ha a\u00f1adido que, pese a que Morata y Campello estar\u00edan intentando preservar su v\u00ednculo por sus cuatro hijos, sus fuentes le habr\u00edan dicho que \u00abesa relaci\u00f3n se va a terminar\u00bb. Incluso ha adelantado que \u00abprobablemente\u00bb <b>la modelo confirme la ruptura en una entrevista<\/b> en enero de 2026.<\/p>\n","protected":false},"excerpt":{"rendered":"Kike Quitana ha reiterado en\u00a0El tiempo justo la existencia de \u00abuna tercera persona\u00bb en el matrimonio de \u00c1lvaro&hellip;\n","protected":false},"author":2,"featured_media":271470,"comment_status":"","ping_status":"","sticky":false,"template":"","format":"standard","meta":{"footnotes":""},"categories":[91],"tags":[146,147,25,24,1634,715,34654,2074,27011,23],"class_list":{"0":"post-271469","1":"post","2":"type-post","3":"status-publish","4":"format-standard","5":"has-post-thumbnail","7":"category-entretenimiento","8":"tag-entertainment","9":"tag-entretenimiento","10":"tag-es","11":"tag-espana","12":"tag-hay","13":"tag-insiste","14":"tag-kike","15":"tag-que","16":"tag-quintana","17":"tag-spain"},"share_on_mastodon":{"url":"https:\/\/pubeurope.com\/@es\/115663538932504223","error":""},"_links":{"self":[{"href":"https:\/\/www.europesays.com\/es\/wp-json\/wp\/v2\/posts\/271469","targetHints":{"allow":["GET"]}}],"collection":[{"href":"https:\/\/www.europesays.com\/es\/wp-json\/wp\/v2\/posts"}],"about":[{"href":"https:\/\/www.europesays.com\/es\/wp-json\/wp\/v2\/types\/post"}],"author":[{"embeddable":true,"href":"https:\/\/www.europesays.com\/es\/wp-json\/wp\/v2\/users\/2"}],"replies":[{"embeddable":true,"href":"https:\/\/www.europesays.com\/es\/wp-json\/wp\/v2\/comments?post=271469"}],"version-history":[{"count":0,"href":"https:\/\/www.europesays.com\/es\/wp-json\/wp\/v2\/posts\/271469\/revisions"}],"wp:featuredmedia":[{"embeddable":true,"href":"https:\/\/www.europesays.com\/es\/wp-json\/wp\/v2\/media\/271470"}],"wp:attachment":[{"href":"https:\/\/www.europesays.com\/es\/wp-json\/wp\/v2\/media?parent=271469"}],"wp:term":[{"taxonomy":"category","embeddable":true,"href":"https:\/\/www.europesays.com\/es\/wp-json\/wp\/v2\/categories?post=271469"},{"taxonomy":"post_tag","embeddable":true,"href":"https:\/\/www.europesays.com\/es\/wp-json\/wp\/v2\/tags?post=271469"}],"curies":[{"name":"wp","href":"https:\/\/api.w.org\/{rel}","templated":true}]}}