{"id":271472,"date":"2025-12-04T22:00:10","date_gmt":"2025-12-04T22:00:10","guid":{"rendered":"https:\/\/www.europesays.com\/es\/271472\/"},"modified":"2025-12-04T22:00:10","modified_gmt":"2025-12-04T22:00:10","slug":"muere-en-directo-el-comunicador-mario-urena-durante-un-programa-de-television-en-republica-dominicana","status":"publish","type":"post","link":"https:\/\/www.europesays.com\/es\/271472\/","title":{"rendered":"Muere en directo el comunicador Mario Ure\u00f1a durante un programa de televisi\u00f3n en Rep\u00fablica Dominicana"},"content":{"rendered":"<p><strong>Mario Ure\u00f1a<\/strong>, comunicador, promotor tur\u00edstico y figura conocida del transporte urbano en Rep\u00fablica Dominicana, ha fallecido este mi\u00e9rcoles mientras participaba en el programa Caf\u00e9 de Diario 55, emitido por Super TV 55 desde Santiago de los Caballeros (Rep\u00fablica Dominicana).<\/p>\n<p>    Relacionado<\/p>\n<p>Ure\u00f1a se encontraba sentado junto a otros invitados, a la espera de intervenir en un bloque dedicado a temas locales, cuando <strong>ha sufrido un espasmo repentino<\/strong> y se ha desplomado en el sof\u00e1 del plat\u00f3. El presentador ha pedido cortar la emisi\u00f3n y pasar a publicidad. En la grabaci\u00f3n se escucha su orden al equipo t\u00e9cnico: <strong>\u00abLl\u00e9vatelo\u00bb<\/strong>.<\/p>\n<blockquote class=\"twitter-tweet\"><p>&#13;<\/p>\n<p dir=\"ltr\" lang=\"es\">\ud83d\udcfa || El comunicador y promotor tur\u00edstico Mario Ure\u00f1a falleci\u00f3 este 3 de diciembre durante una transmisi\u00f3n en vivo en la televisi\u00f3n dominicana, tras presentar un paro card\u00edaco.<br \/>&#13;<br \/>\n\ud83d\udd4a\ufe0f La noticia gener\u00f3 gran impacto en medios y audiencia. <a href=\"https:\/\/t.co\/Wo4pff1ewB\" target=\"_blank\" rel=\"nofollow\">pic.twitter.com\/Wo4pff1ewB<\/a><\/p>\n<p>&#13;<br \/>\n\u2014 Cinco Radio Oficial (@laredcincoradio) <a href=\"https:\/\/twitter.com\/laredcincoradio\/status\/1996467002115043752?ref_src=twsrc%5Etfw\" target=\"_blank\" rel=\"nofollow noopener\">December 4, 2025<\/a><\/p><\/blockquote>\n<p><strong>Colapso en directo<\/strong><\/p>\n<p>El personal del estudio ha intentado asistirle antes de la llegada de los servicios de emergencia, pero no ha sido posible reanimarlo. Seg\u00fan medios locales, todo apunta a <strong>un paro cardiaco<\/strong>, aunque la causa exacta se determinar\u00e1 tras la autopsia. Las im\u00e1genes del colapso se han difundido r\u00e1pidamente en redes sociales, donde numerosos usuarios han mostrado su sorpresa y consternaci\u00f3n por lo ocurrido.<\/p>\n<p><strong>Impacto en el transporte de Santiago<\/strong><\/p>\n<p>La muerte de Ure\u00f1a ha tenido un fuerte impacto en Santiago, donde era una figura relevante en asuntos comunitarios y participaba en la mediaci\u00f3n de conflictos en el transporte urbano. Dirigentes del sector se\u00f1alan que su ausencia podr\u00eda complicar las negociaciones internas en un momento ya marcado por la tensi\u00f3n entre diferentes organizaciones. Desde la Ruta SO, que presid\u00eda, sus compa\u00f1eros han expresado su pesar: \u00abMario siempre fue un hombre de lucha (&#8230;) comprometido con su gente y con la mejora del servicio de transporte. Su partida deja un vac\u00edo inmenso en nuestro sector\u00bb. A la espera del resultado de la autopsia, la familia y su entorno preparan los detalles del entierro.<\/p>\n<p>            <script async src=\"https:\/\/platform.twitter.com\/widgets.js\" charset=\"utf-8\"><\/script><\/p>\n","protected":false},"excerpt":{"rendered":"Mario Ure\u00f1a, comunicador, promotor tur\u00edstico y figura conocida del transporte urbano en Rep\u00fablica Dominicana, ha fallecido este mi\u00e9rcoles&hellip;\n","protected":false},"author":2,"featured_media":271473,"comment_status":"","ping_status":"","sticky":false,"template":"","format":"standard","meta":{"footnotes":""},"categories":[42],"tags":[17,18,66642,13,14,11,61,62,63,64,19,20,66639,9,10,15,16,66640,15508,19665,66643,257,12,66641,21,22,65,66,67],"class_list":{"0":"post-271472","1":"post","2":"type-post","3":"status-publish","4":"format-standard","5":"has-post-thumbnail","7":"category-internacional","8":"tag-breaking-news","9":"tag-breakingnews","10":"tag-comunicador","11":"tag-featured-news","12":"tag-featurednews","13":"tag-headlines","14":"tag-internacional","15":"tag-international","16":"tag-international-news","17":"tag-internationalnews","18":"tag-latest-news","19":"tag-latestnews","20":"tag-mario-urena","21":"tag-news","22":"tag-noticias","23":"tag-noticias-destacadas","24":"tag-noticiasdestacadas","25":"tag-paro-cardiaco","26":"tag-programa-de-television","27":"tag-republica-dominicana","28":"tag-sindicato-de-choferes","29":"tag-sucesos","30":"tag-titulares","31":"tag-transporte-urbano","32":"tag-ultimas-noticias","33":"tag-ultimasnoticias","34":"tag-world","35":"tag-world-news","36":"tag-worldnews"},"share_on_mastodon":{"url":"","error":"Validation failed: Text character limit of 500 exceeded"},"_links":{"self":[{"href":"https:\/\/www.europesays.com\/es\/wp-json\/wp\/v2\/posts\/271472","targetHints":{"allow":["GET"]}}],"collection":[{"href":"https:\/\/www.europesays.com\/es\/wp-json\/wp\/v2\/posts"}],"about":[{"href":"https:\/\/www.europesays.com\/es\/wp-json\/wp\/v2\/types\/post"}],"author":[{"embeddable":true,"href":"https:\/\/www.europesays.com\/es\/wp-json\/wp\/v2\/users\/2"}],"replies":[{"embeddable":true,"href":"https:\/\/www.europesays.com\/es\/wp-json\/wp\/v2\/comments?post=271472"}],"version-history":[{"count":0,"href":"https:\/\/www.europesays.com\/es\/wp-json\/wp\/v2\/posts\/271472\/revisions"}],"wp:featuredmedia":[{"embeddable":true,"href":"https:\/\/www.europesays.com\/es\/wp-json\/wp\/v2\/media\/271473"}],"wp:attachment":[{"href":"https:\/\/www.europesays.com\/es\/wp-json\/wp\/v2\/media?parent=271472"}],"wp:term":[{"taxonomy":"category","embeddable":true,"href":"https:\/\/www.europesays.com\/es\/wp-json\/wp\/v2\/categories?post=271472"},{"taxonomy":"post_tag","embeddable":true,"href":"https:\/\/www.europesays.com\/es\/wp-json\/wp\/v2\/tags?post=271472"}],"curies":[{"name":"wp","href":"https:\/\/api.w.org\/{rel}","templated":true}]}}