{"id":271474,"date":"2025-12-04T22:01:08","date_gmt":"2025-12-04T22:01:08","guid":{"rendered":"https:\/\/www.europesays.com\/es\/271474\/"},"modified":"2025-12-04T22:01:08","modified_gmt":"2025-12-04T22:01:08","slug":"la-policia-nacional-detiene-al-jefe-antidroga-de-valladolid-acusado-de-quedarse-con-alijos","status":"publish","type":"post","link":"https:\/\/www.europesays.com\/es\/271474\/","title":{"rendered":"La Polic\u00eda Nacional detiene al jefe antidroga de Valladolid, acusado de quedarse con alijos"},"content":{"rendered":"<p>  Por&amp;nbsp<a href=\"https:\/\/es.euronews.com\/perfiles\/2780\" rel=\"nofollow noopener\" target=\"_blank\">Lucia Blasco<\/a>&amp;nbsp&amp;&amp;nbsp<b>Euronews en espa\u00f1ol<\/b><\/p>\n<p>\n                    Publicado                 04\/12\/2025 &#8211; 22:50 CET<br \/>\n                \u2022Ultima actualizaci\u00f3n<br \/>\n                                     22:56\n                                        <\/p>\n<p>El jefe de la unidad de Estupefacientes de la Polic\u00eda Nacional en Valladolid, identificado como Luis F., fue detenido este jueves por agentes de Asuntos Internos <strong>acusado de quedarse con parte de los alijos de droga incautados<\/strong> en operaciones policiales, seg\u00fan confirmaron fuentes de la propia Polic\u00eda Nacional.<\/p>\n<p>La operaci\u00f3n est\u00e1 dirigida por el Juzgado de Instrucci\u00f3n n\u00famero 3 de Valladolid, que mantiene la causa bajo secreto de sumario. El arresto forma parte de una investigaci\u00f3n por <strong>presunta apropiaci\u00f3n indebida de estupefacientes que estaban bajo custodia policial,<\/strong> seg\u00fan informaron fuentes pr\u00f3ximas al caso a la agencia EFE.<\/p>\n<p>El dispositivo incluy\u00f3 registros en su domicilio, donde los agentes <strong>\u00abpusieron la casa patas arriba\u00bb<\/strong>, seg\u00fan detall\u00f3 el &#8216;Diario de Valladolid&#8217;. Aparentemente, tambi\u00e9n fueron precintadas diversas taquillas y armarios de la comisar\u00eda de Las Delicias, donde trabajaba el inspector.<\/p>\n<p>Durante el operativo fueron arrestadas al menos cuatro personas m\u00e1s, presuntamente vinculadas a la distribuci\u00f3n de droga <a href=\"https:\/\/es.euronews.com\/2024\/11\/07\/la-policia-nacional-realiza-la-mayor-incautacion-de-la-historia-en-espana-13-toneladas-de-\" rel=\"nofollow noopener\" target=\"_blank\">procedente de los decomisos<\/a>. Fuentes de la investigaci\u00f3n <a href=\"https:\/\/www.diariodevalladolid.es\/valladolid\/251204\/277557\/exclusiva-detenido-jefe-antidroga-policia-nacional-valladolid.html\" target=\"_blank\" rel=\"noreferrer nofollow noopener\">se\u00f1alan<\/a> que la detenci\u00f3n <strong>no caus\u00f3 sorpresa<\/strong> entre parte del cuerpo policial, ya que el agente exhib\u00eda \u00abun alto nivel de vida\u00bb.<\/p>\n<p>El subdelegado del Gobierno en Valladolid, <strong>Jacinto Canales,<\/strong> confirm\u00f3 la existencia de \u00abla operaci\u00f3n en curso\u00bb, pero evit\u00f3 dar m\u00e1s detalles debido al secreto de las actuaciones, seg\u00fan declaraciones <a href=\"https:\/\/www.europapress.es\/castilla-y-leon\/noticia-operacion-asuntos-internos-detener-valladolid-jefe-grupo-estupefacientes-20251204175848.html\" target=\"_blank\" rel=\"noreferrer nofollow noopener\">a la agencia Europa Press.<\/a><\/p>\n<p><strong>Las investigaciones contin\u00faan abiertas.<\/strong> Por el momento, no se han especificado las cantidades de droga que habr\u00edan sido desviadas.<\/p>\n","protected":false},"excerpt":{"rendered":"Por&amp;nbspLucia Blasco&amp;nbsp&amp;&amp;nbspEuronews en espa\u00f1ol Publicado 04\/12\/2025 &#8211; 22:50 CET \u2022Ultima actualizaci\u00f3n 22:56 El jefe de la unidad de&hellip;\n","protected":false},"author":2,"featured_media":271475,"comment_status":"","ping_status":"","sticky":false,"template":"","format":"standard","meta":{"footnotes":""},"categories":[8],"tags":[17,18,767,25,24,13,14,11,19,20,9,10,15,16,586,23,12,11740,21,22],"class_list":{"0":"post-271474","1":"post","2":"type-post","3":"status-publish","4":"format-standard","5":"has-post-thumbnail","7":"category-espana","8":"tag-breaking-news","9":"tag-breakingnews","10":"tag-corrupcion","11":"tag-es","12":"tag-espana","13":"tag-featured-news","14":"tag-featurednews","15":"tag-headlines","16":"tag-latest-news","17":"tag-latestnews","18":"tag-news","19":"tag-noticias","20":"tag-noticias-destacadas","21":"tag-noticiasdestacadas","22":"tag-policia","23":"tag-spain","24":"tag-titulares","25":"tag-trafico-de-drogas","26":"tag-ultimas-noticias","27":"tag-ultimasnoticias"},"share_on_mastodon":{"url":"https:\/\/pubeurope.com\/@es\/115663554877406595","error":""},"_links":{"self":[{"href":"https:\/\/www.europesays.com\/es\/wp-json\/wp\/v2\/posts\/271474","targetHints":{"allow":["GET"]}}],"collection":[{"href":"https:\/\/www.europesays.com\/es\/wp-json\/wp\/v2\/posts"}],"about":[{"href":"https:\/\/www.europesays.com\/es\/wp-json\/wp\/v2\/types\/post"}],"author":[{"embeddable":true,"href":"https:\/\/www.europesays.com\/es\/wp-json\/wp\/v2\/users\/2"}],"replies":[{"embeddable":true,"href":"https:\/\/www.europesays.com\/es\/wp-json\/wp\/v2\/comments?post=271474"}],"version-history":[{"count":0,"href":"https:\/\/www.europesays.com\/es\/wp-json\/wp\/v2\/posts\/271474\/revisions"}],"wp:featuredmedia":[{"embeddable":true,"href":"https:\/\/www.europesays.com\/es\/wp-json\/wp\/v2\/media\/271475"}],"wp:attachment":[{"href":"https:\/\/www.europesays.com\/es\/wp-json\/wp\/v2\/media?parent=271474"}],"wp:term":[{"taxonomy":"category","embeddable":true,"href":"https:\/\/www.europesays.com\/es\/wp-json\/wp\/v2\/categories?post=271474"},{"taxonomy":"post_tag","embeddable":true,"href":"https:\/\/www.europesays.com\/es\/wp-json\/wp\/v2\/tags?post=271474"}],"curies":[{"name":"wp","href":"https:\/\/api.w.org\/{rel}","templated":true}]}}